{"id":5961,"date":"2025-06-21T09:58:26","date_gmt":"2025-06-21T07:58:26","guid":{"rendered":"https:\/\/neuekarawane.de\/?p=5961"},"modified":"2025-06-21T10:00:33","modified_gmt":"2025-06-21T08:00:33","slug":"sommersonnenwende-mit-petra-und-matthias","status":"publish","type":"post","link":"https:\/\/neuekarawane.de\/ru\/2025\/06\/21\/sommersonnenwende-mit-petra-und-matthias\/","title":{"rendered":"\u041b\u0435\u0442\u043d\u0435\u0435 \u0441\u043e\u043b\u043d\u0446\u0435\u0441\u0442\u043e\u044f\u043d\u0438\u0435 \u0441 \u041f\u0435\u0442\u0440\u043e\u0439 \u0438 \u041c\u0430\u0442\u0438\u0430\u0441\u043e\u043c"},"content":{"rendered":"<div data-elementor-type=\"wp-post\" data-elementor-id=\"5961\" class=\"elementor elementor-5961\">\n\t\t\t\t\t\t<section class=\"elementor-section elementor-top-section elementor-element elementor-element-cb5c2b7 elementor-section-boxed elementor-section-height-default elementor-section-height-default wpr-particle-no wpr-jarallax-no wpr-parallax-no wpr-sticky-section-no wpr-equal-height-no\" data-id=\"cb5c2b7\" data-element_type=\"section\" data-e-type=\"section\">\n\t\t\t\t\t\t<div class=\"elementor-container elementor-column-gap-default\">\n\t\t\t\t\t<div class=\"elementor-column elementor-col-100 elementor-top-column elementor-element elementor-element-0f99c47\" data-id=\"0f99c47\" data-element_type=\"column\" data-e-type=\"column\">\n\t\t\t<div class=\"elementor-widget-wrap elementor-element-populated\">\n\t\t\t\t\t\t<div class=\"elementor-element elementor-element-5857cc0 elementor-widget elementor-widget-text-editor\" data-id=\"5857cc0\" data-element_type=\"widget\" data-e-type=\"widget\" data-widget_type=\"text-editor.default\">\n\t\t\t\t<div class=\"elementor-widget-container\">\n\t\t\t\t\t\t\t\t\t<p>\u041c\u044b \u0441\u0438\u0434\u0438\u043c \u043d\u0430 \u0431\u0435\u0440\u0435\u0433\u0443 \u043e\u0437\u0435\u0440\u0430, \u0438 \u043a \u043d\u0430\u043c \u043e\u0431\u0440\u0430\u0449\u0430\u044e\u0442\u0441\u044f \u043f\u043e-\u043d\u0435\u043c\u0435\u0446\u043a\u0438. \u041e\u0442\u043a\u0443\u0434\u0430 \u0438 \u043a\u0443\u0434\u0430? \u041f\u0435\u0442\u0440\u0430 \u0438 \u041c\u0430\u0442\u0438\u0430\u0441 \u043f\u0440\u0435\u0434\u0441\u0442\u0430\u0432\u043b\u044f\u044e\u0442\u0441\u044f:<br \/>2 \u0412\u0435\u043b\u044c\u0442\u0435\u043d\u0442\u0440\u043e\u0442\u0442\u0435\u0440\u0430 \u0438\u0437 \u0414\u0440\u0435\u0437\u0434\u0435\u043d\u0430, \u0436\u0438\u0432\u0443\u0442 \u0432 50 \u043a\u043c \u043e\u0442 \u043c\u043e\u0435\u0439 \u043a\u0432\u0430\u0440\u0442\u0438\u0440\u044b \u0434\u043e\u043c\u0430 \u0432 \u0413\u0435\u0440\u043c\u0430\u043d\u0438\u044f. \u0421 2015 \u0433\u043e\u0434\u0430 \u043f\u043e\u0447\u0442\u0438 \u043d\u0435\u043f\u0440\u0435\u0440\u044b\u0432\u043d\u043e \u043d\u0430 \u041e\u0441\u0438 \u0432 \u0431\u0435\u0441\u0447\u0438\u0441\u043b\u0435\u043d\u043d\u044b\u0445 \u0441\u0442\u0440\u0430\u043d\u0430\u0445 \u043f\u043e \u0432\u0441\u0435\u0439 \u043f\u043b\u0430\u043d\u0435\u0442\u0435. \u0421\u043d\u0430\u0447\u0430\u043b\u0430 \u0431\u043e\u043b\u044c\u0448\u0443\u044e \u0447\u0430\u0441\u0442\u044c \u043b\u0435\u0442 \u043d\u0430 \u0432\u0435\u043b\u043e\u0441\u0438\u043f\u0435\u0434\u0435, \u0441 \u043e\u043a. 5 \u043b\u0435\u0442 \u043d\u0430 \u0441\u0430\u043c\u043e\u0434\u0435\u043b\u044c\u043d\u043e\u043c Ford Transit.<\/p>\t\t\t\t\t\t\t\t<\/div>\n\t\t\t\t<\/div>\n\t\t\t\t<div class=\"elementor-element elementor-element-41f2e23 elementor-widget elementor-widget-image-gallery\" data-id=\"41f2e23\" data-element_type=\"widget\" data-e-type=\"widget\" data-widget_type=\"image-gallery.default\">\n\t\t\t\t<div class=\"elementor-widget-container\">\n\t\t\t\t\t\t\t<div class=\"elementor-image-gallery\">\n\t\t\t<div id='gallery-1' class='gallery galleryid-5961 gallery-columns-3 gallery-size-medium'><figure class='gallery-item'>\n\t\t\t<div class='gallery-icon landscape'>\n\t\t\t\t<a data-elementor-open-lightbox=\"yes\" data-elementor-lightbox-slideshow=\"41f2e23\" data-elementor-lightbox-title=\"04:40 Uhr\" data-e-action-hash=\"#elementor-action%3Aaction%3Dlightbox%26settings%3DeyJpZCI6NTk4MiwidXJsIjoiaHR0cHM6XC9cL25ldWVrYXJhd2FuZS5kZVwvd3AtY29udGVudFwvdXBsb2Fkc1wvMjAyNVwvMDZcLzA0NDAtVWhyLmpwZyIsInNsaWRlc2hvdyI6IjQxZjJlMjMifQ%3D%3D\" href='https:\/\/neuekarawane.de\/wp-content\/uploads\/2025\/06\/0440-Uhr.jpg'><img fetchpriority=\"high\" decoding=\"async\" width=\"300\" height=\"300\" src=\"https:\/\/neuekarawane.de\/wp-content\/uploads\/2025\/06\/0440-Uhr-300x300.jpg\" class=\"attachment-medium size-medium\" alt=\"04:40 Uhr\" aria-describedby=\"gallery-1-5982\" srcset=\"https:\/\/neuekarawane.de\/wp-content\/uploads\/2025\/06\/0440-Uhr-300x300.jpg 300w, https:\/\/neuekarawane.de\/wp-content\/uploads\/2025\/06\/0440-Uhr-1024x1024.jpg 1024w, https:\/\/neuekarawane.de\/wp-content\/uploads\/2025\/06\/0440-Uhr-150x150.jpg 150w, https:\/\/neuekarawane.de\/wp-content\/uploads\/2025\/06\/0440-Uhr-768x768.jpg 768w, https:\/\/neuekarawane.de\/wp-content\/uploads\/2025\/06\/0440-Uhr-12x12.jpg 12w, https:\/\/neuekarawane.de\/wp-content\/uploads\/2025\/06\/0440-Uhr.jpg 1280w\" sizes=\"(max-width: 300px) 100vw, 300px\" \/><\/a>\n\t\t\t<\/div>\n\t\t\t\t<figcaption class='wp-caption-text gallery-caption' id='gallery-1-5982'>\n\t\t\t\t22:04 \u043d\u0430\u0447\u0430\u043b\u0441\u044f \u0441\u0430\u043c\u044b\u0439 \u0434\u043b\u0438\u043d\u043d\u044b\u0439 \u0434\u0435\u043d\u044c\n\t\t\t\t<\/figcaption><\/figure><figure class='gallery-item'>\n\t\t\t<div class='gallery-icon landscape'>\n\t\t\t\t<a data-elementor-open-lightbox=\"yes\" data-elementor-lightbox-slideshow=\"41f2e23\" data-elementor-lightbox-title=\"22:04 Uhr der l\u00e4ngste Tag hat begonnen\" data-e-action-hash=\"#elementor-action%3Aaction%3Dlightbox%26settings%3DeyJpZCI6NTk3NSwidXJsIjoiaHR0cHM6XC9cL25ldWVrYXJhd2FuZS5kZVwvd3AtY29udGVudFwvdXBsb2Fkc1wvMjAyNVwvMDZcLzIyMDQtVWhyLWRlci1sYWVuZ3N0ZS1UYWctaGF0LWJlZ29ubmVuLmpwZyIsInNsaWRlc2hvdyI6IjQxZjJlMjMifQ%3D%3D\" href='https:\/\/neuekarawane.de\/wp-content\/uploads\/2025\/06\/2204-Uhr-der-laengste-Tag-hat-begonnen.jpg'><img decoding=\"async\" width=\"300\" height=\"300\" src=\"https:\/\/neuekarawane.de\/wp-content\/uploads\/2025\/06\/2204-Uhr-der-laengste-Tag-hat-begonnen-300x300.jpg\" class=\"attachment-medium size-medium\" alt=\"22:04 Uhr der l\u00e4ngste Tag hat begonnen\" aria-describedby=\"gallery-1-5975\" srcset=\"https:\/\/neuekarawane.de\/wp-content\/uploads\/2025\/06\/2204-Uhr-der-laengste-Tag-hat-begonnen-300x300.jpg 300w, https:\/\/neuekarawane.de\/wp-content\/uploads\/2025\/06\/2204-Uhr-der-laengste-Tag-hat-begonnen-1024x1024.jpg 1024w, https:\/\/neuekarawane.de\/wp-content\/uploads\/2025\/06\/2204-Uhr-der-laengste-Tag-hat-begonnen-150x150.jpg 150w, https:\/\/neuekarawane.de\/wp-content\/uploads\/2025\/06\/2204-Uhr-der-laengste-Tag-hat-begonnen-768x768.jpg 768w, https:\/\/neuekarawane.de\/wp-content\/uploads\/2025\/06\/2204-Uhr-der-laengste-Tag-hat-begonnen-12x12.jpg 12w, https:\/\/neuekarawane.de\/wp-content\/uploads\/2025\/06\/2204-Uhr-der-laengste-Tag-hat-begonnen.jpg 1280w\" sizes=\"(max-width: 300px) 100vw, 300px\" \/><\/a>\n\t\t\t<\/div>\n\t\t\t\t<figcaption class='wp-caption-text gallery-caption' id='gallery-1-5975'>\n\t\t\t\t04:40\n\t\t\t\t<\/figcaption><\/figure><figure class='gallery-item'>\n\t\t\t<div class='gallery-icon landscape'>\n\t\t\t\t<a data-elementor-open-lightbox=\"yes\" data-elementor-lightbox-slideshow=\"41f2e23\" data-elementor-lightbox-title=\"wir und der See\" data-e-action-hash=\"#elementor-action%3Aaction%3Dlightbox%26settings%3DeyJpZCI6NTk3NiwidXJsIjoiaHR0cHM6XC9cL25ldWVrYXJhd2FuZS5kZVwvd3AtY29udGVudFwvdXBsb2Fkc1wvMjAyNVwvMDZcL3dpci11bmQtZGVyLVNlZS5qcGciLCJzbGlkZXNob3ciOiI0MWYyZTIzIn0%3D\" href='https:\/\/neuekarawane.de\/wp-content\/uploads\/2025\/06\/wir-und-der-See.jpg'><img decoding=\"async\" width=\"300\" height=\"300\" src=\"https:\/\/neuekarawane.de\/wp-content\/uploads\/2025\/06\/wir-und-der-See-300x300.jpg\" class=\"attachment-medium size-medium\" alt=\"wir und der See\" aria-describedby=\"gallery-1-5976\" srcset=\"https:\/\/neuekarawane.de\/wp-content\/uploads\/2025\/06\/wir-und-der-See-300x300.jpg 300w, https:\/\/neuekarawane.de\/wp-content\/uploads\/2025\/06\/wir-und-der-See-1024x1024.jpg 1024w, https:\/\/neuekarawane.de\/wp-content\/uploads\/2025\/06\/wir-und-der-See-150x150.jpg 150w, https:\/\/neuekarawane.de\/wp-content\/uploads\/2025\/06\/wir-und-der-See-768x768.jpg 768w, https:\/\/neuekarawane.de\/wp-content\/uploads\/2025\/06\/wir-und-der-See-12x12.jpg 12w, https:\/\/neuekarawane.de\/wp-content\/uploads\/2025\/06\/wir-und-der-See.jpg 1280w\" sizes=\"(max-width: 300px) 100vw, 300px\" \/><\/a>\n\t\t\t<\/div>\n\t\t\t\t<figcaption class='wp-caption-text gallery-caption' id='gallery-1-5976'>\n\t\t\t\t\u043c\u044b \u0438 \u043e\u0437\u0435\u0440\u043e\n\t\t\t\t<\/figcaption><\/figure>\n\t\t<\/div>\n\t\t<\/div>\n\t\t\t\t\t\t<\/div>\n\t\t\t\t<\/div>\n\t\t\t\t<div class=\"elementor-element elementor-element-fd4ce67 elementor-widget elementor-widget-text-editor\" data-id=\"fd4ce67\" data-element_type=\"widget\" data-e-type=\"widget\" data-widget_type=\"text-editor.default\">\n\t\t\t\t<div class=\"elementor-widget-container\">\n\t\t\t\t\t\t\t\t\t<p>Na, das gab ein ziemlich gro\u00dfes Hallo. Viele Stunden Gespr\u00e4chsstoff. Damit war der zweite Teil des Tages und der Abend und schlie\u00dflich auch noch die Zeit des Fr\u00fchst\u00fccks ausgef\u00fcllt. Sie waren schon in dem Teil des Baikalsees wo wir noch hin wollen und nun gibt es neue Karten-Markierungen.<\/p>\t\t\t\t\t\t\t\t<\/div>\n\t\t\t\t<\/div>\n\t\t\t\t<div class=\"elementor-element elementor-element-bd895cc elementor-widget elementor-widget-image-gallery\" data-id=\"bd895cc\" data-element_type=\"widget\" data-e-type=\"widget\" data-widget_type=\"image-gallery.default\">\n\t\t\t\t<div class=\"elementor-widget-container\">\n\t\t\t\t\t\t\t<div class=\"elementor-image-gallery\">\n\t\t\t<div id='gallery-2' class='gallery galleryid-5961 gallery-columns-3 gallery-size-medium'><figure class='gallery-item'>\n\t\t\t<div class='gallery-icon landscape'>\n\t\t\t\t<a data-elementor-open-lightbox=\"yes\" data-elementor-lightbox-slideshow=\"bd895cc\" data-elementor-lightbox-title=\"Petra und Natascha im Caf\u00e9\" data-e-action-hash=\"#elementor-action%3Aaction%3Dlightbox%26settings%3DeyJpZCI6NTk3OSwidXJsIjoiaHR0cHM6XC9cL25ldWVrYXJhd2FuZS5kZVwvd3AtY29udGVudFwvdXBsb2Fkc1wvMjAyNVwvMDZcL1BldHJhLXVuZC1OYXRhc2NoYS1pbS1DYWZlLmpwZyIsInNsaWRlc2hvdyI6ImJkODk1Y2MifQ%3D%3D\" href='https:\/\/neuekarawane.de\/wp-content\/uploads\/2025\/06\/Petra-und-Natascha-im-Cafe.jpg'><img loading=\"lazy\" decoding=\"async\" width=\"300\" height=\"300\" src=\"https:\/\/neuekarawane.de\/wp-content\/uploads\/2025\/06\/Petra-und-Natascha-im-Cafe-300x300.jpg\" class=\"attachment-medium size-medium\" alt=\"Petra und Natascha im Caf\u00e9\" aria-describedby=\"gallery-2-5979\" srcset=\"https:\/\/neuekarawane.de\/wp-content\/uploads\/2025\/06\/Petra-und-Natascha-im-Cafe-300x300.jpg 300w, https:\/\/neuekarawane.de\/wp-content\/uploads\/2025\/06\/Petra-und-Natascha-im-Cafe-1024x1024.jpg 1024w, https:\/\/neuekarawane.de\/wp-content\/uploads\/2025\/06\/Petra-und-Natascha-im-Cafe-150x150.jpg 150w, https:\/\/neuekarawane.de\/wp-content\/uploads\/2025\/06\/Petra-und-Natascha-im-Cafe-768x768.jpg 768w, https:\/\/neuekarawane.de\/wp-content\/uploads\/2025\/06\/Petra-und-Natascha-im-Cafe-12x12.jpg 12w, https:\/\/neuekarawane.de\/wp-content\/uploads\/2025\/06\/Petra-und-Natascha-im-Cafe.jpg 1280w\" sizes=\"(max-width: 300px) 100vw, 300px\" \/><\/a>\n\t\t\t<\/div>\n\t\t\t\t<figcaption class='wp-caption-text gallery-caption' id='gallery-2-5979'>\n\t\t\t\t\u041f\u0435\u0442\u0440\u0430 \u0438 \u041d\u0430\u0442\u0430\u0448\u0430 \u0432 \u043a\u0430\u0444\u0435\n\t\t\t\t<\/figcaption><\/figure><figure class='gallery-item'>\n\t\t\t<div class='gallery-icon landscape'>\n\t\t\t\t<a data-elementor-open-lightbox=\"yes\" data-elementor-lightbox-slideshow=\"bd895cc\" data-elementor-lightbox-title=\"wir tauschen Standpl\u00e4tze aus\" data-e-action-hash=\"#elementor-action%3Aaction%3Dlightbox%26settings%3DeyJpZCI6NTk3OCwidXJsIjoiaHR0cHM6XC9cL25ldWVrYXJhd2FuZS5kZVwvd3AtY29udGVudFwvdXBsb2Fkc1wvMjAyNVwvMDZcL3dpci10YXVzY2hlbi1TdGFuZHBsYWV0emUtYXVzLmpwZyIsInNsaWRlc2hvdyI6ImJkODk1Y2MifQ%3D%3D\" href='https:\/\/neuekarawane.de\/wp-content\/uploads\/2025\/06\/wir-tauschen-Standplaetze-aus.jpg'><img loading=\"lazy\" decoding=\"async\" width=\"300\" height=\"300\" src=\"https:\/\/neuekarawane.de\/wp-content\/uploads\/2025\/06\/wir-tauschen-Standplaetze-aus-300x300.jpg\" class=\"attachment-medium size-medium\" alt=\"wir tauschen Standpl\u00e4tze aus\" aria-describedby=\"gallery-2-5978\" srcset=\"https:\/\/neuekarawane.de\/wp-content\/uploads\/2025\/06\/wir-tauschen-Standplaetze-aus-300x300.jpg 300w, https:\/\/neuekarawane.de\/wp-content\/uploads\/2025\/06\/wir-tauschen-Standplaetze-aus-1024x1024.jpg 1024w, https:\/\/neuekarawane.de\/wp-content\/uploads\/2025\/06\/wir-tauschen-Standplaetze-aus-150x150.jpg 150w, https:\/\/neuekarawane.de\/wp-content\/uploads\/2025\/06\/wir-tauschen-Standplaetze-aus-768x768.jpg 768w, https:\/\/neuekarawane.de\/wp-content\/uploads\/2025\/06\/wir-tauschen-Standplaetze-aus-12x12.jpg 12w, https:\/\/neuekarawane.de\/wp-content\/uploads\/2025\/06\/wir-tauschen-Standplaetze-aus.jpg 1280w\" sizes=\"(max-width: 300px) 100vw, 300px\" \/><\/a>\n\t\t\t<\/div>\n\t\t\t\t<figcaption class='wp-caption-text gallery-caption' id='gallery-2-5978'>\n\t\t\t\t\u043c\u044b \u043c\u0435\u043d\u044f\u0435\u043c\u0441\u044f \u043c\u0435\u0441\u0442\u0430\u043c\u0438 \u043d\u0430 \u0442\u0440\u0438\u0431\u0443\u043d\u0430\u0445\n\t\t\t\t<\/figcaption><\/figure><figure class='gallery-item'>\n\t\t\t<div class='gallery-icon landscape'>\n\t\t\t\t<a data-elementor-open-lightbox=\"yes\" data-elementor-lightbox-slideshow=\"bd895cc\" data-elementor-lightbox-title=\"2 junge K\u00e4tzchen beobachten uns von oben\" data-e-action-hash=\"#elementor-action%3Aaction%3Dlightbox%26settings%3DeyJpZCI6NTk3NywidXJsIjoiaHR0cHM6XC9cL25ldWVrYXJhd2FuZS5kZVwvd3AtY29udGVudFwvdXBsb2Fkc1wvMjAyNVwvMDZcLzItanVuZ2UtS2FldHpjaGVuLWJlb2JhY2h0ZW4tdW5zLXZvbi1vYmVuLmpwZyIsInNsaWRlc2hvdyI6ImJkODk1Y2MifQ%3D%3D\" href='https:\/\/neuekarawane.de\/wp-content\/uploads\/2025\/06\/2-junge-Kaetzchen-beobachten-uns-von-oben.jpg'><img loading=\"lazy\" decoding=\"async\" width=\"300\" height=\"300\" src=\"https:\/\/neuekarawane.de\/wp-content\/uploads\/2025\/06\/2-junge-Kaetzchen-beobachten-uns-von-oben-300x300.jpg\" class=\"attachment-medium size-medium\" alt=\"2 junge K\u00e4tzchen beobachten uns von oben\" aria-describedby=\"gallery-2-5977\" srcset=\"https:\/\/neuekarawane.de\/wp-content\/uploads\/2025\/06\/2-junge-Kaetzchen-beobachten-uns-von-oben-300x300.jpg 300w, https:\/\/neuekarawane.de\/wp-content\/uploads\/2025\/06\/2-junge-Kaetzchen-beobachten-uns-von-oben-1024x1024.jpg 1024w, https:\/\/neuekarawane.de\/wp-content\/uploads\/2025\/06\/2-junge-Kaetzchen-beobachten-uns-von-oben-150x150.jpg 150w, https:\/\/neuekarawane.de\/wp-content\/uploads\/2025\/06\/2-junge-Kaetzchen-beobachten-uns-von-oben-768x768.jpg 768w, https:\/\/neuekarawane.de\/wp-content\/uploads\/2025\/06\/2-junge-Kaetzchen-beobachten-uns-von-oben-12x12.jpg 12w, https:\/\/neuekarawane.de\/wp-content\/uploads\/2025\/06\/2-junge-Kaetzchen-beobachten-uns-von-oben.jpg 1280w\" sizes=\"(max-width: 300px) 100vw, 300px\" \/><\/a>\n\t\t\t<\/div>\n\t\t\t\t<figcaption class='wp-caption-text gallery-caption' id='gallery-2-5977'>\n\t\t\t\t2 \u043c\u043e\u043b\u043e\u0434\u044b\u0445 \u043a\u043e\u0442\u0435\u043d\u043a\u0430 \u043d\u0430\u0431\u043b\u044e\u0434\u0430\u044e\u0442 \u0437\u0430 \u043d\u0430\u043c\u0438 \u0441\u0432\u0435\u0440\u0445\u0443\n\t\t\t\t<\/figcaption><\/figure>\n\t\t<\/div>\n\t\t<\/div>\n\t\t\t\t\t\t<\/div>\n\t\t\t\t<\/div>\n\t\t\t\t<div class=\"elementor-element elementor-element-3650674 elementor-widget elementor-widget-text-editor\" data-id=\"3650674\" data-element_type=\"widget\" data-e-type=\"widget\" data-widget_type=\"text-editor.default\">\n\t\t\t\t<div class=\"elementor-widget-container\">\n\t\t\t\t\t\t\t\t\t<p>PS .: \u0418\u0437 \u0441\u0432\u043e\u0438\u0445 \u043f\u043e\u0435\u0437\u0434\u043e\u043a \u043d\u0430 \u0432\u0435\u043b\u043e\u0441\u0438\u043f\u0435\u0434\u0435 \u043e\u043d\u0438 \u0441\u043e\u043e\u0431\u0449\u0430\u044e\u0442 \u043e: www.weltentrotter ru, \u043d\u043e \u0432 \u043f\u043e\u0441\u043b\u0435\u0434\u043d\u0438\u0435 \u0433\u043e\u0434\u044b \u043e \u0442\u0435\u0445, \u043a\u0442\u043e \u043e\u0431\u0441\u0443\u0436\u0434\u0430\u0435\u0442 Instagram \u0438 Facebook, \u043a\u0430\u043a \u043e \u043f\u0443\u0442\u0435\u0448\u0435\u0441\u0442\u0432\u0435\u043d\u043d\u0438\u043a\u0430\u0445 \u043f\u043e \u043c\u0438\u0440\u0443<\/p>\t\t\t\t\t\t\t\t<\/div>\n\t\t\t\t<\/div>\n\t\t\t\t<div class=\"elementor-element elementor-element-bb9f1a7 elementor-widget elementor-widget-image-gallery\" data-id=\"bb9f1a7\" data-element_type=\"widget\" data-e-type=\"widget\" data-widget_type=\"image-gallery.default\">\n\t\t\t\t<div class=\"elementor-widget-container\">\n\t\t\t\t\t\t\t<div class=\"elementor-image-gallery\">\n\t\t\t<div id='gallery-3' class='gallery galleryid-5961 gallery-columns-3 gallery-size-medium'><figure class='gallery-item'>\n\t\t\t<div class='gallery-icon landscape'>\n\t\t\t\t<a data-elementor-open-lightbox=\"yes\" data-elementor-lightbox-slideshow=\"bb9f1a7\" data-elementor-lightbox-title=\"abends bei uns zum Tee\" data-e-action-hash=\"#elementor-action%3Aaction%3Dlightbox%26settings%3DeyJpZCI6NTk4MSwidXJsIjoiaHR0cHM6XC9cL25ldWVrYXJhd2FuZS5kZVwvd3AtY29udGVudFwvdXBsb2Fkc1wvMjAyNVwvMDZcL2FiZW5kcy1iZWktdW5zLXp1bS1UZWUuanBnIiwic2xpZGVzaG93IjoiYmI5ZjFhNyJ9\" href='https:\/\/neuekarawane.de\/wp-content\/uploads\/2025\/06\/abends-bei-uns-zum-Tee.jpg'><img loading=\"lazy\" decoding=\"async\" width=\"300\" height=\"300\" src=\"https:\/\/neuekarawane.de\/wp-content\/uploads\/2025\/06\/abends-bei-uns-zum-Tee-300x300.jpg\" class=\"attachment-medium size-medium\" alt=\"abends bei uns zum Tee\" aria-describedby=\"gallery-3-5981\" srcset=\"https:\/\/neuekarawane.de\/wp-content\/uploads\/2025\/06\/abends-bei-uns-zum-Tee-300x300.jpg 300w, https:\/\/neuekarawane.de\/wp-content\/uploads\/2025\/06\/abends-bei-uns-zum-Tee-1024x1024.jpg 1024w, https:\/\/neuekarawane.de\/wp-content\/uploads\/2025\/06\/abends-bei-uns-zum-Tee-150x150.jpg 150w, https:\/\/neuekarawane.de\/wp-content\/uploads\/2025\/06\/abends-bei-uns-zum-Tee-768x768.jpg 768w, https:\/\/neuekarawane.de\/wp-content\/uploads\/2025\/06\/abends-bei-uns-zum-Tee-12x12.jpg 12w, https:\/\/neuekarawane.de\/wp-content\/uploads\/2025\/06\/abends-bei-uns-zum-Tee.jpg 1280w\" sizes=\"(max-width: 300px) 100vw, 300px\" \/><\/a>\n\t\t\t<\/div>\n\t\t\t\t<figcaption class='wp-caption-text gallery-caption' id='gallery-3-5981'>\n\t\t\t\t\u0432\u0435\u0447\u0435\u0440\u043e\u043c \u043a \u043d\u0430\u043c \u043d\u0430 \u0447\u0430\u0439\n\t\t\t\t<\/figcaption><\/figure><figure class='gallery-item'>\n\t\t\t<div class='gallery-icon landscape'>\n\t\t\t\t<a data-elementor-open-lightbox=\"yes\" data-elementor-lightbox-slideshow=\"bb9f1a7\" data-elementor-lightbox-title=\"Baikal-Omul ger\u00e4uchert\" data-e-action-hash=\"#elementor-action%3Aaction%3Dlightbox%26settings%3DeyJpZCI6NTk4NCwidXJsIjoiaHR0cHM6XC9cL25ldWVrYXJhd2FuZS5kZVwvd3AtY29udGVudFwvdXBsb2Fkc1wvMjAyNVwvMDZcL0JhaWthbC1PbXVsLWdlcmFldWNoZXJ0LmpwZyIsInNsaWRlc2hvdyI6ImJiOWYxYTcifQ%3D%3D\" href='https:\/\/neuekarawane.de\/wp-content\/uploads\/2025\/06\/Baikal-Omul-geraeuchert.jpg'><img loading=\"lazy\" decoding=\"async\" width=\"300\" height=\"300\" src=\"https:\/\/neuekarawane.de\/wp-content\/uploads\/2025\/06\/Baikal-Omul-geraeuchert-300x300.jpg\" class=\"attachment-medium size-medium\" alt=\"Baikal-Omul ger\u00e4uchert\" aria-describedby=\"gallery-3-5984\" srcset=\"https:\/\/neuekarawane.de\/wp-content\/uploads\/2025\/06\/Baikal-Omul-geraeuchert-300x300.jpg 300w, https:\/\/neuekarawane.de\/wp-content\/uploads\/2025\/06\/Baikal-Omul-geraeuchert-1024x1024.jpg 1024w, https:\/\/neuekarawane.de\/wp-content\/uploads\/2025\/06\/Baikal-Omul-geraeuchert-150x150.jpg 150w, https:\/\/neuekarawane.de\/wp-content\/uploads\/2025\/06\/Baikal-Omul-geraeuchert-768x768.jpg 768w, https:\/\/neuekarawane.de\/wp-content\/uploads\/2025\/06\/Baikal-Omul-geraeuchert-12x12.jpg 12w, https:\/\/neuekarawane.de\/wp-content\/uploads\/2025\/06\/Baikal-Omul-geraeuchert.jpg 1280w\" sizes=\"(max-width: 300px) 100vw, 300px\" \/><\/a>\n\t\t\t<\/div>\n\t\t\t\t<figcaption class='wp-caption-text gallery-caption' id='gallery-3-5984'>\n\t\t\t\t\u041a\u043e\u043f\u0447\u0435\u043d\u044b\u0439 \u0431\u0430\u0439\u043a\u0430\u043b\u044c\u0441\u043a\u0438\u0439 \u043e\u043c\u0443\u043b\u044c\n\t\t\t\t<\/figcaption><\/figure><figure class='gallery-item'>\n\t\t\t<div class='gallery-icon landscape'>\n\t\t\t\t<a data-elementor-open-lightbox=\"yes\" data-elementor-lightbox-slideshow=\"bb9f1a7\" data-elementor-lightbox-title=\"beim Fr\u00fchst\u00fcck\" data-e-action-hash=\"#elementor-action%3Aaction%3Dlightbox%26settings%3DeyJpZCI6NTk4MywidXJsIjoiaHR0cHM6XC9cL25ldWVrYXJhd2FuZS5kZVwvd3AtY29udGVudFwvdXBsb2Fkc1wvMjAyNVwvMDZcL2JlaW0tRnJ1ZWhzdHVlY2suanBnIiwic2xpZGVzaG93IjoiYmI5ZjFhNyJ9\" href='https:\/\/neuekarawane.de\/wp-content\/uploads\/2025\/06\/beim-Fruehstueck.jpg'><img loading=\"lazy\" decoding=\"async\" width=\"300\" height=\"300\" src=\"https:\/\/neuekarawane.de\/wp-content\/uploads\/2025\/06\/beim-Fruehstueck-300x300.jpg\" class=\"attachment-medium size-medium\" alt=\"beim Fr\u00fchst\u00fcck\" aria-describedby=\"gallery-3-5983\" srcset=\"https:\/\/neuekarawane.de\/wp-content\/uploads\/2025\/06\/beim-Fruehstueck-300x300.jpg 300w, https:\/\/neuekarawane.de\/wp-content\/uploads\/2025\/06\/beim-Fruehstueck-1024x1024.jpg 1024w, https:\/\/neuekarawane.de\/wp-content\/uploads\/2025\/06\/beim-Fruehstueck-150x150.jpg 150w, https:\/\/neuekarawane.de\/wp-content\/uploads\/2025\/06\/beim-Fruehstueck-768x768.jpg 768w, https:\/\/neuekarawane.de\/wp-content\/uploads\/2025\/06\/beim-Fruehstueck-12x12.jpg 12w, https:\/\/neuekarawane.de\/wp-content\/uploads\/2025\/06\/beim-Fruehstueck.jpg 1280w\" sizes=\"(max-width: 300px) 100vw, 300px\" \/><\/a>\n\t\t\t<\/div>\n\t\t\t\t<figcaption class='wp-caption-text gallery-caption' id='gallery-3-5983'>\n\t\t\t\t\u0437\u0430 \u0437\u0430\u0432\u0442\u0440\u0430\u043a\u043e\u043c\n\t\t\t\t<\/figcaption><\/figure>\n\t\t<\/div>\n\t\t<\/div>\n\t\t\t\t\t\t<\/div>\n\t\t\t\t<\/div>\n\t\t\t\t<div class=\"elementor-element elementor-element-e38f687 elementor-widget elementor-widget-image-gallery\" data-id=\"e38f687\" data-element_type=\"widget\" data-e-type=\"widget\" data-widget_type=\"image-gallery.default\">\n\t\t\t\t<div class=\"elementor-widget-container\">\n\t\t\t\t\t\t\t<div class=\"elementor-image-gallery\">\n\t\t\t<div id='gallery-4' class='gallery galleryid-5961 gallery-columns-3 gallery-size-medium'><figure class='gallery-item'>\n\t\t\t<div class='gallery-icon landscape'>\n\t\t\t\t<a data-elementor-open-lightbox=\"yes\" data-elementor-lightbox-slideshow=\"e38f687\" data-elementor-lightbox-title=\"ein Blick in die Wohnung\" data-e-action-hash=\"#elementor-action%3Aaction%3Dlightbox%26settings%3DeyJpZCI6NTk4NSwidXJsIjoiaHR0cHM6XC9cL25ldWVrYXJhd2FuZS5kZVwvd3AtY29udGVudFwvdXBsb2Fkc1wvMjAyNVwvMDZcL2Vpbi1CbGljay1pbi1kaWUtV29obnVuZy5qcGciLCJzbGlkZXNob3ciOiJlMzhmNjg3In0%3D\" href='https:\/\/neuekarawane.de\/wp-content\/uploads\/2025\/06\/ein-Blick-in-die-Wohnung.jpg'><img loading=\"lazy\" decoding=\"async\" width=\"300\" height=\"300\" src=\"https:\/\/neuekarawane.de\/wp-content\/uploads\/2025\/06\/ein-Blick-in-die-Wohnung-300x300.jpg\" class=\"attachment-medium size-medium\" alt=\"ein Blick in die Wohnung\" aria-describedby=\"gallery-4-5985\" srcset=\"https:\/\/neuekarawane.de\/wp-content\/uploads\/2025\/06\/ein-Blick-in-die-Wohnung-300x300.jpg 300w, https:\/\/neuekarawane.de\/wp-content\/uploads\/2025\/06\/ein-Blick-in-die-Wohnung-1024x1024.jpg 1024w, https:\/\/neuekarawane.de\/wp-content\/uploads\/2025\/06\/ein-Blick-in-die-Wohnung-150x150.jpg 150w, https:\/\/neuekarawane.de\/wp-content\/uploads\/2025\/06\/ein-Blick-in-die-Wohnung-768x768.jpg 768w, https:\/\/neuekarawane.de\/wp-content\/uploads\/2025\/06\/ein-Blick-in-die-Wohnung-12x12.jpg 12w, https:\/\/neuekarawane.de\/wp-content\/uploads\/2025\/06\/ein-Blick-in-die-Wohnung.jpg 1280w\" sizes=\"(max-width: 300px) 100vw, 300px\" \/><\/a>\n\t\t\t<\/div>\n\t\t\t\t<figcaption class='wp-caption-text gallery-caption' id='gallery-4-5985'>\n\t\t\t\t\u0432\u0437\u0433\u043b\u044f\u0434 \u043d\u0430 \u0438\u0445 \u043a\u0432\u0430\u0440\u0442\u0438\u0440\u0443\n\t\t\t\t<\/figcaption><\/figure><figure class='gallery-item'>\n\t\t\t<div class='gallery-icon landscape'>\n\t\t\t\t<a data-elementor-open-lightbox=\"yes\" data-elementor-lightbox-slideshow=\"e38f687\" data-elementor-lightbox-title=\"Abschied\" data-e-action-hash=\"#elementor-action%3Aaction%3Dlightbox%26settings%3DeyJpZCI6NTk4NiwidXJsIjoiaHR0cHM6XC9cL25ldWVrYXJhd2FuZS5kZVwvd3AtY29udGVudFwvdXBsb2Fkc1wvMjAyNVwvMDZcL0Fic2NoaWVkLmpwZyIsInNsaWRlc2hvdyI6ImUzOGY2ODcifQ%3D%3D\" href='https:\/\/neuekarawane.de\/wp-content\/uploads\/2025\/06\/Abschied.jpg'><img loading=\"lazy\" decoding=\"async\" width=\"300\" height=\"300\" src=\"https:\/\/neuekarawane.de\/wp-content\/uploads\/2025\/06\/Abschied-300x300.jpg\" class=\"attachment-medium size-medium\" alt=\"Abschied\" aria-describedby=\"gallery-4-5986\" srcset=\"https:\/\/neuekarawane.de\/wp-content\/uploads\/2025\/06\/Abschied-300x300.jpg 300w, https:\/\/neuekarawane.de\/wp-content\/uploads\/2025\/06\/Abschied-1024x1024.jpg 1024w, https:\/\/neuekarawane.de\/wp-content\/uploads\/2025\/06\/Abschied-150x150.jpg 150w, https:\/\/neuekarawane.de\/wp-content\/uploads\/2025\/06\/Abschied-768x768.jpg 768w, https:\/\/neuekarawane.de\/wp-content\/uploads\/2025\/06\/Abschied-12x12.jpg 12w, https:\/\/neuekarawane.de\/wp-content\/uploads\/2025\/06\/Abschied.jpg 1280w\" sizes=\"(max-width: 300px) 100vw, 300px\" \/><\/a>\n\t\t\t<\/div>\n\t\t\t\t<figcaption class='wp-caption-text gallery-caption' id='gallery-4-5986'>\n\t\t\t\t\u041f\u0440\u043e\u0449\u0430\u043d\u0438\u0435\n\t\t\t\t<\/figcaption><\/figure><figure class='gallery-item'>\n\t\t\t<div class='gallery-icon landscape'>\n\t\t\t\t<a data-elementor-open-lightbox=\"yes\" data-elementor-lightbox-slideshow=\"e38f687\" data-elementor-lightbox-title=\"21:34 Uhr der l\u00e4ngste Tag ist zu Ende\" data-e-action-hash=\"#elementor-action%3Aaction%3Dlightbox%26settings%3DeyJpZCI6NTk4MCwidXJsIjoiaHR0cHM6XC9cL25ldWVrYXJhd2FuZS5kZVwvd3AtY29udGVudFwvdXBsb2Fkc1wvMjAyNVwvMDZcLzIxMzQtVWhyLWRlci1sYWVuZ3N0ZS1UYWctaXN0LXp1LUVuZGUuanBnIiwic2xpZGVzaG93IjoiZTM4ZjY4NyJ9\" href='https:\/\/neuekarawane.de\/wp-content\/uploads\/2025\/06\/2134-Uhr-der-laengste-Tag-ist-zu-Ende.jpg'><img loading=\"lazy\" decoding=\"async\" width=\"300\" height=\"300\" src=\"https:\/\/neuekarawane.de\/wp-content\/uploads\/2025\/06\/2134-Uhr-der-laengste-Tag-ist-zu-Ende-300x300.jpg\" class=\"attachment-medium size-medium\" alt=\"21:34 Uhr der l\u00e4ngste Tag ist zu Ende\" aria-describedby=\"gallery-4-5980\" srcset=\"https:\/\/neuekarawane.de\/wp-content\/uploads\/2025\/06\/2134-Uhr-der-laengste-Tag-ist-zu-Ende-300x300.jpg 300w, https:\/\/neuekarawane.de\/wp-content\/uploads\/2025\/06\/2134-Uhr-der-laengste-Tag-ist-zu-Ende-1024x1024.jpg 1024w, https:\/\/neuekarawane.de\/wp-content\/uploads\/2025\/06\/2134-Uhr-der-laengste-Tag-ist-zu-Ende-150x150.jpg 150w, https:\/\/neuekarawane.de\/wp-content\/uploads\/2025\/06\/2134-Uhr-der-laengste-Tag-ist-zu-Ende-768x768.jpg 768w, https:\/\/neuekarawane.de\/wp-content\/uploads\/2025\/06\/2134-Uhr-der-laengste-Tag-ist-zu-Ende-12x12.jpg 12w, https:\/\/neuekarawane.de\/wp-content\/uploads\/2025\/06\/2134-Uhr-der-laengste-Tag-ist-zu-Ende.jpg 1280w\" sizes=\"(max-width: 300px) 100vw, 300px\" \/><\/a>\n\t\t\t<\/div>\n\t\t\t\t<figcaption class='wp-caption-text gallery-caption' id='gallery-4-5980'>\n\t\t\t\t21:34 \u0441\u0430\u043c\u044b\u0439 \u0434\u043b\u0438\u043d\u043d\u044b\u0439 \u0434\u0435\u043d\u044c \u043f\u043e\u0434\u0445\u043e\u0434\u0438\u0442 \u043a \u043a\u043e\u043d\u0446\u0443\n\t\t\t\t<\/figcaption><\/figure>\n\t\t<\/div>\n\t\t<\/div>\n\t\t\t\t\t\t<\/div>\n\t\t\t\t<\/div>\n\t\t\t\t\t<\/div>\n\t\t<\/div>\n\t\t\t\t\t<\/div>\n\t\t<\/section>\n\t\t\t\t<\/div>","protected":false},"excerpt":{"rendered":"<p>Wir sitzen am See und werden deutsch angesprochen. Woher und wohin? Petra und Matthias stellen sich vor:2 Weltentrotter aus Dresden, wohnen 50 km von meiner Wohnung zu hause in Deutschland entfernt. Seit 2015 quasi ununterbrochen auf Achse in unz\u00e4hligen L\u00e4ndern dieser Erde. Zuerst die meisten Jahre mit dem Fahrrad, seit ca. 5 Jahren mit einem selbstausgebauten Ford Transit. 04:40 Uhr 22:04 Uhr der l\u00e4ngste Tag hat begonnen wir und der See Na, das gab ein ziemlich gro\u00dfes Hallo. Viele Stunden Gespr\u00e4chsstoff. Damit war der zweite Teil des Tages und der Abend und schlie\u00dflich auch noch die Zeit des Fr\u00fchst\u00fccks ausgef\u00fcllt. Sie waren schon in dem Teil des Baikalsees wo wir noch hin wollen und nun gibt es neue Karten-Markierungen. Petra und Natascha im Caf\u00e9 wir tauschen Standpl\u00e4tze aus 2 junge K\u00e4tzchen beobachten uns von oben PS.: Von ihren Fahrradreisen Reisen berichten sie auf: www.weltentrotter de, in den letzten Jahren aber \u00fcber die \u00fcber Instagram und Facebook als weltentrotter. abends bei uns zum Tee Baikal-Omul ger\u00e4uchert beim Fr\u00fchst\u00fcck ein Blick ihre Wohnung Abschied 21:34 Uhr der l\u00e4ngste Tag ist zu Ende<\/p>","protected":false},"author":1,"featured_media":0,"comment_status":"open","ping_status":"open","sticky":false,"template":"","format":"standard","meta":{"footnotes":""},"categories":[1],"tags":[],"class_list":["post-5961","post","type-post","status-publish","format-standard","hentry","category-allgemein"],"_links":{"self":[{"href":"https:\/\/neuekarawane.de\/ru\/wp-json\/wp\/v2\/posts\/5961","targetHints":{"allow":["GET"]}}],"collection":[{"href":"https:\/\/neuekarawane.de\/ru\/wp-json\/wp\/v2\/posts"}],"about":[{"href":"https:\/\/neuekarawane.de\/ru\/wp-json\/wp\/v2\/types\/post"}],"author":[{"embeddable":true,"href":"https:\/\/neuekarawane.de\/ru\/wp-json\/wp\/v2\/users\/1"}],"replies":[{"embeddable":true,"href":"https:\/\/neuekarawane.de\/ru\/wp-json\/wp\/v2\/comments?post=5961"}],"version-history":[{"count":4,"href":"https:\/\/neuekarawane.de\/ru\/wp-json\/wp\/v2\/posts\/5961\/revisions"}],"predecessor-version":[{"id":5990,"href":"https:\/\/neuekarawane.de\/ru\/wp-json\/wp\/v2\/posts\/5961\/revisions\/5990"}],"wp:attachment":[{"href":"https:\/\/neuekarawane.de\/ru\/wp-json\/wp\/v2\/media?parent=5961"}],"wp:term":[{"taxonomy":"category","embeddable":true,"href":"https:\/\/neuekarawane.de\/ru\/wp-json\/wp\/v2\/categories?post=5961"},{"taxonomy":"post_tag","embeddable":true,"href":"https:\/\/neuekarawane.de\/ru\/wp-json\/wp\/v2\/tags?post=5961"}],"curies":[{"name":"wp","href":"https:\/\/api.w.org\/{rel}","templated":true}]}}