{"id":5549,"date":"2025-03-15T12:18:06","date_gmt":"2025-03-15T11:18:06","guid":{"rendered":"https:\/\/neuekarawane.de\/?p=5549"},"modified":"2025-05-04T15:04:53","modified_gmt":"2025-05-04T13:04:53","slug":"am-meer-mit-kostja-und-mascha","status":"publish","type":"post","link":"https:\/\/neuekarawane.de\/ru\/2025\/03\/15\/am-meer-mit-kostja-und-mascha\/","title":{"rendered":"\u0423 \u043c\u043e\u0440\u044f \u0441 \u041a\u043e\u0441\u0442\u044c\u0435\u0439 \u0438 \u041c\u0430\u0448\u0435\u0439"},"content":{"rendered":"<div data-elementor-type=\"wp-post\" data-elementor-id=\"5549\" class=\"elementor elementor-5549\">\n\t\t\t\t\t\t<section class=\"elementor-section elementor-top-section elementor-element elementor-element-2ff5c503 elementor-section-boxed elementor-section-height-default elementor-section-height-default wpr-particle-no wpr-jarallax-no wpr-parallax-no wpr-sticky-section-no wpr-equal-height-no\" data-id=\"2ff5c503\" data-element_type=\"section\" data-e-type=\"section\">\n\t\t\t\t\t\t<div class=\"elementor-container elementor-column-gap-default\">\n\t\t\t\t\t<div class=\"elementor-column elementor-col-100 elementor-top-column elementor-element elementor-element-e25a085\" data-id=\"e25a085\" data-element_type=\"column\" data-e-type=\"column\">\n\t\t\t<div class=\"elementor-widget-wrap elementor-element-populated\">\n\t\t\t\t\t\t<div class=\"elementor-element elementor-element-5507e2de elementor-widget elementor-widget-text-editor\" data-id=\"5507e2de\" data-element_type=\"widget\" data-e-type=\"widget\" data-widget_type=\"text-editor.default\">\n\t\t\t\t<div class=\"elementor-widget-container\">\n\t\t\t\t\t\t\t\t\t\n<p>Kostja, bei dem wir vor zwei Jahren oft im K\u00fcnstlerklub waren, hatten wir in diesem Jahr noch nicht wiedergesehen. Schlie\u00dflich lud er uns ans Meer ein, er hatte eine Feier am Meer organisiert, es sollte Lieder, s\u00fcdamerikanische T\u00e4nze und Lagerfeuer geben. Nach dem Reisevortrag machten wir uns mit einer Taxe auf den Weg.\u00a0<\/p>\n\t\t\t\t\t\t\t\t<\/div>\n\t\t\t\t<\/div>\n\t\t\t\t<div class=\"elementor-element elementor-element-8e51498 elementor-widget elementor-widget-image-gallery\" data-id=\"8e51498\" data-element_type=\"widget\" data-e-type=\"widget\" data-widget_type=\"image-gallery.default\">\n\t\t\t\t<div class=\"elementor-widget-container\">\n\t\t\t\t\t\t\t<div class=\"elementor-image-gallery\">\n\t\t\t<div id='gallery-1' class='gallery galleryid-5549 gallery-columns-3 gallery-size-medium'><figure class='gallery-item'>\n\t\t\t<div class='gallery-icon portrait'>\n\t\t\t\t<a data-elementor-open-lightbox=\"yes\" data-elementor-lightbox-slideshow=\"8e51498\" data-elementor-lightbox-title=\"das versprochene Lagerfeuer\" data-elementor-lightbox-description=\"das versprochene Lagerfeuer\" data-e-action-hash=\"#elementor-action%3Aaction%3Dlightbox%26settings%3DeyJpZCI6NTU1MiwidXJsIjoiaHR0cHM6XC9cL25ldWVrYXJhd2FuZS5kZVwvd3AtY29udGVudFwvdXBsb2Fkc1wvMjAyNVwvMDVcL2Rhcy12ZXJzcHJvY2hlbmUtTGFnZXJmZXVlci1zY2FsZWQuanBnIiwic2xpZGVzaG93IjoiOGU1MTQ5OCJ9\" href='https:\/\/neuekarawane.de\/wp-content\/uploads\/2025\/05\/das-versprochene-Lagerfeuer-scaled.jpg'><img fetchpriority=\"high\" decoding=\"async\" width=\"226\" height=\"300\" src=\"https:\/\/neuekarawane.de\/wp-content\/uploads\/2025\/05\/das-versprochene-Lagerfeuer-226x300.jpg\" class=\"attachment-medium size-medium\" alt=\"\" aria-describedby=\"gallery-1-5552\" srcset=\"https:\/\/neuekarawane.de\/wp-content\/uploads\/2025\/05\/das-versprochene-Lagerfeuer-226x300.jpg 226w, https:\/\/neuekarawane.de\/wp-content\/uploads\/2025\/05\/das-versprochene-Lagerfeuer-771x1024.jpg 771w, https:\/\/neuekarawane.de\/wp-content\/uploads\/2025\/05\/das-versprochene-Lagerfeuer-768x1020.jpg 768w, https:\/\/neuekarawane.de\/wp-content\/uploads\/2025\/05\/das-versprochene-Lagerfeuer-1157x1536.jpg 1157w, https:\/\/neuekarawane.de\/wp-content\/uploads\/2025\/05\/das-versprochene-Lagerfeuer-1542x2048.jpg 1542w, https:\/\/neuekarawane.de\/wp-content\/uploads\/2025\/05\/das-versprochene-Lagerfeuer-9x12.jpg 9w, https:\/\/neuekarawane.de\/wp-content\/uploads\/2025\/05\/das-versprochene-Lagerfeuer-scaled.jpg 1928w\" sizes=\"(max-width: 226px) 100vw, 226px\" \/><\/a>\n\t\t\t<\/div>\n\t\t\t\t<figcaption class='wp-caption-text gallery-caption' id='gallery-1-5552'>\n\t\t\t\tdas versprochene Lagerfeuer\n\t\t\t\t<\/figcaption><\/figure><figure class='gallery-item'>\n\t\t\t<div class='gallery-icon portrait'>\n\t\t\t\t<a data-elementor-open-lightbox=\"yes\" data-elementor-lightbox-slideshow=\"8e51498\" data-elementor-lightbox-title=\"das Wetter meinte es gut\" data-elementor-lightbox-description=\"das Wetter meinte es gut\" data-e-action-hash=\"#elementor-action%3Aaction%3Dlightbox%26settings%3DeyJpZCI6NTU1MywidXJsIjoiaHR0cHM6XC9cL25ldWVrYXJhd2FuZS5kZVwvd3AtY29udGVudFwvdXBsb2Fkc1wvMjAyNVwvMDVcL2Rhcy1XZXR0ZXItbWVpbnRlLWVzLWd1dC1zY2FsZWQuanBnIiwic2xpZGVzaG93IjoiOGU1MTQ5OCJ9\" href='https:\/\/neuekarawane.de\/wp-content\/uploads\/2025\/05\/das-Wetter-meinte-es-gut-scaled.jpg'><img decoding=\"async\" width=\"226\" height=\"300\" src=\"https:\/\/neuekarawane.de\/wp-content\/uploads\/2025\/05\/das-Wetter-meinte-es-gut-226x300.jpg\" class=\"attachment-medium size-medium\" alt=\"\" aria-describedby=\"gallery-1-5553\" srcset=\"https:\/\/neuekarawane.de\/wp-content\/uploads\/2025\/05\/das-Wetter-meinte-es-gut-226x300.jpg 226w, https:\/\/neuekarawane.de\/wp-content\/uploads\/2025\/05\/das-Wetter-meinte-es-gut-771x1024.jpg 771w, https:\/\/neuekarawane.de\/wp-content\/uploads\/2025\/05\/das-Wetter-meinte-es-gut-768x1020.jpg 768w, https:\/\/neuekarawane.de\/wp-content\/uploads\/2025\/05\/das-Wetter-meinte-es-gut-1157x1536.jpg 1157w, https:\/\/neuekarawane.de\/wp-content\/uploads\/2025\/05\/das-Wetter-meinte-es-gut-1542x2048.jpg 1542w, https:\/\/neuekarawane.de\/wp-content\/uploads\/2025\/05\/das-Wetter-meinte-es-gut-9x12.jpg 9w, https:\/\/neuekarawane.de\/wp-content\/uploads\/2025\/05\/das-Wetter-meinte-es-gut-scaled.jpg 1928w\" sizes=\"(max-width: 226px) 100vw, 226px\" \/><\/a>\n\t\t\t<\/div>\n\t\t\t\t<figcaption class='wp-caption-text gallery-caption' id='gallery-1-5553'>\n\t\t\t\tdas Wetter meinte es gut\n\t\t\t\t<\/figcaption><\/figure><figure class='gallery-item'>\n\t\t\t<div class='gallery-icon portrait'>\n\t\t\t\t<a data-elementor-open-lightbox=\"yes\" data-elementor-lightbox-slideshow=\"8e51498\" data-elementor-lightbox-title=\"fr\u00f6hliches Treiben\" data-elementor-lightbox-description=\"fr\u00f6hliches Treiben\" data-e-action-hash=\"#elementor-action%3Aaction%3Dlightbox%26settings%3DeyJpZCI6NTU1NCwidXJsIjoiaHR0cHM6XC9cL25ldWVrYXJhd2FuZS5kZVwvd3AtY29udGVudFwvdXBsb2Fkc1wvMjAyNVwvMDVcL2Zyb2VobGljaGVzLVRyZWliZW4tc2NhbGVkLmpwZyIsInNsaWRlc2hvdyI6IjhlNTE0OTgifQ%3D%3D\" href='https:\/\/neuekarawane.de\/wp-content\/uploads\/2025\/05\/froehliches-Treiben-scaled.jpg'><img decoding=\"async\" width=\"226\" height=\"300\" src=\"https:\/\/neuekarawane.de\/wp-content\/uploads\/2025\/05\/froehliches-Treiben-226x300.jpg\" class=\"attachment-medium size-medium\" alt=\"\" aria-describedby=\"gallery-1-5554\" srcset=\"https:\/\/neuekarawane.de\/wp-content\/uploads\/2025\/05\/froehliches-Treiben-226x300.jpg 226w, https:\/\/neuekarawane.de\/wp-content\/uploads\/2025\/05\/froehliches-Treiben-771x1024.jpg 771w, https:\/\/neuekarawane.de\/wp-content\/uploads\/2025\/05\/froehliches-Treiben-768x1020.jpg 768w, https:\/\/neuekarawane.de\/wp-content\/uploads\/2025\/05\/froehliches-Treiben-1157x1536.jpg 1157w, https:\/\/neuekarawane.de\/wp-content\/uploads\/2025\/05\/froehliches-Treiben-1542x2048.jpg 1542w, https:\/\/neuekarawane.de\/wp-content\/uploads\/2025\/05\/froehliches-Treiben-9x12.jpg 9w, https:\/\/neuekarawane.de\/wp-content\/uploads\/2025\/05\/froehliches-Treiben-scaled.jpg 1928w\" sizes=\"(max-width: 226px) 100vw, 226px\" \/><\/a>\n\t\t\t<\/div>\n\t\t\t\t<figcaption class='wp-caption-text gallery-caption' id='gallery-1-5554'>\n\t\t\t\tfr\u00f6hliches Treiben\n\t\t\t\t<\/figcaption><\/figure>\n\t\t<\/div>\n\t\t<\/div>\n\t\t\t\t\t\t<\/div>\n\t\t\t\t<\/div>\n\t\t\t\t<div class=\"elementor-element elementor-element-aedb93e elementor-widget elementor-widget-text-editor\" data-id=\"aedb93e\" data-element_type=\"widget\" data-e-type=\"widget\" data-widget_type=\"text-editor.default\">\n\t\t\t\t<div class=\"elementor-widget-container\">\n\t\t\t\t\t\t\t\t\t<p>Wir fanden schlie\u00dflich auch den richtigen Platz am Meer. Alles verwirklichte sich. Mascha, Kostja und noch ein Bekannter sangen Lieder zur Gitarre, auch ich musste nat\u00fcrlich einen kleinen Beitrag leisten.<br \/>Natascha sang flei\u00dfig mit und freute sich, dass sie am Strand tanzen konnte. Wieder viel Gespr\u00e4che und jeder hatte etwas f\u00fcr den Picknick mitgebracht.<br \/>Es war der Tag vor der Abreise aus Abchasien, denn am n\u00e4chsten Tag wollten wir in Adler nach Wolgograd starten.<\/p>\t\t\t\t\t\t\t\t<\/div>\n\t\t\t\t<\/div>\n\t\t\t\t<div class=\"elementor-element elementor-element-2d38271 elementor-widget elementor-widget-image-gallery\" data-id=\"2d38271\" data-element_type=\"widget\" data-e-type=\"widget\" data-widget_type=\"image-gallery.default\">\n\t\t\t\t<div class=\"elementor-widget-container\">\n\t\t\t\t\t\t\t<div class=\"elementor-image-gallery\">\n\t\t\t<div id='gallery-2' class='gallery galleryid-5549 gallery-columns-3 gallery-size-medium'><figure class='gallery-item'>\n\t\t\t<div class='gallery-icon portrait'>\n\t\t\t\t<a data-elementor-open-lightbox=\"yes\" data-elementor-lightbox-slideshow=\"2d38271\" data-elementor-lightbox-title=\"Mascha sogar mit 2 Mikrofonen\" data-elementor-lightbox-description=\"Mascha sogar mit 2 Mikrofonen\" data-e-action-hash=\"#elementor-action%3Aaction%3Dlightbox%26settings%3DeyJpZCI6NTU1NSwidXJsIjoiaHR0cHM6XC9cL25ldWVrYXJhd2FuZS5kZVwvd3AtY29udGVudFwvdXBsb2Fkc1wvMjAyNVwvMDVcL01hc2NoYS1zb2dhci1taXQtMi1NaWtyb2ZvbmVuLXNjYWxlZC5qcGciLCJzbGlkZXNob3ciOiIyZDM4MjcxIn0%3D\" href='https:\/\/neuekarawane.de\/wp-content\/uploads\/2025\/05\/Mascha-sogar-mit-2-Mikrofonen-scaled.jpg'><img loading=\"lazy\" decoding=\"async\" width=\"226\" height=\"300\" src=\"https:\/\/neuekarawane.de\/wp-content\/uploads\/2025\/05\/Mascha-sogar-mit-2-Mikrofonen-226x300.jpg\" class=\"attachment-medium size-medium\" alt=\"\" aria-describedby=\"gallery-2-5555\" srcset=\"https:\/\/neuekarawane.de\/wp-content\/uploads\/2025\/05\/Mascha-sogar-mit-2-Mikrofonen-226x300.jpg 226w, https:\/\/neuekarawane.de\/wp-content\/uploads\/2025\/05\/Mascha-sogar-mit-2-Mikrofonen-771x1024.jpg 771w, https:\/\/neuekarawane.de\/wp-content\/uploads\/2025\/05\/Mascha-sogar-mit-2-Mikrofonen-768x1020.jpg 768w, https:\/\/neuekarawane.de\/wp-content\/uploads\/2025\/05\/Mascha-sogar-mit-2-Mikrofonen-1157x1536.jpg 1157w, https:\/\/neuekarawane.de\/wp-content\/uploads\/2025\/05\/Mascha-sogar-mit-2-Mikrofonen-1542x2048.jpg 1542w, https:\/\/neuekarawane.de\/wp-content\/uploads\/2025\/05\/Mascha-sogar-mit-2-Mikrofonen-9x12.jpg 9w, https:\/\/neuekarawane.de\/wp-content\/uploads\/2025\/05\/Mascha-sogar-mit-2-Mikrofonen-scaled.jpg 1928w\" sizes=\"(max-width: 226px) 100vw, 226px\" \/><\/a>\n\t\t\t<\/div>\n\t\t\t\t<figcaption class='wp-caption-text gallery-caption' id='gallery-2-5555'>\n\t\t\t\tMascha sogar mit 2 Mikrofonen\n\t\t\t\t<\/figcaption><\/figure><figure class='gallery-item'>\n\t\t\t<div class='gallery-icon portrait'>\n\t\t\t\t<a data-elementor-open-lightbox=\"yes\" data-elementor-lightbox-slideshow=\"2d38271\" data-elementor-lightbox-title=\"auch Natascha bekam ein-Mikrofon\" data-elementor-lightbox-description=\"auch Natascha bekam ein-Mikrofon\" data-e-action-hash=\"#elementor-action%3Aaction%3Dlightbox%26settings%3DeyJpZCI6NTU1MSwidXJsIjoiaHR0cHM6XC9cL25ldWVrYXJhd2FuZS5kZVwvd3AtY29udGVudFwvdXBsb2Fkc1wvMjAyNVwvMDVcL2F1Y2gtTmF0YXNjaGEtYmVrYW0tZWluLU1pa3JvZm9uLXNjYWxlZC5qcGciLCJzbGlkZXNob3ciOiIyZDM4MjcxIn0%3D\" href='https:\/\/neuekarawane.de\/wp-content\/uploads\/2025\/05\/auch-Natascha-bekam-ein-Mikrofon-scaled.jpg'><img loading=\"lazy\" decoding=\"async\" width=\"226\" height=\"300\" src=\"https:\/\/neuekarawane.de\/wp-content\/uploads\/2025\/05\/auch-Natascha-bekam-ein-Mikrofon-226x300.jpg\" class=\"attachment-medium size-medium\" alt=\"\" aria-describedby=\"gallery-2-5551\" srcset=\"https:\/\/neuekarawane.de\/wp-content\/uploads\/2025\/05\/auch-Natascha-bekam-ein-Mikrofon-226x300.jpg 226w, https:\/\/neuekarawane.de\/wp-content\/uploads\/2025\/05\/auch-Natascha-bekam-ein-Mikrofon-771x1024.jpg 771w, https:\/\/neuekarawane.de\/wp-content\/uploads\/2025\/05\/auch-Natascha-bekam-ein-Mikrofon-768x1020.jpg 768w, https:\/\/neuekarawane.de\/wp-content\/uploads\/2025\/05\/auch-Natascha-bekam-ein-Mikrofon-1157x1536.jpg 1157w, https:\/\/neuekarawane.de\/wp-content\/uploads\/2025\/05\/auch-Natascha-bekam-ein-Mikrofon-1542x2048.jpg 1542w, https:\/\/neuekarawane.de\/wp-content\/uploads\/2025\/05\/auch-Natascha-bekam-ein-Mikrofon-9x12.jpg 9w, https:\/\/neuekarawane.de\/wp-content\/uploads\/2025\/05\/auch-Natascha-bekam-ein-Mikrofon-scaled.jpg 1928w\" sizes=\"(max-width: 226px) 100vw, 226px\" \/><\/a>\n\t\t\t<\/div>\n\t\t\t\t<figcaption class='wp-caption-text gallery-caption' id='gallery-2-5551'>\n\t\t\t\tauch Natascha bekam ein-Mikrofon\n\t\t\t\t<\/figcaption><\/figure><figure class='gallery-item'>\n\t\t\t<div class='gallery-icon portrait'>\n\t\t\t\t<a data-elementor-open-lightbox=\"yes\" data-elementor-lightbox-slideshow=\"2d38271\" data-elementor-lightbox-title=\"und wir h\u00f6rten zu\" data-elementor-lightbox-description=\"und wir h\u00f6rten zu\" data-e-action-hash=\"#elementor-action%3Aaction%3Dlightbox%26settings%3DeyJpZCI6NTU1NiwidXJsIjoiaHR0cHM6XC9cL25ldWVrYXJhd2FuZS5kZVwvd3AtY29udGVudFwvdXBsb2Fkc1wvMjAyNVwvMDVcL3VuZC13aXItaG9lcnRlbi16dS1zY2FsZWQuanBnIiwic2xpZGVzaG93IjoiMmQzODI3MSJ9\" href='https:\/\/neuekarawane.de\/wp-content\/uploads\/2025\/05\/und-wir-hoerten-zu-scaled.jpg'><img loading=\"lazy\" decoding=\"async\" width=\"226\" height=\"300\" src=\"https:\/\/neuekarawane.de\/wp-content\/uploads\/2025\/05\/und-wir-hoerten-zu-226x300.jpg\" class=\"attachment-medium size-medium\" alt=\"\" aria-describedby=\"gallery-2-5556\" srcset=\"https:\/\/neuekarawane.de\/wp-content\/uploads\/2025\/05\/und-wir-hoerten-zu-226x300.jpg 226w, https:\/\/neuekarawane.de\/wp-content\/uploads\/2025\/05\/und-wir-hoerten-zu-771x1024.jpg 771w, https:\/\/neuekarawane.de\/wp-content\/uploads\/2025\/05\/und-wir-hoerten-zu-768x1020.jpg 768w, https:\/\/neuekarawane.de\/wp-content\/uploads\/2025\/05\/und-wir-hoerten-zu-1157x1536.jpg 1157w, https:\/\/neuekarawane.de\/wp-content\/uploads\/2025\/05\/und-wir-hoerten-zu-1542x2048.jpg 1542w, https:\/\/neuekarawane.de\/wp-content\/uploads\/2025\/05\/und-wir-hoerten-zu-9x12.jpg 9w, https:\/\/neuekarawane.de\/wp-content\/uploads\/2025\/05\/und-wir-hoerten-zu-scaled.jpg 1928w\" sizes=\"(max-width: 226px) 100vw, 226px\" \/><\/a>\n\t\t\t<\/div>\n\t\t\t\t<figcaption class='wp-caption-text gallery-caption' id='gallery-2-5556'>\n\t\t\t\tund wir h\u00f6rten zu\n\t\t\t\t<\/figcaption><\/figure>\n\t\t<\/div>\n\t\t<\/div>\n\t\t\t\t\t\t<\/div>\n\t\t\t\t<\/div>\n\t\t\t\t\t<\/div>\n\t\t<\/div>\n\t\t\t\t\t<\/div>\n\t\t<\/section>\n\t\t\t\t<section class=\"elementor-section elementor-top-section elementor-element elementor-element-8440088 elementor-section-boxed elementor-section-height-default elementor-section-height-default wpr-particle-no wpr-jarallax-no wpr-parallax-no wpr-sticky-section-no wpr-equal-height-no\" data-id=\"8440088\" data-element_type=\"section\" data-e-type=\"section\">\n\t\t\t\t\t\t<div class=\"elementor-container elementor-column-gap-default\">\n\t\t\t\t\t<div class=\"elementor-column elementor-col-50 elementor-top-column elementor-element elementor-element-250d627\" data-id=\"250d627\" data-element_type=\"column\" data-e-type=\"column\">\n\t\t\t<div class=\"elementor-widget-wrap elementor-element-populated\">\n\t\t\t\t\t\t<div class=\"elementor-element elementor-element-1f1e2d6 elementor-widget elementor-widget-video\" data-id=\"1f1e2d6\" data-element_type=\"widget\" data-e-type=\"widget\" data-settings=\"{&quot;video_type&quot;:&quot;hosted&quot;,&quot;controls&quot;:&quot;yes&quot;}\" data-widget_type=\"video.default\">\n\t\t\t\t<div class=\"elementor-widget-container\">\n\t\t\t\t\t\t\t<div class=\"e-hosted-video elementor-wrapper elementor-open-inline\">\n\t\t\t\t\t<video class=\"elementor-video\" src=\"https:\/\/neuekarawane.de\/wp-content\/uploads\/2025\/03\/VID20250315192729.mp4\" controls=\"\" preload=\"metadata\" controlslist=\"nodownload\"><\/video>\n\t\t\t\t<\/div>\n\t\t\t\t\t\t<\/div>\n\t\t\t\t<\/div>\n\t\t\t\t\t<\/div>\n\t\t<\/div>\n\t\t\t\t<div class=\"elementor-column elementor-col-50 elementor-top-column elementor-element elementor-element-2a578dd\" data-id=\"2a578dd\" data-element_type=\"column\" data-e-type=\"column\">\n\t\t\t<div class=\"elementor-widget-wrap elementor-element-populated\">\n\t\t\t\t\t\t<div class=\"elementor-element elementor-element-01a707f elementor-widget elementor-widget-video\" data-id=\"01a707f\" data-element_type=\"widget\" data-e-type=\"widget\" data-settings=\"{&quot;youtube_url&quot;:&quot;https:\\\/\\\/youtube.com\\\/shorts\\\/dUPldN4Lh-o&quot;,&quot;video_type&quot;:&quot;youtube&quot;,&quot;controls&quot;:&quot;yes&quot;}\" data-widget_type=\"video.default\">\n\t\t\t\t<div class=\"elementor-widget-container\">\n\t\t\t\t\t\t\t<div class=\"elementor-wrapper elementor-open-inline\">\n\t\t\t<div class=\"elementor-video\"><\/div>\t\t<\/div>\n\t\t\t\t\t\t<\/div>\n\t\t\t\t<\/div>\n\t\t\t\t\t<\/div>\n\t\t<\/div>\n\t\t\t\t\t<\/div>\n\t\t<\/section>\n\t\t\t\t<\/div>","protected":false},"excerpt":{"rendered":"<p>Kostja, bei dem wir vor zwei Jahren oft im K\u00fcnstlerklub waren, hatten wir in diesem Jahr noch nicht wiedergesehen. Schlie\u00dflich lud er uns ans Meer ein, er hatte eine Feier am Meer organisiert, es sollte Lieder, s\u00fcdamerikanische T\u00e4nze und Lagerfeuer geben. Nach dem Reisevortrag machten wir uns mit einer Taxe auf den Weg.\u00a0 das versprochene Lagerfeuer das Wetter meinte es gut fr\u00f6hliches Treiben Wir fanden schlie\u00dflich auch den richtigen Platz am Meer. Alles verwirklichte sich. Mascha, Kostja und noch ein Bekannter sangen Lieder zur Gitarre, auch ich musste nat\u00fcrlich einen kleinen Beitrag leisten.Natascha sang flei\u00dfig mit und freute sich, dass sie am Strand tanzen konnte. Wieder viel Gespr\u00e4che und jeder hatte etwas f\u00fcr den Picknick mitgebracht.Es war der Tag vor der Abreise aus Abchasien, denn am n\u00e4chsten Tag wollten wir in Adler nach Wolgograd starten. Mascha sogar mit 2 Mikrofonen auch Natascha bekam ein-Mikrofon und wir h\u00f6rten zu https:\/\/neuekarawane.de\/wp-content\/uploads\/2025\/03\/VID20250315192729.mp4https:\/\/youtube.com\/shorts\/dUPldN4Lh-o<\/p>","protected":false},"author":1,"featured_media":0,"comment_status":"open","ping_status":"open","sticky":false,"template":"","format":"standard","meta":{"footnotes":""},"categories":[1],"tags":[],"class_list":["post-5549","post","type-post","status-publish","format-standard","hentry","category-allgemein"],"_links":{"self":[{"href":"https:\/\/neuekarawane.de\/ru\/wp-json\/wp\/v2\/posts\/5549","targetHints":{"allow":["GET"]}}],"collection":[{"href":"https:\/\/neuekarawane.de\/ru\/wp-json\/wp\/v2\/posts"}],"about":[{"href":"https:\/\/neuekarawane.de\/ru\/wp-json\/wp\/v2\/types\/post"}],"author":[{"embeddable":true,"href":"https:\/\/neuekarawane.de\/ru\/wp-json\/wp\/v2\/users\/1"}],"replies":[{"embeddable":true,"href":"https:\/\/neuekarawane.de\/ru\/wp-json\/wp\/v2\/comments?post=5549"}],"version-history":[{"count":4,"href":"https:\/\/neuekarawane.de\/ru\/wp-json\/wp\/v2\/posts\/5549\/revisions"}],"predecessor-version":[{"id":5560,"href":"https:\/\/neuekarawane.de\/ru\/wp-json\/wp\/v2\/posts\/5549\/revisions\/5560"}],"wp:attachment":[{"href":"https:\/\/neuekarawane.de\/ru\/wp-json\/wp\/v2\/media?parent=5549"}],"wp:term":[{"taxonomy":"category","embeddable":true,"href":"https:\/\/neuekarawane.de\/ru\/wp-json\/wp\/v2\/categories?post=5549"},{"taxonomy":"post_tag","embeddable":true,"href":"https:\/\/neuekarawane.de\/ru\/wp-json\/wp\/v2\/tags?post=5549"}],"curies":[{"name":"wp","href":"https:\/\/api.w.org\/{rel}","templated":true}]}}