{"id":5521,"date":"2025-03-15T09:22:29","date_gmt":"2025-03-15T08:22:29","guid":{"rendered":"https:\/\/neuekarawane.de\/?p=5521"},"modified":"2025-05-04T15:05:40","modified_gmt":"2025-05-04T13:05:40","slug":"der-reisevortrag","status":"publish","type":"post","link":"https:\/\/neuekarawane.de\/ru\/2025\/03\/15\/der-reisevortrag\/","title":{"rendered":"\u041f\u0440\u0435\u0437\u0435\u043d\u0442\u0430\u0446\u0438\u044f \u043e \u043f\u0443\u0442\u0435\u0448\u0435\u0441\u0442\u0432\u0438\u044f\u0445"},"content":{"rendered":"<div data-elementor-type=\"wp-post\" data-elementor-id=\"5521\" class=\"elementor elementor-5521\">\n\t\t\t\t\t\t<section class=\"elementor-section elementor-top-section elementor-element elementor-element-59ed2c4 elementor-section-boxed elementor-section-height-default elementor-section-height-default wpr-particle-no wpr-jarallax-no wpr-parallax-no wpr-sticky-section-no wpr-equal-height-no\" data-id=\"59ed2c4\" data-element_type=\"section\" data-e-type=\"section\">\n\t\t\t\t\t\t<div class=\"elementor-container elementor-column-gap-default\">\n\t\t\t\t\t<div class=\"elementor-column elementor-col-100 elementor-top-column elementor-element elementor-element-c4a06cb\" data-id=\"c4a06cb\" data-element_type=\"column\" data-e-type=\"column\">\n\t\t\t<div class=\"elementor-widget-wrap elementor-element-populated\">\n\t\t\t\t\t\t<div class=\"elementor-element elementor-element-c86f732 elementor-widget elementor-widget-text-editor\" data-id=\"c86f732\" data-element_type=\"widget\" data-e-type=\"widget\" data-widget_type=\"text-editor.default\">\n\t\t\t\t<div class=\"elementor-widget-container\">\n\t\t\t\t\t\t\t\t\t<p>Meine abchasischen Freundinnen Lena und Mascha wussten, dass sich etliche Leute f\u00fcr meine Reise interessieren, denn sie hatten von meinem letzten 7-monatigen Aufenthalt viel herumerz\u00e4hlt. Sie luden Interessenten ein und nach unserem Fr\u00fchst\u00fcck trafen wir uns vor der abchsischen Zentralbibliothek.<br \/>Einige warteten dort schon und weil das Wetter so sch\u00f6n fr\u00fchlingshaft war, beschlossen wir, uns ins Gr\u00fcne zu setzen. Das nebenstehende Caf\u00e9 erlaubte uns Tische und B\u00e4nke zu nutzen und so begann ich \u00fcber meine Reise zu erz\u00e4hlen.<\/p>\t\t\t\t\t\t\t\t<\/div>\n\t\t\t\t<\/div>\n\t\t\t\t<div class=\"elementor-element elementor-element-d621bb3 elementor-widget elementor-widget-image-gallery\" data-id=\"d621bb3\" data-element_type=\"widget\" data-e-type=\"widget\" data-widget_type=\"image-gallery.default\">\n\t\t\t\t<div class=\"elementor-widget-container\">\n\t\t\t\t\t\t\t<div class=\"elementor-image-gallery\">\n\t\t\t<div id='gallery-1' class='gallery galleryid-5521 gallery-columns-3 gallery-size-medium'><figure class='gallery-item'>\n\t\t\t<div class='gallery-icon portrait'>\n\t\t\t\t<a data-elementor-open-lightbox=\"yes\" data-elementor-lightbox-slideshow=\"d621bb3\" data-elementor-lightbox-title=\"vor der Zentralbibliothek\" data-e-action-hash=\"#elementor-action%3Aaction%3Dlightbox%26settings%3DeyJpZCI6NTUyMywidXJsIjoiaHR0cHM6XC9cL25ldWVrYXJhd2FuZS5kZVwvd3AtY29udGVudFwvdXBsb2Fkc1wvMjAyNVwvMDVcL3Zvci1kZXItWmVudHJhbGJpYmxpb3RoZWstc2NhbGVkLmpwZyIsInNsaWRlc2hvdyI6ImQ2MjFiYjMifQ%3D%3D\" href='https:\/\/neuekarawane.de\/wp-content\/uploads\/2025\/05\/vor-der-Zentralbibliothek-scaled.jpg'><img fetchpriority=\"high\" decoding=\"async\" width=\"226\" height=\"300\" src=\"https:\/\/neuekarawane.de\/wp-content\/uploads\/2025\/05\/vor-der-Zentralbibliothek-226x300.jpg\" class=\"attachment-medium size-medium\" alt=\"\" aria-describedby=\"gallery-1-5523\" srcset=\"https:\/\/neuekarawane.de\/wp-content\/uploads\/2025\/05\/vor-der-Zentralbibliothek-226x300.jpg 226w, https:\/\/neuekarawane.de\/wp-content\/uploads\/2025\/05\/vor-der-Zentralbibliothek-771x1024.jpg 771w, https:\/\/neuekarawane.de\/wp-content\/uploads\/2025\/05\/vor-der-Zentralbibliothek-768x1020.jpg 768w, https:\/\/neuekarawane.de\/wp-content\/uploads\/2025\/05\/vor-der-Zentralbibliothek-1157x1536.jpg 1157w, https:\/\/neuekarawane.de\/wp-content\/uploads\/2025\/05\/vor-der-Zentralbibliothek-1542x2048.jpg 1542w, https:\/\/neuekarawane.de\/wp-content\/uploads\/2025\/05\/vor-der-Zentralbibliothek-9x12.jpg 9w, https:\/\/neuekarawane.de\/wp-content\/uploads\/2025\/05\/vor-der-Zentralbibliothek-scaled.jpg 1928w\" sizes=\"(max-width: 226px) 100vw, 226px\" \/><\/a>\n\t\t\t<\/div>\n\t\t\t\t<figcaption class='wp-caption-text gallery-caption' id='gallery-1-5523'>\n\t\t\t\tvor der Zentralbibliothek\n\t\t\t\t<\/figcaption><\/figure><figure class='gallery-item'>\n\t\t\t<div class='gallery-icon portrait'>\n\t\t\t\t<a data-elementor-open-lightbox=\"yes\" data-elementor-lightbox-slideshow=\"d621bb3\" data-elementor-lightbox-title=\"warten schon G\u00e4ste\" data-e-action-hash=\"#elementor-action%3Aaction%3Dlightbox%26settings%3DeyJpZCI6NTUyNCwidXJsIjoiaHR0cHM6XC9cL25ldWVrYXJhd2FuZS5kZVwvd3AtY29udGVudFwvdXBsb2Fkc1wvMjAyNVwvMDVcL3dhcnRlbi1zY2hvbi1HYWVzdGUtc2NhbGVkLmpwZyIsInNsaWRlc2hvdyI6ImQ2MjFiYjMifQ%3D%3D\" href='https:\/\/neuekarawane.de\/wp-content\/uploads\/2025\/05\/warten-schon-Gaeste-scaled.jpg'><img decoding=\"async\" width=\"226\" height=\"300\" src=\"https:\/\/neuekarawane.de\/wp-content\/uploads\/2025\/05\/warten-schon-Gaeste-226x300.jpg\" class=\"attachment-medium size-medium\" alt=\"\" aria-describedby=\"gallery-1-5524\" srcset=\"https:\/\/neuekarawane.de\/wp-content\/uploads\/2025\/05\/warten-schon-Gaeste-226x300.jpg 226w, https:\/\/neuekarawane.de\/wp-content\/uploads\/2025\/05\/warten-schon-Gaeste-771x1024.jpg 771w, https:\/\/neuekarawane.de\/wp-content\/uploads\/2025\/05\/warten-schon-Gaeste-768x1020.jpg 768w, https:\/\/neuekarawane.de\/wp-content\/uploads\/2025\/05\/warten-schon-Gaeste-1157x1536.jpg 1157w, https:\/\/neuekarawane.de\/wp-content\/uploads\/2025\/05\/warten-schon-Gaeste-1542x2048.jpg 1542w, https:\/\/neuekarawane.de\/wp-content\/uploads\/2025\/05\/warten-schon-Gaeste-9x12.jpg 9w, https:\/\/neuekarawane.de\/wp-content\/uploads\/2025\/05\/warten-schon-Gaeste-scaled.jpg 1928w\" sizes=\"(max-width: 226px) 100vw, 226px\" \/><\/a>\n\t\t\t<\/div>\n\t\t\t\t<figcaption class='wp-caption-text gallery-caption' id='gallery-1-5524'>\n\t\t\t\twarten schon G\u00e4ste\n\t\t\t\t<\/figcaption><\/figure><figure class='gallery-item'>\n\t\t\t<div class='gallery-icon portrait'>\n\t\t\t\t<a data-elementor-open-lightbox=\"yes\" data-elementor-lightbox-slideshow=\"d621bb3\" data-elementor-lightbox-title=\"wir ziehen in den Garten\" data-e-action-hash=\"#elementor-action%3Aaction%3Dlightbox%26settings%3DeyJpZCI6NTUyNSwidXJsIjoiaHR0cHM6XC9cL25ldWVrYXJhd2FuZS5kZVwvd3AtY29udGVudFwvdXBsb2Fkc1wvMjAyNVwvMDVcL3dpci16aWVoZW4taW4tZGVuLUdhcnRlbi1zY2FsZWQuanBnIiwic2xpZGVzaG93IjoiZDYyMWJiMyJ9\" href='https:\/\/neuekarawane.de\/wp-content\/uploads\/2025\/05\/wir-ziehen-in-den-Garten-scaled.jpg'><img decoding=\"async\" width=\"226\" height=\"300\" src=\"https:\/\/neuekarawane.de\/wp-content\/uploads\/2025\/05\/wir-ziehen-in-den-Garten-226x300.jpg\" class=\"attachment-medium size-medium\" alt=\"\" aria-describedby=\"gallery-1-5525\" srcset=\"https:\/\/neuekarawane.de\/wp-content\/uploads\/2025\/05\/wir-ziehen-in-den-Garten-226x300.jpg 226w, https:\/\/neuekarawane.de\/wp-content\/uploads\/2025\/05\/wir-ziehen-in-den-Garten-771x1024.jpg 771w, https:\/\/neuekarawane.de\/wp-content\/uploads\/2025\/05\/wir-ziehen-in-den-Garten-768x1020.jpg 768w, https:\/\/neuekarawane.de\/wp-content\/uploads\/2025\/05\/wir-ziehen-in-den-Garten-1157x1536.jpg 1157w, https:\/\/neuekarawane.de\/wp-content\/uploads\/2025\/05\/wir-ziehen-in-den-Garten-1542x2048.jpg 1542w, https:\/\/neuekarawane.de\/wp-content\/uploads\/2025\/05\/wir-ziehen-in-den-Garten-9x12.jpg 9w, https:\/\/neuekarawane.de\/wp-content\/uploads\/2025\/05\/wir-ziehen-in-den-Garten-scaled.jpg 1928w\" sizes=\"(max-width: 226px) 100vw, 226px\" \/><\/a>\n\t\t\t<\/div>\n\t\t\t\t<figcaption class='wp-caption-text gallery-caption' id='gallery-1-5525'>\n\t\t\t\twir ziehen in den Garten\n\t\t\t\t<\/figcaption><\/figure>\n\t\t<\/div>\n\t\t<\/div>\n\t\t\t\t\t\t<\/div>\n\t\t\t\t<\/div>\n\t\t\t\t<div class=\"elementor-element elementor-element-3aa0f6f elementor-widget elementor-widget-text-editor\" data-id=\"3aa0f6f\" data-element_type=\"widget\" data-e-type=\"widget\" data-widget_type=\"text-editor.default\">\n\t\t\t\t<div class=\"elementor-widget-container\">\n\t\t\t\t\t\t\t\t\t<p>Mein begrenzter Wortschatz ist nat\u00fcrlich immer so eine Sache, aber mein Flyer unterst\u00fctzt meine Erz\u00e4hlung und nat\u00fcrlich sprang auch Natascha ein, wenn ich etwas nicht so ausdr\u00fccken konnte. Viele Fragen, wie ich auf die Idee bekommen bin, wie unsere weitere Reise verlaufen soll. Aber besonders gab es auch viel Zustimmung zu der Idee, die Reise unter die \u00dcberschrift der V\u00f6lkerfreundschaft zu stellen. Mascha hatte noch eine Gitarre von ihrem Sohn mitgebracht und so gab es zum Schluss noch ein paar Gundermann-Lieder und alle gemeinsam sangen mit uns das russische Lied &#8222;Wir w\u00fcnschen dir viel Gl\u00fcck &#8211; \u041c\u044b \u0436\u0435\u043b\u0430\u0435\u043c \u0441\u0447\u0430\u0441\u0442\u044c\u044f \u0432\u0430\u043c&#8220; -nat\u00fcrlich in russisch, welches ich gemeinsam mit Natascha einge\u00fcbt hatte. Wir wussten, das an diesem Tag die Erlebnisse noch nicht zu Ende waren, denn wir hatten noch zwei Einladungen &#8230; siehe die n\u00e4chsten Blogeintr\u00e4ge.<\/p>\t\t\t\t\t\t\t\t<\/div>\n\t\t\t\t<\/div>\n\t\t\t\t<div class=\"elementor-element elementor-element-05c4560 elementor-widget elementor-widget-image-gallery\" data-id=\"05c4560\" data-element_type=\"widget\" data-e-type=\"widget\" data-widget_type=\"image-gallery.default\">\n\t\t\t\t<div class=\"elementor-widget-container\">\n\t\t\t\t\t\t\t<div class=\"elementor-image-gallery\">\n\t\t\t<div id='gallery-2' class='gallery galleryid-5521 gallery-columns-3 gallery-size-medium'><figure class='gallery-item'>\n\t\t\t<div class='gallery-icon landscape'>\n\t\t\t\t<a data-elementor-open-lightbox=\"yes\" data-elementor-lightbox-slideshow=\"05c4560\" data-elementor-lightbox-title=\"jeder hat was mitgebracht\" data-e-action-hash=\"#elementor-action%3Aaction%3Dlightbox%26settings%3DeyJpZCI6NTUyNywidXJsIjoiaHR0cHM6XC9cL25ldWVrYXJhd2FuZS5kZVwvd3AtY29udGVudFwvdXBsb2Fkc1wvMjAyNVwvMDVcL2plZGVyLWhhdC13YXMtbWl0Z2VicmFjaHQtc2NhbGVkLmpwZyIsInNsaWRlc2hvdyI6IjA1YzQ1NjAifQ%3D%3D\" href='https:\/\/neuekarawane.de\/wp-content\/uploads\/2025\/05\/jeder-hat-was-mitgebracht-scaled.jpg'><img loading=\"lazy\" decoding=\"async\" width=\"300\" height=\"226\" src=\"https:\/\/neuekarawane.de\/wp-content\/uploads\/2025\/05\/jeder-hat-was-mitgebracht-300x226.jpg\" class=\"attachment-medium size-medium\" alt=\"\" aria-describedby=\"gallery-2-5527\" srcset=\"https:\/\/neuekarawane.de\/wp-content\/uploads\/2025\/05\/jeder-hat-was-mitgebracht-300x226.jpg 300w, https:\/\/neuekarawane.de\/wp-content\/uploads\/2025\/05\/jeder-hat-was-mitgebracht-1024x771.jpg 1024w, https:\/\/neuekarawane.de\/wp-content\/uploads\/2025\/05\/jeder-hat-was-mitgebracht-768x578.jpg 768w, https:\/\/neuekarawane.de\/wp-content\/uploads\/2025\/05\/jeder-hat-was-mitgebracht-1536x1157.jpg 1536w, https:\/\/neuekarawane.de\/wp-content\/uploads\/2025\/05\/jeder-hat-was-mitgebracht-2048x1542.jpg 2048w, https:\/\/neuekarawane.de\/wp-content\/uploads\/2025\/05\/jeder-hat-was-mitgebracht-16x12.jpg 16w\" sizes=\"(max-width: 300px) 100vw, 300px\" \/><\/a>\n\t\t\t<\/div>\n\t\t\t\t<figcaption class='wp-caption-text gallery-caption' id='gallery-2-5527'>\n\t\t\t\tjeder hat was mitgebracht\n\t\t\t\t<\/figcaption><\/figure><figure class='gallery-item'>\n\t\t\t<div class='gallery-icon portrait'>\n\t\t\t\t<a data-elementor-open-lightbox=\"yes\" data-elementor-lightbox-slideshow=\"05c4560\" data-elementor-lightbox-title=\"alle machen mit\" data-e-action-hash=\"#elementor-action%3Aaction%3Dlightbox%26settings%3DeyJpZCI6NTUyNiwidXJsIjoiaHR0cHM6XC9cL25ldWVrYXJhd2FuZS5kZVwvd3AtY29udGVudFwvdXBsb2Fkc1wvMjAyNVwvMDVcL2FsbGUtbWFjaGVuLW1pdC1zY2FsZWQuanBnIiwic2xpZGVzaG93IjoiMDVjNDU2MCJ9\" href='https:\/\/neuekarawane.de\/wp-content\/uploads\/2025\/05\/alle-machen-mit-scaled.jpg'><img loading=\"lazy\" decoding=\"async\" width=\"226\" height=\"300\" src=\"https:\/\/neuekarawane.de\/wp-content\/uploads\/2025\/05\/alle-machen-mit-226x300.jpg\" class=\"attachment-medium size-medium\" alt=\"\" aria-describedby=\"gallery-2-5526\" srcset=\"https:\/\/neuekarawane.de\/wp-content\/uploads\/2025\/05\/alle-machen-mit-226x300.jpg 226w, https:\/\/neuekarawane.de\/wp-content\/uploads\/2025\/05\/alle-machen-mit-771x1024.jpg 771w, https:\/\/neuekarawane.de\/wp-content\/uploads\/2025\/05\/alle-machen-mit-768x1020.jpg 768w, https:\/\/neuekarawane.de\/wp-content\/uploads\/2025\/05\/alle-machen-mit-1157x1536.jpg 1157w, https:\/\/neuekarawane.de\/wp-content\/uploads\/2025\/05\/alle-machen-mit-1542x2048.jpg 1542w, https:\/\/neuekarawane.de\/wp-content\/uploads\/2025\/05\/alle-machen-mit-9x12.jpg 9w, https:\/\/neuekarawane.de\/wp-content\/uploads\/2025\/05\/alle-machen-mit-scaled.jpg 1928w\" sizes=\"(max-width: 226px) 100vw, 226px\" \/><\/a>\n\t\t\t<\/div>\n\t\t\t\t<figcaption class='wp-caption-text gallery-caption' id='gallery-2-5526'>\n\t\t\t\talle machen mit\n\t\t\t\t<\/figcaption><\/figure><figure class='gallery-item'>\n\t\t\t<div class='gallery-icon landscape'>\n\t\t\t\t<a data-elementor-open-lightbox=\"yes\" data-elementor-lightbox-slideshow=\"05c4560\" data-elementor-lightbox-title=\"Lena stellt mich vor\" data-e-action-hash=\"#elementor-action%3Aaction%3Dlightbox%26settings%3DeyJpZCI6NTUyOCwidXJsIjoiaHR0cHM6XC9cL25ldWVrYXJhd2FuZS5kZVwvd3AtY29udGVudFwvdXBsb2Fkc1wvMjAyNVwvMDVcL0xlbmEtc3RlbGx0LW1pY2gtdm9yLXNjYWxlZC5qcGciLCJzbGlkZXNob3ciOiIwNWM0NTYwIn0%3D\" href='https:\/\/neuekarawane.de\/wp-content\/uploads\/2025\/05\/Lena-stellt-mich-vor-scaled.jpg'><img loading=\"lazy\" decoding=\"async\" width=\"300\" height=\"226\" src=\"https:\/\/neuekarawane.de\/wp-content\/uploads\/2025\/05\/Lena-stellt-mich-vor-300x226.jpg\" class=\"attachment-medium size-medium\" alt=\"\" aria-describedby=\"gallery-2-5528\" srcset=\"https:\/\/neuekarawane.de\/wp-content\/uploads\/2025\/05\/Lena-stellt-mich-vor-300x226.jpg 300w, https:\/\/neuekarawane.de\/wp-content\/uploads\/2025\/05\/Lena-stellt-mich-vor-1024x771.jpg 1024w, https:\/\/neuekarawane.de\/wp-content\/uploads\/2025\/05\/Lena-stellt-mich-vor-768x578.jpg 768w, https:\/\/neuekarawane.de\/wp-content\/uploads\/2025\/05\/Lena-stellt-mich-vor-1536x1157.jpg 1536w, https:\/\/neuekarawane.de\/wp-content\/uploads\/2025\/05\/Lena-stellt-mich-vor-2048x1542.jpg 2048w, https:\/\/neuekarawane.de\/wp-content\/uploads\/2025\/05\/Lena-stellt-mich-vor-16x12.jpg 16w\" sizes=\"(max-width: 300px) 100vw, 300px\" \/><\/a>\n\t\t\t<\/div>\n\t\t\t\t<figcaption class='wp-caption-text gallery-caption' id='gallery-2-5528'>\n\t\t\t\tLena stellt mich vor\n\t\t\t\t<\/figcaption><\/figure>\n\t\t<\/div>\n\t\t<\/div>\n\t\t\t\t\t\t<\/div>\n\t\t\t\t<\/div>\n\t\t\t\t\t<\/div>\n\t\t<\/div>\n\t\t\t\t\t<\/div>\n\t\t<\/section>\n\t\t\t\t<section class=\"elementor-section elementor-top-section elementor-element elementor-element-6c553ba elementor-section-boxed elementor-section-height-default elementor-section-height-default wpr-particle-no wpr-jarallax-no wpr-parallax-no wpr-sticky-section-no wpr-equal-height-no\" data-id=\"6c553ba\" data-element_type=\"section\" data-e-type=\"section\">\n\t\t\t\t\t\t<div class=\"elementor-container elementor-column-gap-default\">\n\t\t\t\t\t<div class=\"elementor-column elementor-col-100 elementor-top-column elementor-element elementor-element-d69fb03\" data-id=\"d69fb03\" data-element_type=\"column\" data-e-type=\"column\">\n\t\t\t<div class=\"elementor-widget-wrap elementor-element-populated\">\n\t\t\t\t\t\t<div class=\"elementor-element elementor-element-99652d4 elementor-widget elementor-widget-video\" data-id=\"99652d4\" data-element_type=\"widget\" data-e-type=\"widget\" data-settings=\"{&quot;video_type&quot;:&quot;hosted&quot;,&quot;controls&quot;:&quot;yes&quot;}\" data-widget_type=\"video.default\">\n\t\t\t\t<div class=\"elementor-widget-container\">\n\t\t\t\t\t\t\t<div class=\"e-hosted-video elementor-wrapper elementor-open-inline\">\n\t\t\t\t\t<video class=\"elementor-video\" src=\"https:\/\/neuekarawane.de\/wp-content\/uploads\/2025\/05\/einbisschen-Gundermann.mp4\" controls=\"\" preload=\"metadata\" controlslist=\"nodownload\"><\/video>\n\t\t\t\t<\/div>\n\t\t\t\t\t\t<\/div>\n\t\t\t\t<\/div>\n\t\t\t\t\t<\/div>\n\t\t<\/div>\n\t\t\t\t\t<\/div>\n\t\t<\/section>\n\t\t\t\t<\/div>","protected":false},"excerpt":{"rendered":"<p>Meine abchasischen Freundinnen Lena und Mascha wussten, dass sich etliche Leute f\u00fcr meine Reise interessieren, denn sie hatten von meinem letzten 7-monatigen Aufenthalt viel herumerz\u00e4hlt. Sie luden Interessenten ein und nach unserem Fr\u00fchst\u00fcck trafen wir uns vor der abchsischen Zentralbibliothek.Einige warteten dort schon und weil das Wetter so sch\u00f6n fr\u00fchlingshaft war, beschlossen wir, uns ins Gr\u00fcne zu setzen. Das nebenstehende Caf\u00e9 erlaubte uns Tische und B\u00e4nke zu nutzen und so begann ich \u00fcber meine Reise zu erz\u00e4hlen. vor der Zentralbibliothek warten schon G\u00e4ste wir ziehen in den Garten Mein begrenzter Wortschatz ist nat\u00fcrlich immer so eine Sache, aber mein Flyer unterst\u00fctzt meine Erz\u00e4hlung und nat\u00fcrlich sprang auch Natascha ein, wenn ich etwas nicht so ausdr\u00fccken konnte. Viele Fragen, wie ich auf die Idee bekommen bin, wie unsere weitere Reise verlaufen soll. Aber besonders gab es auch viel Zustimmung zu der Idee, die Reise unter die \u00dcberschrift der V\u00f6lkerfreundschaft zu stellen. Mascha hatte noch eine Gitarre von ihrem Sohn mitgebracht und so gab es zum Schluss noch ein paar Gundermann-Lieder und alle gemeinsam sangen mit uns das russische Lied &#8222;Wir w\u00fcnschen dir viel Gl\u00fcck &#8211; \u041c\u044b \u0436\u0435\u043b\u0430\u0435\u043c \u0441\u0447\u0430\u0441\u0442\u044c\u044f \u0432\u0430\u043c&#8220; -nat\u00fcrlich in russisch, welches ich gemeinsam mit Natascha einge\u00fcbt hatte. Wir wussten, das an diesem Tag die Erlebnisse noch nicht zu Ende waren, denn wir hatten noch zwei Einladungen &#8230; siehe die n\u00e4chsten Blogeintr\u00e4ge. jeder hat was mitgebracht alle machen mit Lena stellt mich vor https:\/\/neuekarawane.de\/wp-content\/uploads\/2025\/05\/einbisschen-Gundermann.mp4<\/p>","protected":false},"author":1,"featured_media":0,"comment_status":"open","ping_status":"open","sticky":false,"template":"","format":"standard","meta":{"footnotes":""},"categories":[1],"tags":[],"class_list":["post-5521","post","type-post","status-publish","format-standard","hentry","category-allgemein"],"_links":{"self":[{"href":"https:\/\/neuekarawane.de\/ru\/wp-json\/wp\/v2\/posts\/5521","targetHints":{"allow":["GET"]}}],"collection":[{"href":"https:\/\/neuekarawane.de\/ru\/wp-json\/wp\/v2\/posts"}],"about":[{"href":"https:\/\/neuekarawane.de\/ru\/wp-json\/wp\/v2\/types\/post"}],"author":[{"embeddable":true,"href":"https:\/\/neuekarawane.de\/ru\/wp-json\/wp\/v2\/users\/1"}],"replies":[{"embeddable":true,"href":"https:\/\/neuekarawane.de\/ru\/wp-json\/wp\/v2\/comments?post=5521"}],"version-history":[{"count":4,"href":"https:\/\/neuekarawane.de\/ru\/wp-json\/wp\/v2\/posts\/5521\/revisions"}],"predecessor-version":[{"id":5532,"href":"https:\/\/neuekarawane.de\/ru\/wp-json\/wp\/v2\/posts\/5521\/revisions\/5532"}],"wp:attachment":[{"href":"https:\/\/neuekarawane.de\/ru\/wp-json\/wp\/v2\/media?parent=5521"}],"wp:term":[{"taxonomy":"category","embeddable":true,"href":"https:\/\/neuekarawane.de\/ru\/wp-json\/wp\/v2\/categories?post=5521"},{"taxonomy":"post_tag","embeddable":true,"href":"https:\/\/neuekarawane.de\/ru\/wp-json\/wp\/v2\/tags?post=5521"}],"curies":[{"name":"wp","href":"https:\/\/api.w.org\/{rel}","templated":true}]}}