{"id":8222,"date":"2025-12-10T10:29:58","date_gmt":"2025-12-10T09:29:58","guid":{"rendered":"https:\/\/neuekarawane.de\/?p=8222"},"modified":"2025-12-16T10:31:39","modified_gmt":"2025-12-16T09:31:39","slug":"geburtstag-in-familie","status":"publish","type":"post","link":"https:\/\/neuekarawane.de\/de_de\/2025\/12\/10\/geburtstag-in-familie\/","title":{"rendered":"Geburtstag in Familie"},"content":{"rendered":"\t\t<div data-elementor-type=\"wp-post\" data-elementor-id=\"8222\" class=\"elementor elementor-8222\">\n\t\t\t\t\t\t<section class=\"elementor-section elementor-top-section elementor-element elementor-element-49f296b elementor-section-boxed elementor-section-height-default elementor-section-height-default wpr-particle-no wpr-jarallax-no wpr-parallax-no wpr-sticky-section-no wpr-equal-height-no\" data-id=\"49f296b\" data-element_type=\"section\" data-e-type=\"section\">\n\t\t\t\t\t\t<div class=\"elementor-container elementor-column-gap-default\">\n\t\t\t\t\t<div class=\"elementor-column elementor-col-100 elementor-top-column elementor-element elementor-element-88c1d50\" data-id=\"88c1d50\" data-element_type=\"column\" data-e-type=\"column\">\n\t\t\t<div class=\"elementor-widget-wrap elementor-element-populated\">\n\t\t\t\t\t\t<div class=\"elementor-element elementor-element-57127b6 elementor-widget elementor-widget-image-gallery\" data-id=\"57127b6\" data-element_type=\"widget\" data-e-type=\"widget\" data-widget_type=\"image-gallery.default\">\n\t\t\t\t<div class=\"elementor-widget-container\">\n\t\t\t\t\t\t\t<div class=\"elementor-image-gallery\">\n\t\t\t<div id='gallery-1' class='gallery galleryid-8222 gallery-columns-3 gallery-size-medium'><figure class='gallery-item'>\n\t\t\t<div class='gallery-icon landscape'>\n\t\t\t\t<a data-elementor-open-lightbox=\"yes\" data-elementor-lightbox-slideshow=\"57127b6\" data-elementor-lightbox-title=\"unser Geschenk\" data-e-action-hash=\"#elementor-action%3Aaction%3Dlightbox%26settings%3DeyJpZCI6ODIzMSwidXJsIjoiaHR0cHM6XC9cL25ldWVrYXJhd2FuZS5kZVwvd3AtY29udGVudFwvdXBsb2Fkc1wvMjAyNVwvMTJcL3Vuc2VyLUdlc2NoZW5rLmpwZyIsInNsaWRlc2hvdyI6IjU3MTI3YjYifQ%3D%3D\" href='https:\/\/neuekarawane.de\/wp-content\/uploads\/2025\/12\/unser-Geschenk.jpg'><img fetchpriority=\"high\" decoding=\"async\" width=\"300\" height=\"300\" src=\"https:\/\/neuekarawane.de\/wp-content\/uploads\/2025\/12\/unser-Geschenk-300x300.jpg\" class=\"attachment-medium size-medium\" alt=\"unser Geschenk\" aria-describedby=\"gallery-1-8231\" srcset=\"https:\/\/neuekarawane.de\/wp-content\/uploads\/2025\/12\/unser-Geschenk-300x300.jpg 300w, https:\/\/neuekarawane.de\/wp-content\/uploads\/2025\/12\/unser-Geschenk-1024x1024.jpg 1024w, https:\/\/neuekarawane.de\/wp-content\/uploads\/2025\/12\/unser-Geschenk-150x150.jpg 150w, https:\/\/neuekarawane.de\/wp-content\/uploads\/2025\/12\/unser-Geschenk-768x768.jpg 768w, https:\/\/neuekarawane.de\/wp-content\/uploads\/2025\/12\/unser-Geschenk-12x12.jpg 12w, https:\/\/neuekarawane.de\/wp-content\/uploads\/2025\/12\/unser-Geschenk.jpg 1280w\" sizes=\"(max-width: 300px) 100vw, 300px\" \/><\/a>\n\t\t\t<\/div>\n\t\t\t\t<figcaption class='wp-caption-text gallery-caption' id='gallery-1-8231'>\n\t\t\t\tunser Geschenk\n\t\t\t\t<\/figcaption><\/figure><figure class='gallery-item'>\n\t\t\t<div class='gallery-icon landscape'>\n\t\t\t\t<a data-elementor-open-lightbox=\"yes\" data-elementor-lightbox-slideshow=\"57127b6\" data-elementor-lightbox-title=\"Lichter ausblasen\" data-e-action-hash=\"#elementor-action%3Aaction%3Dlightbox%26settings%3DeyJpZCI6ODIzMywidXJsIjoiaHR0cHM6XC9cL25ldWVrYXJhd2FuZS5kZVwvd3AtY29udGVudFwvdXBsb2Fkc1wvMjAyNVwvMTJcL0xpY2h0ZXItYXVzYmxhc2VuLXNjYWxlZC5qcGciLCJzbGlkZXNob3ciOiI1NzEyN2I2In0%3D\" href='https:\/\/neuekarawane.de\/wp-content\/uploads\/2025\/12\/Lichter-ausblasen-scaled.jpg'><img decoding=\"async\" width=\"300\" height=\"300\" src=\"https:\/\/neuekarawane.de\/wp-content\/uploads\/2025\/12\/Lichter-ausblasen-300x300.jpg\" class=\"attachment-medium size-medium\" alt=\"Lichter ausblasen\" aria-describedby=\"gallery-1-8233\" srcset=\"https:\/\/neuekarawane.de\/wp-content\/uploads\/2025\/12\/Lichter-ausblasen-300x300.jpg 300w, https:\/\/neuekarawane.de\/wp-content\/uploads\/2025\/12\/Lichter-ausblasen-1024x1024.jpg 1024w, https:\/\/neuekarawane.de\/wp-content\/uploads\/2025\/12\/Lichter-ausblasen-150x150.jpg 150w, https:\/\/neuekarawane.de\/wp-content\/uploads\/2025\/12\/Lichter-ausblasen-768x768.jpg 768w, https:\/\/neuekarawane.de\/wp-content\/uploads\/2025\/12\/Lichter-ausblasen-1536x1536.jpg 1536w, https:\/\/neuekarawane.de\/wp-content\/uploads\/2025\/12\/Lichter-ausblasen-2048x2048.jpg 2048w, https:\/\/neuekarawane.de\/wp-content\/uploads\/2025\/12\/Lichter-ausblasen-12x12.jpg 12w\" sizes=\"(max-width: 300px) 100vw, 300px\" \/><\/a>\n\t\t\t<\/div>\n\t\t\t\t<figcaption class='wp-caption-text gallery-caption' id='gallery-1-8233'>\n\t\t\t\tLichter ausblasen\n\t\t\t\t<\/figcaption><\/figure><figure class='gallery-item'>\n\t\t\t<div class='gallery-icon landscape'>\n\t\t\t\t<a data-elementor-open-lightbox=\"yes\" data-elementor-lightbox-slideshow=\"57127b6\" data-elementor-lightbox-title=\"Torte mit Aufschrift\" data-e-action-hash=\"#elementor-action%3Aaction%3Dlightbox%26settings%3DeyJpZCI6ODIzMiwidXJsIjoiaHR0cHM6XC9cL25ldWVrYXJhd2FuZS5kZVwvd3AtY29udGVudFwvdXBsb2Fkc1wvMjAyNVwvMTJcL1RvcnRlLW1pdC1BdWZzY2hyaWZ0LmpwZyIsInNsaWRlc2hvdyI6IjU3MTI3YjYifQ%3D%3D\" href='https:\/\/neuekarawane.de\/wp-content\/uploads\/2025\/12\/Torte-mit-Aufschrift.jpg'><img decoding=\"async\" width=\"300\" height=\"300\" src=\"https:\/\/neuekarawane.de\/wp-content\/uploads\/2025\/12\/Torte-mit-Aufschrift-300x300.jpg\" class=\"attachment-medium size-medium\" alt=\"Torte mit Aufschrift\" aria-describedby=\"gallery-1-8232\" srcset=\"https:\/\/neuekarawane.de\/wp-content\/uploads\/2025\/12\/Torte-mit-Aufschrift-300x300.jpg 300w, https:\/\/neuekarawane.de\/wp-content\/uploads\/2025\/12\/Torte-mit-Aufschrift-1024x1024.jpg 1024w, https:\/\/neuekarawane.de\/wp-content\/uploads\/2025\/12\/Torte-mit-Aufschrift-150x150.jpg 150w, https:\/\/neuekarawane.de\/wp-content\/uploads\/2025\/12\/Torte-mit-Aufschrift-768x768.jpg 768w, https:\/\/neuekarawane.de\/wp-content\/uploads\/2025\/12\/Torte-mit-Aufschrift-12x12.jpg 12w, https:\/\/neuekarawane.de\/wp-content\/uploads\/2025\/12\/Torte-mit-Aufschrift.jpg 1280w\" sizes=\"(max-width: 300px) 100vw, 300px\" \/><\/a>\n\t\t\t<\/div>\n\t\t\t\t<figcaption class='wp-caption-text gallery-caption' id='gallery-1-8232'>\n\t\t\t\tTorte mit Aufschrift\n\t\t\t\t<\/figcaption><\/figure>\n\t\t<\/div>\n\t\t<\/div>\n\t\t\t\t\t\t<\/div>\n\t\t\t\t<\/div>\n\t\t\t\t<div class=\"elementor-element elementor-element-16cb1c1 elementor-widget elementor-widget-text-editor\" data-id=\"16cb1c1\" data-element_type=\"widget\" data-e-type=\"widget\" data-widget_type=\"text-editor.default\">\n\t\t\t\t<div class=\"elementor-widget-container\">\n\t\t\t\t\t\t\t\t\t<p>Timur, der Sohn von Nataschas Schwester hat seinen 14. Geburtstag. Das ist schon so erwachsen, dass er einen Ausweis beantragen kann. Wir sind eingeladen in die Gastst\u00e4tte um die Ecke und haben unsere Geschenke eingepackt.<\/p>\t\t\t\t\t\t\t\t<\/div>\n\t\t\t\t<\/div>\n\t\t\t\t<div class=\"elementor-element elementor-element-01daba9 elementor-widget elementor-widget-image-gallery\" data-id=\"01daba9\" data-element_type=\"widget\" data-e-type=\"widget\" data-widget_type=\"image-gallery.default\">\n\t\t\t\t<div class=\"elementor-widget-container\">\n\t\t\t\t\t\t\t<div class=\"elementor-image-gallery\">\n\t\t\t<div id='gallery-2' class='gallery galleryid-8222 gallery-columns-3 gallery-size-medium'><figure class='gallery-item'>\n\t\t\t<div class='gallery-icon landscape'>\n\t\t\t\t<a data-elementor-open-lightbox=\"yes\" data-elementor-lightbox-slideshow=\"01daba9\" data-elementor-lightbox-title=\"Die Geburtstagstorte\" data-e-action-hash=\"#elementor-action%3Aaction%3Dlightbox%26settings%3DeyJpZCI6ODIzNiwidXJsIjoiaHR0cHM6XC9cL25ldWVrYXJhd2FuZS5kZVwvd3AtY29udGVudFwvdXBsb2Fkc1wvMjAyNVwvMTJcL0RpZS1HZWJ1cnRzdGFnc3RvcnRlLXNjYWxlZC5qcGciLCJzbGlkZXNob3ciOiIwMWRhYmE5In0%3D\" href='https:\/\/neuekarawane.de\/wp-content\/uploads\/2025\/12\/Die-Geburtstagstorte-scaled.jpg'><img loading=\"lazy\" decoding=\"async\" width=\"300\" height=\"300\" src=\"https:\/\/neuekarawane.de\/wp-content\/uploads\/2025\/12\/Die-Geburtstagstorte-300x300.jpg\" class=\"attachment-medium size-medium\" alt=\"Die Geburtstagstorte\" aria-describedby=\"gallery-2-8236\" srcset=\"https:\/\/neuekarawane.de\/wp-content\/uploads\/2025\/12\/Die-Geburtstagstorte-300x300.jpg 300w, https:\/\/neuekarawane.de\/wp-content\/uploads\/2025\/12\/Die-Geburtstagstorte-1024x1024.jpg 1024w, https:\/\/neuekarawane.de\/wp-content\/uploads\/2025\/12\/Die-Geburtstagstorte-150x150.jpg 150w, https:\/\/neuekarawane.de\/wp-content\/uploads\/2025\/12\/Die-Geburtstagstorte-768x768.jpg 768w, https:\/\/neuekarawane.de\/wp-content\/uploads\/2025\/12\/Die-Geburtstagstorte-1536x1536.jpg 1536w, https:\/\/neuekarawane.de\/wp-content\/uploads\/2025\/12\/Die-Geburtstagstorte-2048x2048.jpg 2048w, https:\/\/neuekarawane.de\/wp-content\/uploads\/2025\/12\/Die-Geburtstagstorte-12x12.jpg 12w\" sizes=\"(max-width: 300px) 100vw, 300px\" \/><\/a>\n\t\t\t<\/div>\n\t\t\t\t<figcaption class='wp-caption-text gallery-caption' id='gallery-2-8236'>\n\t\t\t\tDie Geburtstagstorte\n\t\t\t\t<\/figcaption><\/figure><figure class='gallery-item'>\n\t\t\t<div class='gallery-icon landscape'>\n\t\t\t\t<a data-elementor-open-lightbox=\"yes\" data-elementor-lightbox-slideshow=\"01daba9\" data-elementor-lightbox-title=\"Olivia schmeckt es\" data-e-action-hash=\"#elementor-action%3Aaction%3Dlightbox%26settings%3DeyJpZCI6ODIzNCwidXJsIjoiaHR0cHM6XC9cL25ldWVrYXJhd2FuZS5kZVwvd3AtY29udGVudFwvdXBsb2Fkc1wvMjAyNVwvMTJcL09saXZpYS1zY2htZWNrdC1lcy1zY2FsZWQuanBnIiwic2xpZGVzaG93IjoiMDFkYWJhOSJ9\" href='https:\/\/neuekarawane.de\/wp-content\/uploads\/2025\/12\/Olivia-schmeckt-es-scaled.jpg'><img loading=\"lazy\" decoding=\"async\" width=\"300\" height=\"300\" src=\"https:\/\/neuekarawane.de\/wp-content\/uploads\/2025\/12\/Olivia-schmeckt-es-300x300.jpg\" class=\"attachment-medium size-medium\" alt=\"Olivia schmeckt es\" aria-describedby=\"gallery-2-8234\" srcset=\"https:\/\/neuekarawane.de\/wp-content\/uploads\/2025\/12\/Olivia-schmeckt-es-300x300.jpg 300w, https:\/\/neuekarawane.de\/wp-content\/uploads\/2025\/12\/Olivia-schmeckt-es-1024x1024.jpg 1024w, https:\/\/neuekarawane.de\/wp-content\/uploads\/2025\/12\/Olivia-schmeckt-es-150x150.jpg 150w, https:\/\/neuekarawane.de\/wp-content\/uploads\/2025\/12\/Olivia-schmeckt-es-768x768.jpg 768w, https:\/\/neuekarawane.de\/wp-content\/uploads\/2025\/12\/Olivia-schmeckt-es-1536x1536.jpg 1536w, https:\/\/neuekarawane.de\/wp-content\/uploads\/2025\/12\/Olivia-schmeckt-es-2048x2048.jpg 2048w, https:\/\/neuekarawane.de\/wp-content\/uploads\/2025\/12\/Olivia-schmeckt-es-12x12.jpg 12w\" sizes=\"(max-width: 300px) 100vw, 300px\" \/><\/a>\n\t\t\t<\/div>\n\t\t\t\t<figcaption class='wp-caption-text gallery-caption' id='gallery-2-8234'>\n\t\t\t\tOlivia schmeckt es\n\t\t\t\t<\/figcaption><\/figure><figure class='gallery-item'>\n\t\t\t<div class='gallery-icon landscape'>\n\t\t\t\t<a data-elementor-open-lightbox=\"yes\" data-elementor-lightbox-slideshow=\"01daba9\" data-elementor-lightbox-title=\"die H\u00e4lfte ist schon weg\" data-e-action-hash=\"#elementor-action%3Aaction%3Dlightbox%26settings%3DeyJpZCI6ODIzNSwidXJsIjoiaHR0cHM6XC9cL25ldWVrYXJhd2FuZS5kZVwvd3AtY29udGVudFwvdXBsb2Fkc1wvMjAyNVwvMTJcL2RpZS1IYWVsZnRlLWlzdC1zY2hvbi13ZWctc2NhbGVkLmpwZyIsInNsaWRlc2hvdyI6IjAxZGFiYTkifQ%3D%3D\" href='https:\/\/neuekarawane.de\/wp-content\/uploads\/2025\/12\/die-Haelfte-ist-schon-weg-scaled.jpg'><img loading=\"lazy\" decoding=\"async\" width=\"300\" height=\"300\" src=\"https:\/\/neuekarawane.de\/wp-content\/uploads\/2025\/12\/die-Haelfte-ist-schon-weg-300x300.jpg\" class=\"attachment-medium size-medium\" alt=\"die H\u00e4lfte ist schon weg\" aria-describedby=\"gallery-2-8235\" srcset=\"https:\/\/neuekarawane.de\/wp-content\/uploads\/2025\/12\/die-Haelfte-ist-schon-weg-300x300.jpg 300w, https:\/\/neuekarawane.de\/wp-content\/uploads\/2025\/12\/die-Haelfte-ist-schon-weg-1024x1024.jpg 1024w, https:\/\/neuekarawane.de\/wp-content\/uploads\/2025\/12\/die-Haelfte-ist-schon-weg-150x150.jpg 150w, https:\/\/neuekarawane.de\/wp-content\/uploads\/2025\/12\/die-Haelfte-ist-schon-weg-768x768.jpg 768w, https:\/\/neuekarawane.de\/wp-content\/uploads\/2025\/12\/die-Haelfte-ist-schon-weg-1536x1536.jpg 1536w, https:\/\/neuekarawane.de\/wp-content\/uploads\/2025\/12\/die-Haelfte-ist-schon-weg-2048x2048.jpg 2048w, https:\/\/neuekarawane.de\/wp-content\/uploads\/2025\/12\/die-Haelfte-ist-schon-weg-12x12.jpg 12w\" sizes=\"(max-width: 300px) 100vw, 300px\" \/><\/a>\n\t\t\t<\/div>\n\t\t\t\t<figcaption class='wp-caption-text gallery-caption' id='gallery-2-8235'>\n\t\t\t\tdie H\u00e4lfte ist schon weg\n\t\t\t\t<\/figcaption><\/figure>\n\t\t<\/div>\n\t\t<\/div>\n\t\t\t\t\t\t<\/div>\n\t\t\t\t<\/div>\n\t\t\t\t<div class=\"elementor-element elementor-element-81c1aaf elementor-widget elementor-widget-image-gallery\" data-id=\"81c1aaf\" data-element_type=\"widget\" data-e-type=\"widget\" data-widget_type=\"image-gallery.default\">\n\t\t\t\t<div class=\"elementor-widget-container\">\n\t\t\t\t\t\t\t<div class=\"elementor-image-gallery\">\n\t\t\t<div id='gallery-3' class='gallery galleryid-8222 gallery-columns-2 gallery-size-medium'><figure class='gallery-item'>\n\t\t\t<div class='gallery-icon landscape'>\n\t\t\t\t<a data-elementor-open-lightbox=\"yes\" data-elementor-lightbox-slideshow=\"81c1aaf\" data-elementor-lightbox-title=\"die gro\u00dfe Schwester Karina\" data-e-action-hash=\"#elementor-action%3Aaction%3Dlightbox%26settings%3DeyJpZCI6ODIzOCwidXJsIjoiaHR0cHM6XC9cL25ldWVrYXJhd2FuZS5kZVwvd3AtY29udGVudFwvdXBsb2Fkc1wvMjAyNVwvMTJcL2RpZS1ncm9zc2UtU2Nod2VzdGVyLUthcmluYS1zY2FsZWQuanBnIiwic2xpZGVzaG93IjoiODFjMWFhZiJ9\" href='https:\/\/neuekarawane.de\/wp-content\/uploads\/2025\/12\/die-grosse-Schwester-Karina-scaled.jpg'><img loading=\"lazy\" decoding=\"async\" width=\"300\" height=\"300\" src=\"https:\/\/neuekarawane.de\/wp-content\/uploads\/2025\/12\/die-grosse-Schwester-Karina-300x300.jpg\" class=\"attachment-medium size-medium\" alt=\"die gro\u00dfe Schwester Karina\" aria-describedby=\"gallery-3-8238\" srcset=\"https:\/\/neuekarawane.de\/wp-content\/uploads\/2025\/12\/die-grosse-Schwester-Karina-300x300.jpg 300w, https:\/\/neuekarawane.de\/wp-content\/uploads\/2025\/12\/die-grosse-Schwester-Karina-1024x1024.jpg 1024w, https:\/\/neuekarawane.de\/wp-content\/uploads\/2025\/12\/die-grosse-Schwester-Karina-150x150.jpg 150w, https:\/\/neuekarawane.de\/wp-content\/uploads\/2025\/12\/die-grosse-Schwester-Karina-768x768.jpg 768w, https:\/\/neuekarawane.de\/wp-content\/uploads\/2025\/12\/die-grosse-Schwester-Karina-1536x1536.jpg 1536w, https:\/\/neuekarawane.de\/wp-content\/uploads\/2025\/12\/die-grosse-Schwester-Karina-2048x2048.jpg 2048w, https:\/\/neuekarawane.de\/wp-content\/uploads\/2025\/12\/die-grosse-Schwester-Karina-12x12.jpg 12w\" sizes=\"(max-width: 300px) 100vw, 300px\" \/><\/a>\n\t\t\t<\/div>\n\t\t\t\t<figcaption class='wp-caption-text gallery-caption' id='gallery-3-8238'>\n\t\t\t\tdie gro\u00dfe Schwester Karina\n\t\t\t\t<\/figcaption><\/figure><figure class='gallery-item'>\n\t\t\t<div class='gallery-icon landscape'>\n\t\t\t\t<a data-elementor-open-lightbox=\"yes\" data-elementor-lightbox-slideshow=\"81c1aaf\" data-elementor-lightbox-title=\"Die Geburtstagsgesellschaft\" data-e-action-hash=\"#elementor-action%3Aaction%3Dlightbox%26settings%3DeyJpZCI6ODIzNywidXJsIjoiaHR0cHM6XC9cL25ldWVrYXJhd2FuZS5kZVwvd3AtY29udGVudFwvdXBsb2Fkc1wvMjAyNVwvMTJcL0RpZS1HZWJ1cnRzdGFnc2dlc2VsbHNjaGFmdC1zY2FsZWQuanBnIiwic2xpZGVzaG93IjoiODFjMWFhZiJ9\" href='https:\/\/neuekarawane.de\/wp-content\/uploads\/2025\/12\/Die-Geburtstagsgesellschaft-scaled.jpg'><img loading=\"lazy\" decoding=\"async\" width=\"300\" height=\"300\" src=\"https:\/\/neuekarawane.de\/wp-content\/uploads\/2025\/12\/Die-Geburtstagsgesellschaft-300x300.jpg\" class=\"attachment-medium size-medium\" alt=\"Die Geburtstagsgesellschaft\" aria-describedby=\"gallery-3-8237\" srcset=\"https:\/\/neuekarawane.de\/wp-content\/uploads\/2025\/12\/Die-Geburtstagsgesellschaft-300x300.jpg 300w, https:\/\/neuekarawane.de\/wp-content\/uploads\/2025\/12\/Die-Geburtstagsgesellschaft-1024x1024.jpg 1024w, https:\/\/neuekarawane.de\/wp-content\/uploads\/2025\/12\/Die-Geburtstagsgesellschaft-150x150.jpg 150w, https:\/\/neuekarawane.de\/wp-content\/uploads\/2025\/12\/Die-Geburtstagsgesellschaft-768x768.jpg 768w, https:\/\/neuekarawane.de\/wp-content\/uploads\/2025\/12\/Die-Geburtstagsgesellschaft-1536x1536.jpg 1536w, https:\/\/neuekarawane.de\/wp-content\/uploads\/2025\/12\/Die-Geburtstagsgesellschaft-2048x2048.jpg 2048w, https:\/\/neuekarawane.de\/wp-content\/uploads\/2025\/12\/Die-Geburtstagsgesellschaft-12x12.jpg 12w\" sizes=\"(max-width: 300px) 100vw, 300px\" \/><\/a>\n\t\t\t<\/div>\n\t\t\t\t<figcaption class='wp-caption-text gallery-caption' id='gallery-3-8237'>\n\t\t\t\tDie Geburtstagsgesellschaft\n\t\t\t\t<\/figcaption><\/figure>\n\t\t<\/div>\n\t\t<\/div>\n\t\t\t\t\t\t<\/div>\n\t\t\t\t<\/div>\n\t\t\t\t\t<\/div>\n\t\t<\/div>\n\t\t\t\t\t<\/div>\n\t\t<\/section>\n\t\t\t\t<\/div>\n\t\t","protected":false},"excerpt":{"rendered":"<p>unser Geschenk Lichter ausblasen Torte mit Aufschrift Timur, der Sohn von Nataschas Schwester hat seinen 14. Geburtstag. Das ist schon so erwachsen, dass er einen Ausweis beantragen kann. Wir sind eingeladen in die Gastst\u00e4tte um die Ecke und haben unsere Geschenke eingepackt. Die Geburtstagstorte Olivia schmeckt es die H\u00e4lfte ist schon weg die gro\u00dfe Schwester Karina Die Geburtstagsgesellschaft<\/p>\n","protected":false},"author":1,"featured_media":0,"comment_status":"open","ping_status":"open","sticky":false,"template":"","format":"standard","meta":{"footnotes":""},"categories":[1],"tags":[],"class_list":["post-8222","post","type-post","status-publish","format-standard","hentry","category-allgemein"],"_links":{"self":[{"href":"https:\/\/neuekarawane.de\/de_de\/wp-json\/wp\/v2\/posts\/8222","targetHints":{"allow":["GET"]}}],"collection":[{"href":"https:\/\/neuekarawane.de\/de_de\/wp-json\/wp\/v2\/posts"}],"about":[{"href":"https:\/\/neuekarawane.de\/de_de\/wp-json\/wp\/v2\/types\/post"}],"author":[{"embeddable":true,"href":"https:\/\/neuekarawane.de\/de_de\/wp-json\/wp\/v2\/users\/1"}],"replies":[{"embeddable":true,"href":"https:\/\/neuekarawane.de\/de_de\/wp-json\/wp\/v2\/comments?post=8222"}],"version-history":[{"count":4,"href":"https:\/\/neuekarawane.de\/de_de\/wp-json\/wp\/v2\/posts\/8222\/revisions"}],"predecessor-version":[{"id":8241,"href":"https:\/\/neuekarawane.de\/de_de\/wp-json\/wp\/v2\/posts\/8222\/revisions\/8241"}],"wp:attachment":[{"href":"https:\/\/neuekarawane.de\/de_de\/wp-json\/wp\/v2\/media?parent=8222"}],"wp:term":[{"taxonomy":"category","embeddable":true,"href":"https:\/\/neuekarawane.de\/de_de\/wp-json\/wp\/v2\/categories?post=8222"},{"taxonomy":"post_tag","embeddable":true,"href":"https:\/\/neuekarawane.de\/de_de\/wp-json\/wp\/v2\/tags?post=8222"}],"curies":[{"name":"wp","href":"https:\/\/api.w.org\/{rel}","templated":true}]}}