{"id":6599,"date":"2025-07-11T05:25:50","date_gmt":"2025-07-11T03:25:50","guid":{"rendered":"https:\/\/neuekarawane.de\/?p=6599"},"modified":"2025-07-24T07:29:40","modified_gmt":"2025-07-24T05:29:40","slug":"tschita","status":"publish","type":"post","link":"https:\/\/neuekarawane.de\/de_de\/2025\/07\/11\/tschita\/","title":{"rendered":"Tschita"},"content":{"rendered":"\t\t<div data-elementor-type=\"wp-post\" data-elementor-id=\"6599\" class=\"elementor elementor-6599\">\n\t\t\t\t\t\t<section class=\"elementor-section elementor-top-section elementor-element elementor-element-616a631 elementor-section-boxed elementor-section-height-default elementor-section-height-default wpr-particle-no wpr-jarallax-no wpr-parallax-no wpr-sticky-section-no wpr-equal-height-no\" data-id=\"616a631\" data-element_type=\"section\" data-e-type=\"section\">\n\t\t\t\t\t\t<div class=\"elementor-container elementor-column-gap-default\">\n\t\t\t\t\t<div class=\"elementor-column elementor-col-100 elementor-top-column elementor-element elementor-element-be3af23\" data-id=\"be3af23\" data-element_type=\"column\" data-e-type=\"column\">\n\t\t\t<div class=\"elementor-widget-wrap elementor-element-populated\">\n\t\t\t\t\t\t<div class=\"elementor-element elementor-element-5db31bc elementor-widget elementor-widget-text-editor\" data-id=\"5db31bc\" data-element_type=\"widget\" data-e-type=\"widget\" data-widget_type=\"text-editor.default\">\n\t\t\t\t<div class=\"elementor-widget-container\">\n\t\t\t\t\t\t\t\t\t<p>Die n\u00e4chste gr\u00f6\u00dfere Stadt in Sibirien auf der Magistrale &#8222;Baikal&#8220; war die Stadt Tschita (ca.350.000 Einwohner).<br \/>Wie so oft in Sibirien tragen die St\u00e4dte den Namen der Fl\u00fcsse.<br \/>Als erste Station entdeckten wir einen gro\u00dfen See vor den Toren der Stadt. Er erinnerte stark an das Tifliser Meer und wir \u00fcbernachteten auch gleich an seinem Ufer.<\/p>\t\t\t\t\t\t\t\t<\/div>\n\t\t\t\t<\/div>\n\t\t\t\t<div class=\"elementor-element elementor-element-d7c5f15 elementor-widget elementor-widget-image-gallery\" data-id=\"d7c5f15\" data-element_type=\"widget\" data-e-type=\"widget\" data-widget_type=\"image-gallery.default\">\n\t\t\t\t<div class=\"elementor-widget-container\">\n\t\t\t\t\t\t\t<div class=\"elementor-image-gallery\">\n\t\t\t<div id='gallery-1' class='gallery galleryid-6599 gallery-columns-3 gallery-size-medium'><figure class='gallery-item'>\n\t\t\t<div class='gallery-icon portrait'>\n\t\t\t\t<a data-elementor-open-lightbox=\"yes\" data-elementor-lightbox-slideshow=\"d7c5f15\" data-elementor-lightbox-title=\"der See Kenon\" data-e-action-hash=\"#elementor-action%3Aaction%3Dlightbox%26settings%3DeyJpZCI6NjYwMywidXJsIjoiaHR0cHM6XC9cL25ldWVrYXJhd2FuZS5kZVwvd3AtY29udGVudFwvdXBsb2Fkc1wvMjAyNVwvMDdcL2Rlci1TZWUtS2Vub24uanBnIiwic2xpZGVzaG93IjoiZDdjNWYxNSJ9\" href='https:\/\/neuekarawane.de\/wp-content\/uploads\/2025\/07\/der-See-Kenon.jpg'><img fetchpriority=\"high\" decoding=\"async\" width=\"169\" height=\"300\" src=\"https:\/\/neuekarawane.de\/wp-content\/uploads\/2025\/07\/der-See-Kenon-169x300.jpg\" class=\"attachment-medium size-medium\" alt=\"\" aria-describedby=\"gallery-1-6603\" srcset=\"https:\/\/neuekarawane.de\/wp-content\/uploads\/2025\/07\/der-See-Kenon-169x300.jpg 169w, https:\/\/neuekarawane.de\/wp-content\/uploads\/2025\/07\/der-See-Kenon-576x1024.jpg 576w, https:\/\/neuekarawane.de\/wp-content\/uploads\/2025\/07\/der-See-Kenon-7x12.jpg 7w, https:\/\/neuekarawane.de\/wp-content\/uploads\/2025\/07\/der-See-Kenon.jpg 720w\" sizes=\"(max-width: 169px) 100vw, 169px\" \/><\/a>\n\t\t\t<\/div>\n\t\t\t\t<figcaption class='wp-caption-text gallery-caption' id='gallery-1-6603'>\n\t\t\t\tder See Kenon\n\t\t\t\t<\/figcaption><\/figure><figure class='gallery-item'>\n\t\t\t<div class='gallery-icon portrait'>\n\t\t\t\t<a data-elementor-open-lightbox=\"yes\" data-elementor-lightbox-slideshow=\"d7c5f15\" data-elementor-lightbox-title=\"Mondnacht\" data-e-action-hash=\"#elementor-action%3Aaction%3Dlightbox%26settings%3DeyJpZCI6NjYwMiwidXJsIjoiaHR0cHM6XC9cL25ldWVrYXJhd2FuZS5kZVwvd3AtY29udGVudFwvdXBsb2Fkc1wvMjAyNVwvMDdcL01vbmRuYWNodC5qcGciLCJzbGlkZXNob3ciOiJkN2M1ZjE1In0%3D\" href='https:\/\/neuekarawane.de\/wp-content\/uploads\/2025\/07\/Mondnacht.jpg'><img decoding=\"async\" width=\"169\" height=\"300\" src=\"https:\/\/neuekarawane.de\/wp-content\/uploads\/2025\/07\/Mondnacht-169x300.jpg\" class=\"attachment-medium size-medium\" alt=\"\" aria-describedby=\"gallery-1-6602\" srcset=\"https:\/\/neuekarawane.de\/wp-content\/uploads\/2025\/07\/Mondnacht-169x300.jpg 169w, https:\/\/neuekarawane.de\/wp-content\/uploads\/2025\/07\/Mondnacht-576x1024.jpg 576w, https:\/\/neuekarawane.de\/wp-content\/uploads\/2025\/07\/Mondnacht-7x12.jpg 7w, https:\/\/neuekarawane.de\/wp-content\/uploads\/2025\/07\/Mondnacht.jpg 720w\" sizes=\"(max-width: 169px) 100vw, 169px\" \/><\/a>\n\t\t\t<\/div>\n\t\t\t\t<figcaption class='wp-caption-text gallery-caption' id='gallery-1-6602'>\n\t\t\t\tMondnacht\n\t\t\t\t<\/figcaption><\/figure><figure class='gallery-item'>\n\t\t\t<div class='gallery-icon portrait'>\n\t\t\t\t<a data-elementor-open-lightbox=\"yes\" data-elementor-lightbox-slideshow=\"d7c5f15\" data-elementor-lightbox-title=\"Br\u00fccke \u00fcber den Fluss Tschita\" data-e-action-hash=\"#elementor-action%3Aaction%3Dlightbox%26settings%3DeyJpZCI6NjYwNCwidXJsIjoiaHR0cHM6XC9cL25ldWVrYXJhd2FuZS5kZVwvd3AtY29udGVudFwvdXBsb2Fkc1wvMjAyNVwvMDdcL0JydWVja2UtdWViZXItZGVuLUZsdXNzLVRzY2hpdGEuanBnIiwic2xpZGVzaG93IjoiZDdjNWYxNSJ9\" href='https:\/\/neuekarawane.de\/wp-content\/uploads\/2025\/07\/Bruecke-ueber-den-Fluss-Tschita.jpg'><img decoding=\"async\" width=\"169\" height=\"300\" src=\"https:\/\/neuekarawane.de\/wp-content\/uploads\/2025\/07\/Bruecke-ueber-den-Fluss-Tschita-169x300.jpg\" class=\"attachment-medium size-medium\" alt=\"Br\u00fccke \u00fcber den Fluss Tschita\" aria-describedby=\"gallery-1-6604\" srcset=\"https:\/\/neuekarawane.de\/wp-content\/uploads\/2025\/07\/Bruecke-ueber-den-Fluss-Tschita-169x300.jpg 169w, https:\/\/neuekarawane.de\/wp-content\/uploads\/2025\/07\/Bruecke-ueber-den-Fluss-Tschita-576x1024.jpg 576w, https:\/\/neuekarawane.de\/wp-content\/uploads\/2025\/07\/Bruecke-ueber-den-Fluss-Tschita-7x12.jpg 7w, https:\/\/neuekarawane.de\/wp-content\/uploads\/2025\/07\/Bruecke-ueber-den-Fluss-Tschita.jpg 720w\" sizes=\"(max-width: 169px) 100vw, 169px\" \/><\/a>\n\t\t\t<\/div>\n\t\t\t\t<figcaption class='wp-caption-text gallery-caption' id='gallery-1-6604'>\n\t\t\t\tBr\u00fccke \u00fcber den Fluss Tschita\n\t\t\t\t<\/figcaption><\/figure>\n\t\t<\/div>\n\t\t<\/div>\n\t\t\t\t\t\t<\/div>\n\t\t\t\t<\/div>\n\t\t\t\t<div class=\"elementor-element elementor-element-5d08386 elementor-widget elementor-widget-text-editor\" data-id=\"5d08386\" data-element_type=\"widget\" data-e-type=\"widget\" data-widget_type=\"text-editor.default\">\n\t\t\t\t<div class=\"elementor-widget-container\">\n\t\t\t\t\t\t\t\t\t<p>Temperaturen um die 30 Grad l\u00e4hmten etwas unseren Enthusiasmus. Wir sahen uns dann im Zentrumvon Tschita um (nat\u00fcrlich auf dem Leninplatz), schleckerten Eis und genossen die angenehme Innentemperatur der gro\u00dfen Kirche.<\/p>\t\t\t\t\t\t\t\t<\/div>\n\t\t\t\t<\/div>\n\t\t\t\t<div class=\"elementor-element elementor-element-615e5ad elementor-widget elementor-widget-image-gallery\" data-id=\"615e5ad\" data-element_type=\"widget\" data-e-type=\"widget\" data-widget_type=\"image-gallery.default\">\n\t\t\t\t<div class=\"elementor-widget-container\">\n\t\t\t\t\t\t\t<div class=\"elementor-image-gallery\">\n\t\t\t<div id='gallery-2' class='gallery galleryid-6599 gallery-columns-3 gallery-size-medium'><figure class='gallery-item'>\n\t\t\t<div class='gallery-icon landscape'>\n\t\t\t\t<a data-elementor-open-lightbox=\"yes\" data-elementor-lightbox-slideshow=\"615e5ad\" data-elementor-lightbox-title=\"Leninplatz\" data-e-action-hash=\"#elementor-action%3Aaction%3Dlightbox%26settings%3DeyJpZCI6NjYwNSwidXJsIjoiaHR0cHM6XC9cL25ldWVrYXJhd2FuZS5kZVwvd3AtY29udGVudFwvdXBsb2Fkc1wvMjAyNVwvMDdcL0xlbmlucGxhdHouanBnIiwic2xpZGVzaG93IjoiNjE1ZTVhZCJ9\" href='https:\/\/neuekarawane.de\/wp-content\/uploads\/2025\/07\/Leninplatz.jpg'><img loading=\"lazy\" decoding=\"async\" width=\"300\" height=\"169\" src=\"https:\/\/neuekarawane.de\/wp-content\/uploads\/2025\/07\/Leninplatz-300x169.jpg\" class=\"attachment-medium size-medium\" alt=\"Leninplatz\" aria-describedby=\"gallery-2-6605\" srcset=\"https:\/\/neuekarawane.de\/wp-content\/uploads\/2025\/07\/Leninplatz-300x169.jpg 300w, https:\/\/neuekarawane.de\/wp-content\/uploads\/2025\/07\/Leninplatz-1024x576.jpg 1024w, https:\/\/neuekarawane.de\/wp-content\/uploads\/2025\/07\/Leninplatz-768x432.jpg 768w, https:\/\/neuekarawane.de\/wp-content\/uploads\/2025\/07\/Leninplatz-18x10.jpg 18w, https:\/\/neuekarawane.de\/wp-content\/uploads\/2025\/07\/Leninplatz.jpg 1280w\" sizes=\"(max-width: 300px) 100vw, 300px\" \/><\/a>\n\t\t\t<\/div>\n\t\t\t\t<figcaption class='wp-caption-text gallery-caption' id='gallery-2-6605'>\n\t\t\t\tLeninplatz\n\t\t\t\t<\/figcaption><\/figure><figure class='gallery-item'>\n\t\t\t<div class='gallery-icon portrait'>\n\t\t\t\t<a data-elementor-open-lightbox=\"yes\" data-elementor-lightbox-slideshow=\"615e5ad\" data-elementor-lightbox-title=\"im Zentrum\" data-e-action-hash=\"#elementor-action%3Aaction%3Dlightbox%26settings%3DeyJpZCI6NjYwNiwidXJsIjoiaHR0cHM6XC9cL25ldWVrYXJhd2FuZS5kZVwvd3AtY29udGVudFwvdXBsb2Fkc1wvMjAyNVwvMDdcL2ltLVplbnRydW0uanBnIiwic2xpZGVzaG93IjoiNjE1ZTVhZCJ9\" href='https:\/\/neuekarawane.de\/wp-content\/uploads\/2025\/07\/im-Zentrum.jpg'><img loading=\"lazy\" decoding=\"async\" width=\"169\" height=\"300\" src=\"https:\/\/neuekarawane.de\/wp-content\/uploads\/2025\/07\/im-Zentrum-169x300.jpg\" class=\"attachment-medium size-medium\" alt=\"im Zentrum\" aria-describedby=\"gallery-2-6606\" srcset=\"https:\/\/neuekarawane.de\/wp-content\/uploads\/2025\/07\/im-Zentrum-169x300.jpg 169w, https:\/\/neuekarawane.de\/wp-content\/uploads\/2025\/07\/im-Zentrum-576x1024.jpg 576w, https:\/\/neuekarawane.de\/wp-content\/uploads\/2025\/07\/im-Zentrum-7x12.jpg 7w, https:\/\/neuekarawane.de\/wp-content\/uploads\/2025\/07\/im-Zentrum.jpg 720w\" sizes=\"(max-width: 169px) 100vw, 169px\" \/><\/a>\n\t\t\t<\/div>\n\t\t\t\t<figcaption class='wp-caption-text gallery-caption' id='gallery-2-6606'>\n\t\t\t\tim Zentrum\n\t\t\t\t<\/figcaption><\/figure><figure class='gallery-item'>\n\t\t\t<div class='gallery-icon portrait'>\n\t\t\t\t<a data-elementor-open-lightbox=\"yes\" data-elementor-lightbox-slideshow=\"615e5ad\" data-elementor-lightbox-title=\"Auf dem Leninplatz\" data-e-action-hash=\"#elementor-action%3Aaction%3Dlightbox%26settings%3DeyJpZCI6NjYwNywidXJsIjoiaHR0cHM6XC9cL25ldWVrYXJhd2FuZS5kZVwvd3AtY29udGVudFwvdXBsb2Fkc1wvMjAyNVwvMDdcL0F1Zi1kZW0tTGVuaW5wbGF0ei5qcGciLCJzbGlkZXNob3ciOiI2MTVlNWFkIn0%3D\" href='https:\/\/neuekarawane.de\/wp-content\/uploads\/2025\/07\/Auf-dem-Leninplatz.jpg'><img loading=\"lazy\" decoding=\"async\" width=\"169\" height=\"300\" src=\"https:\/\/neuekarawane.de\/wp-content\/uploads\/2025\/07\/Auf-dem-Leninplatz-169x300.jpg\" class=\"attachment-medium size-medium\" alt=\"Auf dem Leninplatz\" aria-describedby=\"gallery-2-6607\" srcset=\"https:\/\/neuekarawane.de\/wp-content\/uploads\/2025\/07\/Auf-dem-Leninplatz-169x300.jpg 169w, https:\/\/neuekarawane.de\/wp-content\/uploads\/2025\/07\/Auf-dem-Leninplatz-576x1024.jpg 576w, https:\/\/neuekarawane.de\/wp-content\/uploads\/2025\/07\/Auf-dem-Leninplatz-7x12.jpg 7w, https:\/\/neuekarawane.de\/wp-content\/uploads\/2025\/07\/Auf-dem-Leninplatz.jpg 720w\" sizes=\"(max-width: 169px) 100vw, 169px\" \/><\/a>\n\t\t\t<\/div>\n\t\t\t\t<figcaption class='wp-caption-text gallery-caption' id='gallery-2-6607'>\n\t\t\t\tAuf dem Leninplatz\n\t\t\t\t<\/figcaption><\/figure>\n\t\t<\/div>\n\t\t<\/div>\n\t\t\t\t\t\t<\/div>\n\t\t\t\t<\/div>\n\t\t\t\t<div class=\"elementor-element elementor-element-f7badb6 elementor-widget elementor-widget-image-gallery\" data-id=\"f7badb6\" data-element_type=\"widget\" data-e-type=\"widget\" data-widget_type=\"image-gallery.default\">\n\t\t\t\t<div class=\"elementor-widget-container\">\n\t\t\t\t\t\t\t<div class=\"elementor-image-gallery\">\n\t\t\t<div id='gallery-3' class='gallery galleryid-6599 gallery-columns-3 gallery-size-medium'><figure class='gallery-item'>\n\t\t\t<div class='gallery-icon landscape'>\n\t\t\t\t<a data-elementor-open-lightbox=\"yes\" data-elementor-lightbox-slideshow=\"f7badb6\" data-elementor-lightbox-title=\"Kirche Alaxandra Newskowo\" data-e-action-hash=\"#elementor-action%3Aaction%3Dlightbox%26settings%3DeyJpZCI6NjYxMCwidXJsIjoiaHR0cHM6XC9cL25ldWVrYXJhd2FuZS5kZVwvd3AtY29udGVudFwvdXBsb2Fkc1wvMjAyNVwvMDdcL0tpcmNoZS1BbGF4YW5kcmEtTmV3c2tvd28tc2NhbGVkLmpwZyIsInNsaWRlc2hvdyI6ImY3YmFkYjYifQ%3D%3D\" href='https:\/\/neuekarawane.de\/wp-content\/uploads\/2025\/07\/Kirche-Alaxandra-Newskowo-scaled.jpg'><img loading=\"lazy\" decoding=\"async\" width=\"300\" height=\"300\" src=\"https:\/\/neuekarawane.de\/wp-content\/uploads\/2025\/07\/Kirche-Alaxandra-Newskowo-300x300.jpg\" class=\"attachment-medium size-medium\" alt=\"Kirche Alaxandra Newskowo\" aria-describedby=\"gallery-3-6610\" srcset=\"https:\/\/neuekarawane.de\/wp-content\/uploads\/2025\/07\/Kirche-Alaxandra-Newskowo-300x300.jpg 300w, https:\/\/neuekarawane.de\/wp-content\/uploads\/2025\/07\/Kirche-Alaxandra-Newskowo-1024x1024.jpg 1024w, https:\/\/neuekarawane.de\/wp-content\/uploads\/2025\/07\/Kirche-Alaxandra-Newskowo-150x150.jpg 150w, https:\/\/neuekarawane.de\/wp-content\/uploads\/2025\/07\/Kirche-Alaxandra-Newskowo-768x768.jpg 768w, https:\/\/neuekarawane.de\/wp-content\/uploads\/2025\/07\/Kirche-Alaxandra-Newskowo-1536x1536.jpg 1536w, https:\/\/neuekarawane.de\/wp-content\/uploads\/2025\/07\/Kirche-Alaxandra-Newskowo-2048x2048.jpg 2048w, https:\/\/neuekarawane.de\/wp-content\/uploads\/2025\/07\/Kirche-Alaxandra-Newskowo-12x12.jpg 12w\" sizes=\"(max-width: 300px) 100vw, 300px\" \/><\/a>\n\t\t\t<\/div>\n\t\t\t\t<figcaption class='wp-caption-text gallery-caption' id='gallery-3-6610'>\n\t\t\t\tKirche Alaxandra Newskowo\n\t\t\t\t<\/figcaption><\/figure><figure class='gallery-item'>\n\t\t\t<div class='gallery-icon portrait'>\n\t\t\t\t<a data-elementor-open-lightbox=\"yes\" data-elementor-lightbox-slideshow=\"f7badb6\" data-elementor-lightbox-title=\"Kirche Alaxandra Newskowo 4\" data-e-action-hash=\"#elementor-action%3Aaction%3Dlightbox%26settings%3DeyJpZCI6NjYwOCwidXJsIjoiaHR0cHM6XC9cL25ldWVrYXJhd2FuZS5kZVwvd3AtY29udGVudFwvdXBsb2Fkc1wvMjAyNVwvMDdcL0tpcmNoZS1BbGF4YW5kcmEtTmV3c2tvd28tNC5qcGciLCJzbGlkZXNob3ciOiJmN2JhZGI2In0%3D\" href='https:\/\/neuekarawane.de\/wp-content\/uploads\/2025\/07\/Kirche-Alaxandra-Newskowo-4.jpg'><img loading=\"lazy\" decoding=\"async\" width=\"169\" height=\"300\" src=\"https:\/\/neuekarawane.de\/wp-content\/uploads\/2025\/07\/Kirche-Alaxandra-Newskowo-4-169x300.jpg\" class=\"attachment-medium size-medium\" alt=\"Kirche Alaxandra Newskowo 3\" aria-describedby=\"gallery-3-6608\" srcset=\"https:\/\/neuekarawane.de\/wp-content\/uploads\/2025\/07\/Kirche-Alaxandra-Newskowo-4-169x300.jpg 169w, https:\/\/neuekarawane.de\/wp-content\/uploads\/2025\/07\/Kirche-Alaxandra-Newskowo-4-576x1024.jpg 576w, https:\/\/neuekarawane.de\/wp-content\/uploads\/2025\/07\/Kirche-Alaxandra-Newskowo-4-7x12.jpg 7w, https:\/\/neuekarawane.de\/wp-content\/uploads\/2025\/07\/Kirche-Alaxandra-Newskowo-4.jpg 720w\" sizes=\"(max-width: 169px) 100vw, 169px\" \/><\/a>\n\t\t\t<\/div>\n\t\t\t\t<figcaption class='wp-caption-text gallery-caption' id='gallery-3-6608'>\n\t\t\t\tKirche Alaxandra Newskowo 3\n\t\t\t\t<\/figcaption><\/figure><figure class='gallery-item'>\n\t\t\t<div class='gallery-icon portrait'>\n\t\t\t\t<a data-elementor-open-lightbox=\"yes\" data-elementor-lightbox-slideshow=\"f7badb6\" data-elementor-lightbox-title=\"Kirche Alaxandra Newskowo 3\" data-e-action-hash=\"#elementor-action%3Aaction%3Dlightbox%26settings%3DeyJpZCI6NjYwOSwidXJsIjoiaHR0cHM6XC9cL25ldWVrYXJhd2FuZS5kZVwvd3AtY29udGVudFwvdXBsb2Fkc1wvMjAyNVwvMDdcL0tpcmNoZS1BbGF4YW5kcmEtTmV3c2tvd28tMy5qcGciLCJzbGlkZXNob3ciOiJmN2JhZGI2In0%3D\" href='https:\/\/neuekarawane.de\/wp-content\/uploads\/2025\/07\/Kirche-Alaxandra-Newskowo-3.jpg'><img loading=\"lazy\" decoding=\"async\" width=\"169\" height=\"300\" src=\"https:\/\/neuekarawane.de\/wp-content\/uploads\/2025\/07\/Kirche-Alaxandra-Newskowo-3-169x300.jpg\" class=\"attachment-medium size-medium\" alt=\"Kirche Alaxandra Newskowo 2\" aria-describedby=\"gallery-3-6609\" srcset=\"https:\/\/neuekarawane.de\/wp-content\/uploads\/2025\/07\/Kirche-Alaxandra-Newskowo-3-169x300.jpg 169w, https:\/\/neuekarawane.de\/wp-content\/uploads\/2025\/07\/Kirche-Alaxandra-Newskowo-3-576x1024.jpg 576w, https:\/\/neuekarawane.de\/wp-content\/uploads\/2025\/07\/Kirche-Alaxandra-Newskowo-3-7x12.jpg 7w, https:\/\/neuekarawane.de\/wp-content\/uploads\/2025\/07\/Kirche-Alaxandra-Newskowo-3.jpg 720w\" sizes=\"(max-width: 169px) 100vw, 169px\" \/><\/a>\n\t\t\t<\/div>\n\t\t\t\t<figcaption class='wp-caption-text gallery-caption' id='gallery-3-6609'>\n\t\t\t\tKirche Alaxandra Newskowo 2\n\t\t\t\t<\/figcaption><\/figure>\n\t\t<\/div>\n\t\t<\/div>\n\t\t\t\t\t\t<\/div>\n\t\t\t\t<\/div>\n\t\t\t\t<div class=\"elementor-element elementor-element-36849d1 elementor-widget elementor-widget-text-editor\" data-id=\"36849d1\" data-element_type=\"widget\" data-e-type=\"widget\" data-widget_type=\"text-editor.default\">\n\t\t\t\t<div class=\"elementor-widget-container\">\n\t\t\t\t\t\t\t\t\t<p>Schlie\u00dflich landeten wir im Park des Sieges, sehr angenehmes Klima, und erfuhren, dass es heute noch Tanz gibt (In Russland in den Parks \u00fcblich). Die Band machte ausgesprochen angenehme Musik zum Tanzen.<\/p>\t\t\t\t\t\t\t\t<\/div>\n\t\t\t\t<\/div>\n\t\t\t\t<div class=\"elementor-element elementor-element-ce006df elementor-widget elementor-widget-image-gallery\" data-id=\"ce006df\" data-element_type=\"widget\" data-e-type=\"widget\" data-widget_type=\"image-gallery.default\">\n\t\t\t\t<div class=\"elementor-widget-container\">\n\t\t\t\t\t\t\t<div class=\"elementor-image-gallery\">\n\t\t\t<div id='gallery-4' class='gallery galleryid-6599 gallery-columns-3 gallery-size-medium'><figure class='gallery-item'>\n\t\t\t<div class='gallery-icon portrait'>\n\t\t\t\t<a data-elementor-open-lightbox=\"yes\" data-elementor-lightbox-slideshow=\"ce006df\" data-elementor-lightbox-title=\"im Park des Sieges\" data-e-action-hash=\"#elementor-action%3Aaction%3Dlightbox%26settings%3DeyJpZCI6NjYxMywidXJsIjoiaHR0cHM6XC9cL25ldWVrYXJhd2FuZS5kZVwvd3AtY29udGVudFwvdXBsb2Fkc1wvMjAyNVwvMDdcL2ltLVBhcmstZGVzLVNpZWdlcy5qcGciLCJzbGlkZXNob3ciOiJjZTAwNmRmIn0%3D\" href='https:\/\/neuekarawane.de\/wp-content\/uploads\/2025\/07\/im-Park-des-Sieges.jpg'><img loading=\"lazy\" decoding=\"async\" width=\"169\" height=\"300\" src=\"https:\/\/neuekarawane.de\/wp-content\/uploads\/2025\/07\/im-Park-des-Sieges-169x300.jpg\" class=\"attachment-medium size-medium\" alt=\"im Park des Sieges\" aria-describedby=\"gallery-4-6613\" srcset=\"https:\/\/neuekarawane.de\/wp-content\/uploads\/2025\/07\/im-Park-des-Sieges-169x300.jpg 169w, https:\/\/neuekarawane.de\/wp-content\/uploads\/2025\/07\/im-Park-des-Sieges-576x1024.jpg 576w, https:\/\/neuekarawane.de\/wp-content\/uploads\/2025\/07\/im-Park-des-Sieges-7x12.jpg 7w, https:\/\/neuekarawane.de\/wp-content\/uploads\/2025\/07\/im-Park-des-Sieges.jpg 720w\" sizes=\"(max-width: 169px) 100vw, 169px\" \/><\/a>\n\t\t\t<\/div>\n\t\t\t\t<figcaption class='wp-caption-text gallery-caption' id='gallery-4-6613'>\n\t\t\t\tim Park des Sieges\n\t\t\t\t<\/figcaption><\/figure><figure class='gallery-item'>\n\t\t\t<div class='gallery-icon portrait'>\n\t\t\t\t<a data-elementor-open-lightbox=\"yes\" data-elementor-lightbox-slideshow=\"ce006df\" data-elementor-lightbox-title=\"Skulptur im Park\" data-e-action-hash=\"#elementor-action%3Aaction%3Dlightbox%26settings%3DeyJpZCI6NjYxMSwidXJsIjoiaHR0cHM6XC9cL25ldWVrYXJhd2FuZS5kZVwvd3AtY29udGVudFwvdXBsb2Fkc1wvMjAyNVwvMDdcL1NrdWxwdHVyLWltLVBhcmsuanBnIiwic2xpZGVzaG93IjoiY2UwMDZkZiJ9\" href='https:\/\/neuekarawane.de\/wp-content\/uploads\/2025\/07\/Skulptur-im-Park.jpg'><img loading=\"lazy\" decoding=\"async\" width=\"169\" height=\"300\" src=\"https:\/\/neuekarawane.de\/wp-content\/uploads\/2025\/07\/Skulptur-im-Park-169x300.jpg\" class=\"attachment-medium size-medium\" alt=\"Skulptur im Park\" aria-describedby=\"gallery-4-6611\" srcset=\"https:\/\/neuekarawane.de\/wp-content\/uploads\/2025\/07\/Skulptur-im-Park-169x300.jpg 169w, https:\/\/neuekarawane.de\/wp-content\/uploads\/2025\/07\/Skulptur-im-Park-576x1024.jpg 576w, https:\/\/neuekarawane.de\/wp-content\/uploads\/2025\/07\/Skulptur-im-Park-7x12.jpg 7w, https:\/\/neuekarawane.de\/wp-content\/uploads\/2025\/07\/Skulptur-im-Park.jpg 720w\" sizes=\"(max-width: 169px) 100vw, 169px\" \/><\/a>\n\t\t\t<\/div>\n\t\t\t\t<figcaption class='wp-caption-text gallery-caption' id='gallery-4-6611'>\n\t\t\t\tSkulptur im Park\n\t\t\t\t<\/figcaption><\/figure><figure class='gallery-item'>\n\t\t\t<div class='gallery-icon portrait'>\n\t\t\t\t<a data-elementor-open-lightbox=\"yes\" data-elementor-lightbox-slideshow=\"ce006df\" data-elementor-lightbox-title=\"Sommerpracht\" data-e-action-hash=\"#elementor-action%3Aaction%3Dlightbox%26settings%3DeyJpZCI6NjYxMiwidXJsIjoiaHR0cHM6XC9cL25ldWVrYXJhd2FuZS5kZVwvd3AtY29udGVudFwvdXBsb2Fkc1wvMjAyNVwvMDdcL1NvbW1lcnByYWNodC5qcGciLCJzbGlkZXNob3ciOiJjZTAwNmRmIn0%3D\" href='https:\/\/neuekarawane.de\/wp-content\/uploads\/2025\/07\/Sommerpracht.jpg'><img loading=\"lazy\" decoding=\"async\" width=\"169\" height=\"300\" src=\"https:\/\/neuekarawane.de\/wp-content\/uploads\/2025\/07\/Sommerpracht-169x300.jpg\" class=\"attachment-medium size-medium\" alt=\"Sommerpracht\" aria-describedby=\"gallery-4-6612\" srcset=\"https:\/\/neuekarawane.de\/wp-content\/uploads\/2025\/07\/Sommerpracht-169x300.jpg 169w, https:\/\/neuekarawane.de\/wp-content\/uploads\/2025\/07\/Sommerpracht-576x1024.jpg 576w, https:\/\/neuekarawane.de\/wp-content\/uploads\/2025\/07\/Sommerpracht-7x12.jpg 7w, https:\/\/neuekarawane.de\/wp-content\/uploads\/2025\/07\/Sommerpracht.jpg 720w\" sizes=\"(max-width: 169px) 100vw, 169px\" \/><\/a>\n\t\t\t<\/div>\n\t\t\t\t<figcaption class='wp-caption-text gallery-caption' id='gallery-4-6612'>\n\t\t\t\tSommerpracht\n\t\t\t\t<\/figcaption><\/figure>\n\t\t<\/div>\n\t\t<\/div>\n\t\t\t\t\t\t<\/div>\n\t\t\t\t<\/div>\n\t\t\t\t<div class=\"elementor-element elementor-element-56e5c43 elementor-widget elementor-widget-image-gallery\" data-id=\"56e5c43\" data-element_type=\"widget\" data-e-type=\"widget\" data-widget_type=\"image-gallery.default\">\n\t\t\t\t<div class=\"elementor-widget-container\">\n\t\t\t\t\t\t\t<div class=\"elementor-image-gallery\">\n\t\t\t<div id='gallery-5' class='gallery galleryid-6599 gallery-columns-3 gallery-size-medium'><figure class='gallery-item'>\n\t\t\t<div class='gallery-icon portrait'>\n\t\t\t\t<a data-elementor-open-lightbox=\"yes\" data-elementor-lightbox-slideshow=\"56e5c43\" data-elementor-lightbox-title=\"die temperamentvolle Band\" data-e-action-hash=\"#elementor-action%3Aaction%3Dlightbox%26settings%3DeyJpZCI6NjYxNSwidXJsIjoiaHR0cHM6XC9cL25ldWVrYXJhd2FuZS5kZVwvd3AtY29udGVudFwvdXBsb2Fkc1wvMjAyNVwvMDdcL2RpZS10ZW1wZXJhbWVudHZvbGxlLUJhbmQuanBnIiwic2xpZGVzaG93IjoiNTZlNWM0MyJ9\" href='https:\/\/neuekarawane.de\/wp-content\/uploads\/2025\/07\/die-temperamentvolle-Band.jpg'><img loading=\"lazy\" decoding=\"async\" width=\"169\" height=\"300\" src=\"https:\/\/neuekarawane.de\/wp-content\/uploads\/2025\/07\/die-temperamentvolle-Band-169x300.jpg\" class=\"attachment-medium size-medium\" alt=\"die temperamentvolle Band\" aria-describedby=\"gallery-5-6615\" srcset=\"https:\/\/neuekarawane.de\/wp-content\/uploads\/2025\/07\/die-temperamentvolle-Band-169x300.jpg 169w, https:\/\/neuekarawane.de\/wp-content\/uploads\/2025\/07\/die-temperamentvolle-Band-576x1024.jpg 576w, https:\/\/neuekarawane.de\/wp-content\/uploads\/2025\/07\/die-temperamentvolle-Band-7x12.jpg 7w, https:\/\/neuekarawane.de\/wp-content\/uploads\/2025\/07\/die-temperamentvolle-Band.jpg 720w\" sizes=\"(max-width: 169px) 100vw, 169px\" \/><\/a>\n\t\t\t<\/div>\n\t\t\t\t<figcaption class='wp-caption-text gallery-caption' id='gallery-5-6615'>\n\t\t\t\tdie temperamentvolle Band\n\t\t\t\t<\/figcaption><\/figure><figure class='gallery-item'>\n\t\t\t<div class='gallery-icon portrait'>\n\t\t\t\t<a data-elementor-open-lightbox=\"yes\" data-elementor-lightbox-slideshow=\"56e5c43\" data-elementor-lightbox-title=\"Tanz im Park\" data-e-action-hash=\"#elementor-action%3Aaction%3Dlightbox%26settings%3DeyJpZCI6NjYxNCwidXJsIjoiaHR0cHM6XC9cL25ldWVrYXJhd2FuZS5kZVwvd3AtY29udGVudFwvdXBsb2Fkc1wvMjAyNVwvMDdcL1RhbnotaW0tUGFyay5qcGciLCJzbGlkZXNob3ciOiI1NmU1YzQzIn0%3D\" href='https:\/\/neuekarawane.de\/wp-content\/uploads\/2025\/07\/Tanz-im-Park.jpg'><img loading=\"lazy\" decoding=\"async\" width=\"169\" height=\"300\" src=\"https:\/\/neuekarawane.de\/wp-content\/uploads\/2025\/07\/Tanz-im-Park-169x300.jpg\" class=\"attachment-medium size-medium\" alt=\"Tanz im Park\" aria-describedby=\"gallery-5-6614\" srcset=\"https:\/\/neuekarawane.de\/wp-content\/uploads\/2025\/07\/Tanz-im-Park-169x300.jpg 169w, https:\/\/neuekarawane.de\/wp-content\/uploads\/2025\/07\/Tanz-im-Park-576x1024.jpg 576w, https:\/\/neuekarawane.de\/wp-content\/uploads\/2025\/07\/Tanz-im-Park-7x12.jpg 7w, https:\/\/neuekarawane.de\/wp-content\/uploads\/2025\/07\/Tanz-im-Park.jpg 720w\" sizes=\"(max-width: 169px) 100vw, 169px\" \/><\/a>\n\t\t\t<\/div>\n\t\t\t\t<figcaption class='wp-caption-text gallery-caption' id='gallery-5-6614'>\n\t\t\t\tTanz im Park\n\t\t\t\t<\/figcaption><\/figure><figure class='gallery-item'>\n\t\t\t<div class='gallery-icon landscape'>\n\t\t\t\t<a data-elementor-open-lightbox=\"yes\" data-elementor-lightbox-slideshow=\"56e5c43\" data-elementor-lightbox-title=\"\u00f6ffentlicher B\u00fccherschrank f\u00fcr gebrauchte B\u00fccher\" data-e-action-hash=\"#elementor-action%3Aaction%3Dlightbox%26settings%3DeyJpZCI6NjYwMSwidXJsIjoiaHR0cHM6XC9cL25ldWVrYXJhd2FuZS5kZVwvd3AtY29udGVudFwvdXBsb2Fkc1wvMjAyNVwvMDdcL29lZmZlbnRsaWNoZXItQnVlY2hlcnNjaHJhbmstZnVlci1nZWJyYXVjaHRlLUJ1ZWNoZXIuanBnIiwic2xpZGVzaG93IjoiNTZlNWM0MyJ9\" href='https:\/\/neuekarawane.de\/wp-content\/uploads\/2025\/07\/oeffentlicher-Buecherschrank-fuer-gebrauchte-Buecher.jpg'><img loading=\"lazy\" decoding=\"async\" width=\"300\" height=\"300\" src=\"https:\/\/neuekarawane.de\/wp-content\/uploads\/2025\/07\/oeffentlicher-Buecherschrank-fuer-gebrauchte-Buecher-300x300.jpg\" class=\"attachment-medium size-medium\" alt=\"\u00f6ffentlicher B\u00fccherschrank f\u00fcr gebrauchte B\u00fccher\" aria-describedby=\"gallery-5-6601\" srcset=\"https:\/\/neuekarawane.de\/wp-content\/uploads\/2025\/07\/oeffentlicher-Buecherschrank-fuer-gebrauchte-Buecher-300x300.jpg 300w, https:\/\/neuekarawane.de\/wp-content\/uploads\/2025\/07\/oeffentlicher-Buecherschrank-fuer-gebrauchte-Buecher-1024x1024.jpg 1024w, https:\/\/neuekarawane.de\/wp-content\/uploads\/2025\/07\/oeffentlicher-Buecherschrank-fuer-gebrauchte-Buecher-150x150.jpg 150w, https:\/\/neuekarawane.de\/wp-content\/uploads\/2025\/07\/oeffentlicher-Buecherschrank-fuer-gebrauchte-Buecher-768x768.jpg 768w, https:\/\/neuekarawane.de\/wp-content\/uploads\/2025\/07\/oeffentlicher-Buecherschrank-fuer-gebrauchte-Buecher-12x12.jpg 12w, https:\/\/neuekarawane.de\/wp-content\/uploads\/2025\/07\/oeffentlicher-Buecherschrank-fuer-gebrauchte-Buecher.jpg 1280w\" sizes=\"(max-width: 300px) 100vw, 300px\" \/><\/a>\n\t\t\t<\/div>\n\t\t\t\t<figcaption class='wp-caption-text gallery-caption' id='gallery-5-6601'>\n\t\t\t\t\u00f6ffentlicher B\u00fccherschrank f\u00fcr gebrauchte B\u00fccher\n\t\t\t\t<\/figcaption><\/figure>\n\t\t<\/div>\n\t\t<\/div>\n\t\t\t\t\t\t<\/div>\n\t\t\t\t<\/div>\n\t\t\t\t\t<\/div>\n\t\t<\/div>\n\t\t\t\t\t<\/div>\n\t\t<\/section>\n\t\t\t\t<\/div>\n\t\t","protected":false},"excerpt":{"rendered":"<p>Die n\u00e4chste gr\u00f6\u00dfere Stadt in Sibirien auf der Magistrale &#8222;Baikal&#8220; war die Stadt Tschita (ca.350.000 Einwohner).Wie so oft in Sibirien tragen die St\u00e4dte den Namen der Fl\u00fcsse.Als erste Station entdeckten wir einen gro\u00dfen See vor den Toren der Stadt. Er erinnerte stark an das Tifliser Meer und wir \u00fcbernachteten auch gleich an seinem Ufer. der See Kenon Mondnacht Br\u00fccke \u00fcber den Fluss Tschita Temperaturen um die 30 Grad l\u00e4hmten etwas unseren Enthusiasmus. Wir sahen uns dann im Zentrumvon Tschita um (nat\u00fcrlich auf dem Leninplatz), schleckerten Eis und genossen die angenehme Innentemperatur der gro\u00dfen Kirche. Leninplatz im Zentrum Auf dem Leninplatz Kirche Alaxandra Newskowo Kirche Alaxandra Newskowo 3 Kirche Alaxandra Newskowo 2 Schlie\u00dflich landeten wir im Park des Sieges, sehr angenehmes Klima, und erfuhren, dass es heute noch Tanz gibt (In Russland in den Parks \u00fcblich). Die Band machte ausgesprochen angenehme Musik zum Tanzen. im Park des Sieges Skulptur im Park Sommerpracht die temperamentvolle Band Tanz im Park \u00f6ffentlicher B\u00fccherschrank f\u00fcr gebrauchte B\u00fccher<\/p>\n","protected":false},"author":1,"featured_media":0,"comment_status":"open","ping_status":"open","sticky":false,"template":"","format":"standard","meta":{"footnotes":""},"categories":[1],"tags":[],"class_list":["post-6599","post","type-post","status-publish","format-standard","hentry","category-allgemein"],"_links":{"self":[{"href":"https:\/\/neuekarawane.de\/de_de\/wp-json\/wp\/v2\/posts\/6599","targetHints":{"allow":["GET"]}}],"collection":[{"href":"https:\/\/neuekarawane.de\/de_de\/wp-json\/wp\/v2\/posts"}],"about":[{"href":"https:\/\/neuekarawane.de\/de_de\/wp-json\/wp\/v2\/types\/post"}],"author":[{"embeddable":true,"href":"https:\/\/neuekarawane.de\/de_de\/wp-json\/wp\/v2\/users\/1"}],"replies":[{"embeddable":true,"href":"https:\/\/neuekarawane.de\/de_de\/wp-json\/wp\/v2\/comments?post=6599"}],"version-history":[{"count":4,"href":"https:\/\/neuekarawane.de\/de_de\/wp-json\/wp\/v2\/posts\/6599\/revisions"}],"predecessor-version":[{"id":6618,"href":"https:\/\/neuekarawane.de\/de_de\/wp-json\/wp\/v2\/posts\/6599\/revisions\/6618"}],"wp:attachment":[{"href":"https:\/\/neuekarawane.de\/de_de\/wp-json\/wp\/v2\/media?parent=6599"}],"wp:term":[{"taxonomy":"category","embeddable":true,"href":"https:\/\/neuekarawane.de\/de_de\/wp-json\/wp\/v2\/categories?post=6599"},{"taxonomy":"post_tag","embeddable":true,"href":"https:\/\/neuekarawane.de\/de_de\/wp-json\/wp\/v2\/tags?post=6599"}],"curies":[{"name":"wp","href":"https:\/\/api.w.org\/{rel}","templated":true}]}}