{"id":6217,"date":"2025-05-31T09:16:55","date_gmt":"2025-05-31T07:16:55","guid":{"rendered":"https:\/\/neuekarawane.de\/?p=6217"},"modified":"2025-06-22T09:24:07","modified_gmt":"2025-06-22T07:24:07","slug":"unterwegs-mit-aiduen","status":"publish","type":"post","link":"https:\/\/neuekarawane.de\/de_de\/2025\/05\/31\/unterwegs-mit-aiduen\/","title":{"rendered":"Unterwegs mit Aid\u00fcn"},"content":{"rendered":"\t\t<div data-elementor-type=\"wp-post\" data-elementor-id=\"6217\" class=\"elementor elementor-6217\">\n\t\t\t\t\t\t<section class=\"elementor-section elementor-top-section elementor-element elementor-element-aec5438 elementor-section-boxed elementor-section-height-default elementor-section-height-default wpr-particle-no wpr-jarallax-no wpr-parallax-no wpr-sticky-section-no wpr-equal-height-no\" data-id=\"aec5438\" data-element_type=\"section\" data-e-type=\"section\">\n\t\t\t\t\t\t<div class=\"elementor-container elementor-column-gap-default\">\n\t\t\t\t\t<div class=\"elementor-column elementor-col-100 elementor-top-column elementor-element elementor-element-9d9cd48\" data-id=\"9d9cd48\" data-element_type=\"column\" data-e-type=\"column\">\n\t\t\t<div class=\"elementor-widget-wrap elementor-element-populated\">\n\t\t\t\t\t\t<div class=\"elementor-element elementor-element-c6cccd2 elementor-widget elementor-widget-text-editor\" data-id=\"c6cccd2\" data-element_type=\"widget\" data-e-type=\"widget\" data-widget_type=\"text-editor.default\">\n\t\t\t\t<div class=\"elementor-widget-container\">\n\t\t\t\t\t\t\t\t\t<p>Auf dem Weg nach &#8222;hause&#8220; zu unserem Standplatz mit dem Taxi lernten wir Aid\u00fcn, einen Juristen aus Astana kennen. Als er unsere Geschichte von der mehrj\u00e4hrigen Reise f\u00fcr die V\u00f6lkerfreundschaft h\u00f6rte, bot er uns spontan an, uns am n\u00e4chsten Tag in seinem Privatauto die Stadt zu zeigen. Uns so geschah es. Mit vielen Halts unterwegs waren wir mit ihm 5 Stunden unterwegs. Im B\u00fcrohochhaus seiner Firma, im 18. Stockwerk, zeigte er uns noch einmal die Stadt von oben. Nach dem gemeinsamen Essen fuhr er mit uns noch durch den alten Teil der Stadt aus den Zeiten der Sowjetunion. Dieser Stadtteil hei\u00dft noch so wie zu Sowjetzeiten &#8222;Zelinograd&#8220; (Steppenstadt).<\/p>\t\t\t\t\t\t\t\t<\/div>\n\t\t\t\t<\/div>\n\t\t\t\t<div class=\"elementor-element elementor-element-4cf086f elementor-widget elementor-widget-image-gallery\" data-id=\"4cf086f\" data-element_type=\"widget\" data-e-type=\"widget\" data-widget_type=\"image-gallery.default\">\n\t\t\t\t<div class=\"elementor-widget-container\">\n\t\t\t\t\t\t\t<div class=\"elementor-image-gallery\">\n\t\t\t<div id='gallery-1' class='gallery galleryid-6217 gallery-columns-3 gallery-size-medium'><figure class='gallery-item'>\n\t\t\t<div class='gallery-icon landscape'>\n\t\t\t\t<a data-elementor-open-lightbox=\"yes\" data-elementor-lightbox-slideshow=\"4cf086f\" data-elementor-lightbox-title=\"Das Tor Nasarbajews\" data-e-action-hash=\"#elementor-action%3Aaction%3Dlightbox%26settings%3DeyJpZCI6NjIyMCwidXJsIjoiaHR0cHM6XC9cL25ldWVrYXJhd2FuZS5kZVwvd3AtY29udGVudFwvdXBsb2Fkc1wvMjAyNVwvMDZcL0Rhcy1Ub3ItTmFzYXJiYWpld3Mtc2NhbGVkLmpwZyIsInNsaWRlc2hvdyI6IjRjZjA4NmYifQ%3D%3D\" href='https:\/\/neuekarawane.de\/wp-content\/uploads\/2025\/06\/Das-Tor-Nasarbajews-scaled.jpg'><img fetchpriority=\"high\" decoding=\"async\" width=\"300\" height=\"300\" src=\"https:\/\/neuekarawane.de\/wp-content\/uploads\/2025\/06\/Das-Tor-Nasarbajews-300x300.jpg\" class=\"attachment-medium size-medium\" alt=\"Das Tor Nasarbajews\" aria-describedby=\"gallery-1-6220\" srcset=\"https:\/\/neuekarawane.de\/wp-content\/uploads\/2025\/06\/Das-Tor-Nasarbajews-300x300.jpg 300w, https:\/\/neuekarawane.de\/wp-content\/uploads\/2025\/06\/Das-Tor-Nasarbajews-1024x1024.jpg 1024w, https:\/\/neuekarawane.de\/wp-content\/uploads\/2025\/06\/Das-Tor-Nasarbajews-150x150.jpg 150w, https:\/\/neuekarawane.de\/wp-content\/uploads\/2025\/06\/Das-Tor-Nasarbajews-768x768.jpg 768w, https:\/\/neuekarawane.de\/wp-content\/uploads\/2025\/06\/Das-Tor-Nasarbajews-1536x1536.jpg 1536w, https:\/\/neuekarawane.de\/wp-content\/uploads\/2025\/06\/Das-Tor-Nasarbajews-2048x2048.jpg 2048w, https:\/\/neuekarawane.de\/wp-content\/uploads\/2025\/06\/Das-Tor-Nasarbajews-12x12.jpg 12w\" sizes=\"(max-width: 300px) 100vw, 300px\" \/><\/a>\n\t\t\t<\/div>\n\t\t\t\t<figcaption class='wp-caption-text gallery-caption' id='gallery-1-6220'>\n\t\t\t\tDas Tor Nasarbajews\n\t\t\t\t<\/figcaption><\/figure><figure class='gallery-item'>\n\t\t\t<div class='gallery-icon landscape'>\n\t\t\t\t<a data-elementor-open-lightbox=\"yes\" data-elementor-lightbox-slideshow=\"4cf086f\" data-elementor-lightbox-title=\"das Regierungsgeb\u00e4ude\" data-e-action-hash=\"#elementor-action%3Aaction%3Dlightbox%26settings%3DeyJpZCI6NjIxOCwidXJsIjoiaHR0cHM6XC9cL25ldWVrYXJhd2FuZS5kZVwvd3AtY29udGVudFwvdXBsb2Fkc1wvMjAyNVwvMDZcLzIwMjUwNTMxXzEyNTYzMi1zY2FsZWQuanBnIiwic2xpZGVzaG93IjoiNGNmMDg2ZiJ9\" href='https:\/\/neuekarawane.de\/wp-content\/uploads\/2025\/06\/20250531_125632-scaled.jpg'><img decoding=\"async\" width=\"300\" height=\"300\" src=\"https:\/\/neuekarawane.de\/wp-content\/uploads\/2025\/06\/20250531_125632-300x300.jpg\" class=\"attachment-medium size-medium\" alt=\"das Regierungsgeb\u00e4ude\" aria-describedby=\"gallery-1-6218\" srcset=\"https:\/\/neuekarawane.de\/wp-content\/uploads\/2025\/06\/20250531_125632-300x300.jpg 300w, https:\/\/neuekarawane.de\/wp-content\/uploads\/2025\/06\/20250531_125632-1024x1024.jpg 1024w, https:\/\/neuekarawane.de\/wp-content\/uploads\/2025\/06\/20250531_125632-150x150.jpg 150w, https:\/\/neuekarawane.de\/wp-content\/uploads\/2025\/06\/20250531_125632-768x768.jpg 768w, https:\/\/neuekarawane.de\/wp-content\/uploads\/2025\/06\/20250531_125632-1536x1536.jpg 1536w, https:\/\/neuekarawane.de\/wp-content\/uploads\/2025\/06\/20250531_125632-2048x2048.jpg 2048w, https:\/\/neuekarawane.de\/wp-content\/uploads\/2025\/06\/20250531_125632-12x12.jpg 12w\" sizes=\"(max-width: 300px) 100vw, 300px\" \/><\/a>\n\t\t\t<\/div>\n\t\t\t\t<figcaption class='wp-caption-text gallery-caption' id='gallery-1-6218'>\n\t\t\t\tdas Regierungsgeb\u00e4ude\n\t\t\t\t<\/figcaption><\/figure><figure class='gallery-item'>\n\t\t\t<div class='gallery-icon landscape'>\n\t\t\t\t<a data-elementor-open-lightbox=\"yes\" data-elementor-lightbox-slideshow=\"4cf086f\" data-elementor-lightbox-title=\"das Parlament\" data-e-action-hash=\"#elementor-action%3Aaction%3Dlightbox%26settings%3DeyJpZCI6NjIxOSwidXJsIjoiaHR0cHM6XC9cL25ldWVrYXJhd2FuZS5kZVwvd3AtY29udGVudFwvdXBsb2Fkc1wvMjAyNVwvMDZcL2Rhcy1QYXJsYW1lbnQtc2NhbGVkLmpwZyIsInNsaWRlc2hvdyI6IjRjZjA4NmYifQ%3D%3D\" href='https:\/\/neuekarawane.de\/wp-content\/uploads\/2025\/06\/das-Parlament-scaled.jpg'><img decoding=\"async\" width=\"300\" height=\"300\" src=\"https:\/\/neuekarawane.de\/wp-content\/uploads\/2025\/06\/das-Parlament-300x300.jpg\" class=\"attachment-medium size-medium\" alt=\"das Parlament\" aria-describedby=\"gallery-1-6219\" srcset=\"https:\/\/neuekarawane.de\/wp-content\/uploads\/2025\/06\/das-Parlament-300x300.jpg 300w, https:\/\/neuekarawane.de\/wp-content\/uploads\/2025\/06\/das-Parlament-1024x1024.jpg 1024w, https:\/\/neuekarawane.de\/wp-content\/uploads\/2025\/06\/das-Parlament-150x150.jpg 150w, https:\/\/neuekarawane.de\/wp-content\/uploads\/2025\/06\/das-Parlament-768x768.jpg 768w, https:\/\/neuekarawane.de\/wp-content\/uploads\/2025\/06\/das-Parlament-1536x1536.jpg 1536w, https:\/\/neuekarawane.de\/wp-content\/uploads\/2025\/06\/das-Parlament-2048x2048.jpg 2048w, https:\/\/neuekarawane.de\/wp-content\/uploads\/2025\/06\/das-Parlament-12x12.jpg 12w\" sizes=\"(max-width: 300px) 100vw, 300px\" \/><\/a>\n\t\t\t<\/div>\n\t\t\t\t<figcaption class='wp-caption-text gallery-caption' id='gallery-1-6219'>\n\t\t\t\tdas Parlament\n\t\t\t\t<\/figcaption><\/figure>\n\t\t<\/div>\n\t\t<\/div>\n\t\t\t\t\t\t<\/div>\n\t\t\t\t<\/div>\n\t\t\t\t<div class=\"elementor-element elementor-element-21a3358 elementor-widget elementor-widget-image-gallery\" data-id=\"21a3358\" data-element_type=\"widget\" data-e-type=\"widget\" data-widget_type=\"image-gallery.default\">\n\t\t\t\t<div class=\"elementor-widget-container\">\n\t\t\t\t\t\t\t<div class=\"elementor-image-gallery\">\n\t\t\t<div id='gallery-2' class='gallery galleryid-6217 gallery-columns-3 gallery-size-medium'><figure class='gallery-item'>\n\t\t\t<div class='gallery-icon landscape'>\n\t\t\t\t<a data-elementor-open-lightbox=\"yes\" data-elementor-lightbox-slideshow=\"21a3358\" data-elementor-lightbox-title=\"Handelszentrum\" data-e-action-hash=\"#elementor-action%3Aaction%3Dlightbox%26settings%3DeyJpZCI6NjIyMSwidXJsIjoiaHR0cHM6XC9cL25ldWVrYXJhd2FuZS5kZVwvd3AtY29udGVudFwvdXBsb2Fkc1wvMjAyNVwvMDZcL0hhbmRlbHN6ZW50cnVtLXNjYWxlZC5qcGciLCJzbGlkZXNob3ciOiIyMWEzMzU4In0%3D\" href='https:\/\/neuekarawane.de\/wp-content\/uploads\/2025\/06\/Handelszentrum-scaled.jpg'><img loading=\"lazy\" decoding=\"async\" width=\"300\" height=\"300\" src=\"https:\/\/neuekarawane.de\/wp-content\/uploads\/2025\/06\/Handelszentrum-300x300.jpg\" class=\"attachment-medium size-medium\" alt=\"Handelszentrum\" aria-describedby=\"gallery-2-6221\" srcset=\"https:\/\/neuekarawane.de\/wp-content\/uploads\/2025\/06\/Handelszentrum-300x300.jpg 300w, https:\/\/neuekarawane.de\/wp-content\/uploads\/2025\/06\/Handelszentrum-1024x1024.jpg 1024w, https:\/\/neuekarawane.de\/wp-content\/uploads\/2025\/06\/Handelszentrum-150x150.jpg 150w, https:\/\/neuekarawane.de\/wp-content\/uploads\/2025\/06\/Handelszentrum-768x768.jpg 768w, https:\/\/neuekarawane.de\/wp-content\/uploads\/2025\/06\/Handelszentrum-1536x1536.jpg 1536w, https:\/\/neuekarawane.de\/wp-content\/uploads\/2025\/06\/Handelszentrum-2048x2048.jpg 2048w, https:\/\/neuekarawane.de\/wp-content\/uploads\/2025\/06\/Handelszentrum-12x12.jpg 12w\" sizes=\"(max-width: 300px) 100vw, 300px\" \/><\/a>\n\t\t\t<\/div>\n\t\t\t\t<figcaption class='wp-caption-text gallery-caption' id='gallery-2-6221'>\n\t\t\t\tHandelszentrum\n\t\t\t\t<\/figcaption><\/figure><figure class='gallery-item'>\n\t\t\t<div class='gallery-icon landscape'>\n\t\t\t\t<a data-elementor-open-lightbox=\"yes\" data-elementor-lightbox-slideshow=\"21a3358\" data-elementor-lightbox-title=\"Monumente, Monumente ...\" data-e-action-hash=\"#elementor-action%3Aaction%3Dlightbox%26settings%3DeyJpZCI6NjIyMywidXJsIjoiaHR0cHM6XC9cL25ldWVrYXJhd2FuZS5kZVwvd3AtY29udGVudFwvdXBsb2Fkc1wvMjAyNVwvMDZcLzIwMjUwNTMxXzExNTcyNC1zY2FsZWQuanBnIiwic2xpZGVzaG93IjoiMjFhMzM1OCJ9\" href='https:\/\/neuekarawane.de\/wp-content\/uploads\/2025\/06\/20250531_115724-scaled.jpg'><img loading=\"lazy\" decoding=\"async\" width=\"300\" height=\"300\" src=\"https:\/\/neuekarawane.de\/wp-content\/uploads\/2025\/06\/20250531_115724-300x300.jpg\" class=\"attachment-medium size-medium\" alt=\"Monumente, Monumente ...\" aria-describedby=\"gallery-2-6223\" srcset=\"https:\/\/neuekarawane.de\/wp-content\/uploads\/2025\/06\/20250531_115724-300x300.jpg 300w, https:\/\/neuekarawane.de\/wp-content\/uploads\/2025\/06\/20250531_115724-1024x1024.jpg 1024w, https:\/\/neuekarawane.de\/wp-content\/uploads\/2025\/06\/20250531_115724-150x150.jpg 150w, https:\/\/neuekarawane.de\/wp-content\/uploads\/2025\/06\/20250531_115724-768x768.jpg 768w, https:\/\/neuekarawane.de\/wp-content\/uploads\/2025\/06\/20250531_115724-1536x1536.jpg 1536w, https:\/\/neuekarawane.de\/wp-content\/uploads\/2025\/06\/20250531_115724-2048x2048.jpg 2048w, https:\/\/neuekarawane.de\/wp-content\/uploads\/2025\/06\/20250531_115724-12x12.jpg 12w\" sizes=\"(max-width: 300px) 100vw, 300px\" \/><\/a>\n\t\t\t<\/div>\n\t\t\t\t<figcaption class='wp-caption-text gallery-caption' id='gallery-2-6223'>\n\t\t\t\tMonumente, Monumente &#8230;\n\t\t\t\t<\/figcaption><\/figure><figure class='gallery-item'>\n\t\t\t<div class='gallery-icon landscape'>\n\t\t\t\t<a data-elementor-open-lightbox=\"yes\" data-elementor-lightbox-slideshow=\"21a3358\" data-elementor-lightbox-title=\"Kugelhaus\" data-e-action-hash=\"#elementor-action%3Aaction%3Dlightbox%26settings%3DeyJpZCI6NjIyMiwidXJsIjoiaHR0cHM6XC9cL25ldWVrYXJhd2FuZS5kZVwvd3AtY29udGVudFwvdXBsb2Fkc1wvMjAyNVwvMDZcL0t1Z2VsaGF1cy1zY2FsZWQuanBnIiwic2xpZGVzaG93IjoiMjFhMzM1OCJ9\" href='https:\/\/neuekarawane.de\/wp-content\/uploads\/2025\/06\/Kugelhaus-scaled.jpg'><img loading=\"lazy\" decoding=\"async\" width=\"300\" height=\"300\" src=\"https:\/\/neuekarawane.de\/wp-content\/uploads\/2025\/06\/Kugelhaus-300x300.jpg\" class=\"attachment-medium size-medium\" alt=\"Kugelhaus\" aria-describedby=\"gallery-2-6222\" srcset=\"https:\/\/neuekarawane.de\/wp-content\/uploads\/2025\/06\/Kugelhaus-300x300.jpg 300w, https:\/\/neuekarawane.de\/wp-content\/uploads\/2025\/06\/Kugelhaus-1024x1024.jpg 1024w, https:\/\/neuekarawane.de\/wp-content\/uploads\/2025\/06\/Kugelhaus-150x150.jpg 150w, https:\/\/neuekarawane.de\/wp-content\/uploads\/2025\/06\/Kugelhaus-768x768.jpg 768w, https:\/\/neuekarawane.de\/wp-content\/uploads\/2025\/06\/Kugelhaus-1536x1536.jpg 1536w, https:\/\/neuekarawane.de\/wp-content\/uploads\/2025\/06\/Kugelhaus-2048x2048.jpg 2048w, https:\/\/neuekarawane.de\/wp-content\/uploads\/2025\/06\/Kugelhaus-12x12.jpg 12w\" sizes=\"(max-width: 300px) 100vw, 300px\" \/><\/a>\n\t\t\t<\/div>\n\t\t\t\t<figcaption class='wp-caption-text gallery-caption' id='gallery-2-6222'>\n\t\t\t\tKugelhaus\n\t\t\t\t<\/figcaption><\/figure>\n\t\t<\/div>\n\t\t<\/div>\n\t\t\t\t\t\t<\/div>\n\t\t\t\t<\/div>\n\t\t\t\t<div class=\"elementor-element elementor-element-7419818 elementor-widget elementor-widget-text-editor\" data-id=\"7419818\" data-element_type=\"widget\" data-e-type=\"widget\" data-widget_type=\"text-editor.default\">\n\t\t\t\t<div class=\"elementor-widget-container\">\n\t\t\t\t\t\t\t\t\t<p>Insgesamt macht die Stadt mit ihren 1,4 Millionen Einwohnern einen unheimlich gro\u00dfen futuristischen Eindruck. Was auch noch sehr bewundernswert ist, praktisch \u00fcberall stehen riesige Baukr\u00e4ne, \u00fcberall wird noch weiter gebaut.<\/p>\t\t\t\t\t\t\t\t<\/div>\n\t\t\t\t<\/div>\n\t\t\t\t<div class=\"elementor-element elementor-element-45268c8 elementor-widget elementor-widget-image-gallery\" data-id=\"45268c8\" data-element_type=\"widget\" data-e-type=\"widget\" data-widget_type=\"image-gallery.default\">\n\t\t\t\t<div class=\"elementor-widget-container\">\n\t\t\t\t\t\t\t<div class=\"elementor-image-gallery\">\n\t\t\t<div id='gallery-3' class='gallery galleryid-6217 gallery-columns-3 gallery-size-medium'><figure class='gallery-item'>\n\t\t\t<div class='gallery-icon landscape'>\n\t\t\t\t<a data-elementor-open-lightbox=\"yes\" data-elementor-lightbox-slideshow=\"45268c8\" data-elementor-lightbox-title=\"vom Hochhaus herunter 1\" data-e-action-hash=\"#elementor-action%3Aaction%3Dlightbox%26settings%3DeyJpZCI6NjIyNiwidXJsIjoiaHR0cHM6XC9cL25ldWVrYXJhd2FuZS5kZVwvd3AtY29udGVudFwvdXBsb2Fkc1wvMjAyNVwvMDZcL3ZvbS1Ib2NoaGF1cy1oZXJ1bnRlci0xLXNjYWxlZC5qcGciLCJzbGlkZXNob3ciOiI0NTI2OGM4In0%3D\" href='https:\/\/neuekarawane.de\/wp-content\/uploads\/2025\/06\/vom-Hochhaus-herunter-1-scaled.jpg'><img loading=\"lazy\" decoding=\"async\" width=\"300\" height=\"300\" src=\"https:\/\/neuekarawane.de\/wp-content\/uploads\/2025\/06\/vom-Hochhaus-herunter-1-300x300.jpg\" class=\"attachment-medium size-medium\" alt=\"vom Hochhaus herunter 1\" aria-describedby=\"gallery-3-6226\" srcset=\"https:\/\/neuekarawane.de\/wp-content\/uploads\/2025\/06\/vom-Hochhaus-herunter-1-300x300.jpg 300w, https:\/\/neuekarawane.de\/wp-content\/uploads\/2025\/06\/vom-Hochhaus-herunter-1-1024x1024.jpg 1024w, https:\/\/neuekarawane.de\/wp-content\/uploads\/2025\/06\/vom-Hochhaus-herunter-1-150x150.jpg 150w, https:\/\/neuekarawane.de\/wp-content\/uploads\/2025\/06\/vom-Hochhaus-herunter-1-768x768.jpg 768w, https:\/\/neuekarawane.de\/wp-content\/uploads\/2025\/06\/vom-Hochhaus-herunter-1-1536x1536.jpg 1536w, https:\/\/neuekarawane.de\/wp-content\/uploads\/2025\/06\/vom-Hochhaus-herunter-1-2048x2048.jpg 2048w, https:\/\/neuekarawane.de\/wp-content\/uploads\/2025\/06\/vom-Hochhaus-herunter-1-12x12.jpg 12w\" sizes=\"(max-width: 300px) 100vw, 300px\" \/><\/a>\n\t\t\t<\/div>\n\t\t\t\t<figcaption class='wp-caption-text gallery-caption' id='gallery-3-6226'>\n\t\t\t\tvom Hochhaus herunter 1\n\t\t\t\t<\/figcaption><\/figure><figure class='gallery-item'>\n\t\t\t<div class='gallery-icon landscape'>\n\t\t\t\t<a data-elementor-open-lightbox=\"yes\" data-elementor-lightbox-slideshow=\"45268c8\" data-elementor-lightbox-title=\"vom Hochhaus herunter 2\" data-e-action-hash=\"#elementor-action%3Aaction%3Dlightbox%26settings%3DeyJpZCI6NjIyNCwidXJsIjoiaHR0cHM6XC9cL25ldWVrYXJhd2FuZS5kZVwvd3AtY29udGVudFwvdXBsb2Fkc1wvMjAyNVwvMDZcL3ZvbS1Ib2NoaGF1cy1oZXJ1bnRlci0yLXNjYWxlZC5qcGciLCJzbGlkZXNob3ciOiI0NTI2OGM4In0%3D\" href='https:\/\/neuekarawane.de\/wp-content\/uploads\/2025\/06\/vom-Hochhaus-herunter-2-scaled.jpg'><img loading=\"lazy\" decoding=\"async\" width=\"300\" height=\"300\" src=\"https:\/\/neuekarawane.de\/wp-content\/uploads\/2025\/06\/vom-Hochhaus-herunter-2-300x300.jpg\" class=\"attachment-medium size-medium\" alt=\"vom Hochhaus herunter 2\" aria-describedby=\"gallery-3-6224\" srcset=\"https:\/\/neuekarawane.de\/wp-content\/uploads\/2025\/06\/vom-Hochhaus-herunter-2-300x300.jpg 300w, https:\/\/neuekarawane.de\/wp-content\/uploads\/2025\/06\/vom-Hochhaus-herunter-2-1024x1024.jpg 1024w, https:\/\/neuekarawane.de\/wp-content\/uploads\/2025\/06\/vom-Hochhaus-herunter-2-150x150.jpg 150w, https:\/\/neuekarawane.de\/wp-content\/uploads\/2025\/06\/vom-Hochhaus-herunter-2-768x768.jpg 768w, https:\/\/neuekarawane.de\/wp-content\/uploads\/2025\/06\/vom-Hochhaus-herunter-2-1536x1536.jpg 1536w, https:\/\/neuekarawane.de\/wp-content\/uploads\/2025\/06\/vom-Hochhaus-herunter-2-2048x2048.jpg 2048w, https:\/\/neuekarawane.de\/wp-content\/uploads\/2025\/06\/vom-Hochhaus-herunter-2-12x12.jpg 12w\" sizes=\"(max-width: 300px) 100vw, 300px\" \/><\/a>\n\t\t\t<\/div>\n\t\t\t\t<figcaption class='wp-caption-text gallery-caption' id='gallery-3-6224'>\n\t\t\t\tvom Hochhaus herunter 2\n\t\t\t\t<\/figcaption><\/figure><figure class='gallery-item'>\n\t\t\t<div class='gallery-icon landscape'>\n\t\t\t\t<a data-elementor-open-lightbox=\"yes\" data-elementor-lightbox-slideshow=\"45268c8\" data-elementor-lightbox-title=\"vom Hochhaus herunter 3\" data-e-action-hash=\"#elementor-action%3Aaction%3Dlightbox%26settings%3DeyJpZCI6NjIyNSwidXJsIjoiaHR0cHM6XC9cL25ldWVrYXJhd2FuZS5kZVwvd3AtY29udGVudFwvdXBsb2Fkc1wvMjAyNVwvMDZcL3ZvbS1Ib2NoaGF1cy1oZXJ1bnRlci0zLXNjYWxlZC5qcGciLCJzbGlkZXNob3ciOiI0NTI2OGM4In0%3D\" href='https:\/\/neuekarawane.de\/wp-content\/uploads\/2025\/06\/vom-Hochhaus-herunter-3-scaled.jpg'><img loading=\"lazy\" decoding=\"async\" width=\"300\" height=\"300\" src=\"https:\/\/neuekarawane.de\/wp-content\/uploads\/2025\/06\/vom-Hochhaus-herunter-3-300x300.jpg\" class=\"attachment-medium size-medium\" alt=\"vom Hochhaus herunter 3\" aria-describedby=\"gallery-3-6225\" srcset=\"https:\/\/neuekarawane.de\/wp-content\/uploads\/2025\/06\/vom-Hochhaus-herunter-3-300x300.jpg 300w, https:\/\/neuekarawane.de\/wp-content\/uploads\/2025\/06\/vom-Hochhaus-herunter-3-1024x1024.jpg 1024w, https:\/\/neuekarawane.de\/wp-content\/uploads\/2025\/06\/vom-Hochhaus-herunter-3-150x150.jpg 150w, https:\/\/neuekarawane.de\/wp-content\/uploads\/2025\/06\/vom-Hochhaus-herunter-3-768x768.jpg 768w, https:\/\/neuekarawane.de\/wp-content\/uploads\/2025\/06\/vom-Hochhaus-herunter-3-1536x1536.jpg 1536w, https:\/\/neuekarawane.de\/wp-content\/uploads\/2025\/06\/vom-Hochhaus-herunter-3-2048x2048.jpg 2048w, https:\/\/neuekarawane.de\/wp-content\/uploads\/2025\/06\/vom-Hochhaus-herunter-3-12x12.jpg 12w\" sizes=\"(max-width: 300px) 100vw, 300px\" \/><\/a>\n\t\t\t<\/div>\n\t\t\t\t<figcaption class='wp-caption-text gallery-caption' id='gallery-3-6225'>\n\t\t\t\tvom Hochhaus herunter 3\n\t\t\t\t<\/figcaption><\/figure>\n\t\t<\/div>\n\t\t<\/div>\n\t\t\t\t\t\t<\/div>\n\t\t\t\t<\/div>\n\t\t\t\t<div class=\"elementor-element elementor-element-edc6b88 elementor-widget elementor-widget-image-gallery\" data-id=\"edc6b88\" data-element_type=\"widget\" data-e-type=\"widget\" data-widget_type=\"image-gallery.default\">\n\t\t\t\t<div class=\"elementor-widget-container\">\n\t\t\t\t\t\t\t<div class=\"elementor-image-gallery\">\n\t\t\t<div id='gallery-4' class='gallery galleryid-6217 gallery-columns-3 gallery-size-medium'><figure class='gallery-item'>\n\t\t\t<div class='gallery-icon landscape'>\n\t\t\t\t<a data-elementor-open-lightbox=\"yes\" data-elementor-lightbox-slideshow=\"edc6b88\" data-elementor-lightbox-title=\"eine moderne Moschee\" data-e-action-hash=\"#elementor-action%3Aaction%3Dlightbox%26settings%3DeyJpZCI6NjIyOCwidXJsIjoiaHR0cHM6XC9cL25ldWVrYXJhd2FuZS5kZVwvd3AtY29udGVudFwvdXBsb2Fkc1wvMjAyNVwvMDZcL2VpbmUtbW9kZXJuZS1Nb3NjaGVlLXNjYWxlZC5qcGciLCJzbGlkZXNob3ciOiJlZGM2Yjg4In0%3D\" href='https:\/\/neuekarawane.de\/wp-content\/uploads\/2025\/06\/eine-moderne-Moschee-scaled.jpg'><img loading=\"lazy\" decoding=\"async\" width=\"300\" height=\"300\" src=\"https:\/\/neuekarawane.de\/wp-content\/uploads\/2025\/06\/eine-moderne-Moschee-300x300.jpg\" class=\"attachment-medium size-medium\" alt=\"eine moderne Moschee\" aria-describedby=\"gallery-4-6228\" srcset=\"https:\/\/neuekarawane.de\/wp-content\/uploads\/2025\/06\/eine-moderne-Moschee-300x300.jpg 300w, https:\/\/neuekarawane.de\/wp-content\/uploads\/2025\/06\/eine-moderne-Moschee-1024x1024.jpg 1024w, https:\/\/neuekarawane.de\/wp-content\/uploads\/2025\/06\/eine-moderne-Moschee-150x150.jpg 150w, https:\/\/neuekarawane.de\/wp-content\/uploads\/2025\/06\/eine-moderne-Moschee-768x768.jpg 768w, https:\/\/neuekarawane.de\/wp-content\/uploads\/2025\/06\/eine-moderne-Moschee-1536x1536.jpg 1536w, https:\/\/neuekarawane.de\/wp-content\/uploads\/2025\/06\/eine-moderne-Moschee-2048x2048.jpg 2048w, https:\/\/neuekarawane.de\/wp-content\/uploads\/2025\/06\/eine-moderne-Moschee-12x12.jpg 12w\" sizes=\"(max-width: 300px) 100vw, 300px\" \/><\/a>\n\t\t\t<\/div>\n\t\t\t\t<figcaption class='wp-caption-text gallery-caption' id='gallery-4-6228'>\n\t\t\t\teine moderne Moschee\n\t\t\t\t<\/figcaption><\/figure><figure class='gallery-item'>\n\t\t\t<div class='gallery-icon landscape'>\n\t\t\t\t<a data-elementor-open-lightbox=\"yes\" data-elementor-lightbox-slideshow=\"edc6b88\" data-elementor-lightbox-title=\"mit modernem Minarett\" data-e-action-hash=\"#elementor-action%3Aaction%3Dlightbox%26settings%3DeyJpZCI6NjIyNywidXJsIjoiaHR0cHM6XC9cL25ldWVrYXJhd2FuZS5kZVwvd3AtY29udGVudFwvdXBsb2Fkc1wvMjAyNVwvMDZcL21pdC1tb2Rlcm5lbS1NaW5hcmV0dC1zY2FsZWQuanBnIiwic2xpZGVzaG93IjoiZWRjNmI4OCJ9\" href='https:\/\/neuekarawane.de\/wp-content\/uploads\/2025\/06\/mit-modernem-Minarett-scaled.jpg'><img loading=\"lazy\" decoding=\"async\" width=\"300\" height=\"300\" src=\"https:\/\/neuekarawane.de\/wp-content\/uploads\/2025\/06\/mit-modernem-Minarett-300x300.jpg\" class=\"attachment-medium size-medium\" alt=\"mit modernem Minarett\" aria-describedby=\"gallery-4-6227\" srcset=\"https:\/\/neuekarawane.de\/wp-content\/uploads\/2025\/06\/mit-modernem-Minarett-300x300.jpg 300w, https:\/\/neuekarawane.de\/wp-content\/uploads\/2025\/06\/mit-modernem-Minarett-1024x1024.jpg 1024w, https:\/\/neuekarawane.de\/wp-content\/uploads\/2025\/06\/mit-modernem-Minarett-150x150.jpg 150w, https:\/\/neuekarawane.de\/wp-content\/uploads\/2025\/06\/mit-modernem-Minarett-768x768.jpg 768w, https:\/\/neuekarawane.de\/wp-content\/uploads\/2025\/06\/mit-modernem-Minarett-1536x1536.jpg 1536w, https:\/\/neuekarawane.de\/wp-content\/uploads\/2025\/06\/mit-modernem-Minarett-2048x2048.jpg 2048w, https:\/\/neuekarawane.de\/wp-content\/uploads\/2025\/06\/mit-modernem-Minarett-12x12.jpg 12w\" sizes=\"(max-width: 300px) 100vw, 300px\" \/><\/a>\n\t\t\t<\/div>\n\t\t\t\t<figcaption class='wp-caption-text gallery-caption' id='gallery-4-6227'>\n\t\t\t\tmit modernem Minarett\n\t\t\t\t<\/figcaption><\/figure><figure class='gallery-item'>\n\t\t\t<div class='gallery-icon landscape'>\n\t\t\t\t<a data-elementor-open-lightbox=\"yes\" data-elementor-lightbox-slideshow=\"edc6b88\" data-elementor-lightbox-title=\"Details\" data-e-action-hash=\"#elementor-action%3Aaction%3Dlightbox%26settings%3DeyJpZCI6NjIyOSwidXJsIjoiaHR0cHM6XC9cL25ldWVrYXJhd2FuZS5kZVwvd3AtY29udGVudFwvdXBsb2Fkc1wvMjAyNVwvMDZcL0RldGFpbHMtc2NhbGVkLmpwZyIsInNsaWRlc2hvdyI6ImVkYzZiODgifQ%3D%3D\" href='https:\/\/neuekarawane.de\/wp-content\/uploads\/2025\/06\/Details-scaled.jpg'><img loading=\"lazy\" decoding=\"async\" width=\"300\" height=\"300\" src=\"https:\/\/neuekarawane.de\/wp-content\/uploads\/2025\/06\/Details-300x300.jpg\" class=\"attachment-medium size-medium\" alt=\"Details\" aria-describedby=\"gallery-4-6229\" srcset=\"https:\/\/neuekarawane.de\/wp-content\/uploads\/2025\/06\/Details-300x300.jpg 300w, https:\/\/neuekarawane.de\/wp-content\/uploads\/2025\/06\/Details-1024x1024.jpg 1024w, https:\/\/neuekarawane.de\/wp-content\/uploads\/2025\/06\/Details-150x150.jpg 150w, https:\/\/neuekarawane.de\/wp-content\/uploads\/2025\/06\/Details-768x768.jpg 768w, https:\/\/neuekarawane.de\/wp-content\/uploads\/2025\/06\/Details-1536x1536.jpg 1536w, https:\/\/neuekarawane.de\/wp-content\/uploads\/2025\/06\/Details-2048x2048.jpg 2048w, https:\/\/neuekarawane.de\/wp-content\/uploads\/2025\/06\/Details-12x12.jpg 12w\" sizes=\"(max-width: 300px) 100vw, 300px\" \/><\/a>\n\t\t\t<\/div>\n\t\t\t\t<figcaption class='wp-caption-text gallery-caption' id='gallery-4-6229'>\n\t\t\t\tDetails\n\t\t\t\t<\/figcaption><\/figure>\n\t\t<\/div>\n\t\t<\/div>\n\t\t\t\t\t\t<\/div>\n\t\t\t\t<\/div>\n\t\t\t\t<div class=\"elementor-element elementor-element-2877c41 elementor-widget elementor-widget-image-gallery\" data-id=\"2877c41\" data-element_type=\"widget\" data-e-type=\"widget\" data-widget_type=\"image-gallery.default\">\n\t\t\t\t<div class=\"elementor-widget-container\">\n\t\t\t\t\t\t\t<div class=\"elementor-image-gallery\">\n\t\t\t<div id='gallery-5' class='gallery galleryid-6217 gallery-columns-3 gallery-size-medium'><figure class='gallery-item'>\n\t\t\t<div class='gallery-icon landscape'>\n\t\t\t\t<a data-elementor-open-lightbox=\"yes\" data-elementor-lightbox-slideshow=\"2877c41\" data-elementor-lightbox-title=\"Regierungsviertel\" data-e-action-hash=\"#elementor-action%3Aaction%3Dlightbox%26settings%3DeyJpZCI6NjIzMCwidXJsIjoiaHR0cHM6XC9cL25ldWVrYXJhd2FuZS5kZVwvd3AtY29udGVudFwvdXBsb2Fkc1wvMjAyNVwvMDZcL1JlZ2llcnVuZ3N2aWVydGVsLXNjYWxlZC5qcGciLCJzbGlkZXNob3ciOiIyODc3YzQxIn0%3D\" href='https:\/\/neuekarawane.de\/wp-content\/uploads\/2025\/06\/Regierungsviertel-scaled.jpg'><img loading=\"lazy\" decoding=\"async\" width=\"300\" height=\"300\" src=\"https:\/\/neuekarawane.de\/wp-content\/uploads\/2025\/06\/Regierungsviertel-300x300.jpg\" class=\"attachment-medium size-medium\" alt=\"Regierungsviertel\" aria-describedby=\"gallery-5-6230\" srcset=\"https:\/\/neuekarawane.de\/wp-content\/uploads\/2025\/06\/Regierungsviertel-300x300.jpg 300w, https:\/\/neuekarawane.de\/wp-content\/uploads\/2025\/06\/Regierungsviertel-1024x1024.jpg 1024w, https:\/\/neuekarawane.de\/wp-content\/uploads\/2025\/06\/Regierungsviertel-150x150.jpg 150w, https:\/\/neuekarawane.de\/wp-content\/uploads\/2025\/06\/Regierungsviertel-768x768.jpg 768w, https:\/\/neuekarawane.de\/wp-content\/uploads\/2025\/06\/Regierungsviertel-1536x1536.jpg 1536w, https:\/\/neuekarawane.de\/wp-content\/uploads\/2025\/06\/Regierungsviertel-2048x2048.jpg 2048w, https:\/\/neuekarawane.de\/wp-content\/uploads\/2025\/06\/Regierungsviertel-12x12.jpg 12w\" sizes=\"(max-width: 300px) 100vw, 300px\" \/><\/a>\n\t\t\t<\/div>\n\t\t\t\t<figcaption class='wp-caption-text gallery-caption' id='gallery-5-6230'>\n\t\t\t\tRegierungsviertel\n\t\t\t\t<\/figcaption><\/figure><figure class='gallery-item'>\n\t\t\t<div class='gallery-icon landscape'>\n\t\t\t\t<a data-elementor-open-lightbox=\"yes\" data-elementor-lightbox-slideshow=\"2877c41\" data-elementor-lightbox-title=\"Park vor dem Pr\u00e4sidentenpalast\" data-e-action-hash=\"#elementor-action%3Aaction%3Dlightbox%26settings%3DeyJpZCI6NjIzMiwidXJsIjoiaHR0cHM6XC9cL25ldWVrYXJhd2FuZS5kZVwvd3AtY29udGVudFwvdXBsb2Fkc1wvMjAyNVwvMDZcL1Bhcmstdm9yLWRlbS1QcmFlc2lkZW50ZW5wYWxhc3Qtc2NhbGVkLmpwZyIsInNsaWRlc2hvdyI6IjI4NzdjNDEifQ%3D%3D\" href='https:\/\/neuekarawane.de\/wp-content\/uploads\/2025\/06\/Park-vor-dem-Praesidentenpalast-scaled.jpg'><img loading=\"lazy\" decoding=\"async\" width=\"300\" height=\"300\" src=\"https:\/\/neuekarawane.de\/wp-content\/uploads\/2025\/06\/Park-vor-dem-Praesidentenpalast-300x300.jpg\" class=\"attachment-medium size-medium\" alt=\"Park vor dem Pr\u00e4sidentenpalast\" aria-describedby=\"gallery-5-6232\" srcset=\"https:\/\/neuekarawane.de\/wp-content\/uploads\/2025\/06\/Park-vor-dem-Praesidentenpalast-300x300.jpg 300w, https:\/\/neuekarawane.de\/wp-content\/uploads\/2025\/06\/Park-vor-dem-Praesidentenpalast-1024x1024.jpg 1024w, https:\/\/neuekarawane.de\/wp-content\/uploads\/2025\/06\/Park-vor-dem-Praesidentenpalast-150x150.jpg 150w, https:\/\/neuekarawane.de\/wp-content\/uploads\/2025\/06\/Park-vor-dem-Praesidentenpalast-768x768.jpg 768w, https:\/\/neuekarawane.de\/wp-content\/uploads\/2025\/06\/Park-vor-dem-Praesidentenpalast-1536x1536.jpg 1536w, https:\/\/neuekarawane.de\/wp-content\/uploads\/2025\/06\/Park-vor-dem-Praesidentenpalast-2048x2048.jpg 2048w, https:\/\/neuekarawane.de\/wp-content\/uploads\/2025\/06\/Park-vor-dem-Praesidentenpalast-12x12.jpg 12w\" sizes=\"(max-width: 300px) 100vw, 300px\" \/><\/a>\n\t\t\t<\/div>\n\t\t\t\t<figcaption class='wp-caption-text gallery-caption' id='gallery-5-6232'>\n\t\t\t\tPark vor dem Pr\u00e4sidentenpalast\n\t\t\t\t<\/figcaption><\/figure><figure class='gallery-item'>\n\t\t\t<div class='gallery-icon landscape'>\n\t\t\t\t<a data-elementor-open-lightbox=\"yes\" data-elementor-lightbox-slideshow=\"2877c41\" data-elementor-lightbox-title=\"Prachtstrasse\" data-e-action-hash=\"#elementor-action%3Aaction%3Dlightbox%26settings%3DeyJpZCI6NjIzMSwidXJsIjoiaHR0cHM6XC9cL25ldWVrYXJhd2FuZS5kZVwvd3AtY29udGVudFwvdXBsb2Fkc1wvMjAyNVwvMDZcL1ByYWNodHN0cmFzc2Utc2NhbGVkLmpwZyIsInNsaWRlc2hvdyI6IjI4NzdjNDEifQ%3D%3D\" href='https:\/\/neuekarawane.de\/wp-content\/uploads\/2025\/06\/Prachtstrasse-scaled.jpg'><img loading=\"lazy\" decoding=\"async\" width=\"300\" height=\"300\" src=\"https:\/\/neuekarawane.de\/wp-content\/uploads\/2025\/06\/Prachtstrasse-300x300.jpg\" class=\"attachment-medium size-medium\" alt=\"Prachtstrasse\" aria-describedby=\"gallery-5-6231\" srcset=\"https:\/\/neuekarawane.de\/wp-content\/uploads\/2025\/06\/Prachtstrasse-300x300.jpg 300w, https:\/\/neuekarawane.de\/wp-content\/uploads\/2025\/06\/Prachtstrasse-1024x1024.jpg 1024w, https:\/\/neuekarawane.de\/wp-content\/uploads\/2025\/06\/Prachtstrasse-150x150.jpg 150w, https:\/\/neuekarawane.de\/wp-content\/uploads\/2025\/06\/Prachtstrasse-768x768.jpg 768w, https:\/\/neuekarawane.de\/wp-content\/uploads\/2025\/06\/Prachtstrasse-1536x1536.jpg 1536w, https:\/\/neuekarawane.de\/wp-content\/uploads\/2025\/06\/Prachtstrasse-2048x2048.jpg 2048w, https:\/\/neuekarawane.de\/wp-content\/uploads\/2025\/06\/Prachtstrasse-12x12.jpg 12w\" sizes=\"(max-width: 300px) 100vw, 300px\" \/><\/a>\n\t\t\t<\/div>\n\t\t\t\t<figcaption class='wp-caption-text gallery-caption' id='gallery-5-6231'>\n\t\t\t\tPrachtstrasse\n\t\t\t\t<\/figcaption><\/figure>\n\t\t<\/div>\n\t\t<\/div>\n\t\t\t\t\t\t<\/div>\n\t\t\t\t<\/div>\n\t\t\t\t<div class=\"elementor-element elementor-element-bcefa9e elementor-widget elementor-widget-text-editor\" data-id=\"bcefa9e\" data-element_type=\"widget\" data-e-type=\"widget\" data-widget_type=\"text-editor.default\">\n\t\t\t\t<div class=\"elementor-widget-container\">\n\t\t\t\t\t\t\t\t\t<p>Hier soll die gr\u00f6\u00dfte Moschee in Zentralasien stehen und in die hat uns Aid\u00fcn auch gef\u00fchrt. Sie bietet wohl Platz f\u00fcr tausende Gl\u00e4ubige und hat auch einen Lift auf eines der Minarette.<\/p>\t\t\t\t\t\t\t\t<\/div>\n\t\t\t\t<\/div>\n\t\t\t\t<div class=\"elementor-element elementor-element-34235e6 elementor-widget elementor-widget-image-gallery\" data-id=\"34235e6\" data-element_type=\"widget\" data-e-type=\"widget\" data-widget_type=\"image-gallery.default\">\n\t\t\t\t<div class=\"elementor-widget-container\">\n\t\t\t\t\t\t\t<div class=\"elementor-image-gallery\">\n\t\t\t<div id='gallery-6' class='gallery galleryid-6217 gallery-columns-3 gallery-size-medium'><figure class='gallery-item'>\n\t\t\t<div class='gallery-icon landscape'>\n\t\t\t\t<a data-elementor-open-lightbox=\"yes\" data-elementor-lightbox-slideshow=\"34235e6\" data-elementor-lightbox-title=\"Die Zentral- Moschee\" data-e-action-hash=\"#elementor-action%3Aaction%3Dlightbox%26settings%3DeyJpZCI6NjIzNSwidXJsIjoiaHR0cHM6XC9cL25ldWVrYXJhd2FuZS5kZVwvd3AtY29udGVudFwvdXBsb2Fkc1wvMjAyNVwvMDZcL0RpZS1aZW50cmFsLU1vc2NoZWUtMS1zY2FsZWQuanBnIiwic2xpZGVzaG93IjoiMzQyMzVlNiJ9\" href='https:\/\/neuekarawane.de\/wp-content\/uploads\/2025\/06\/Die-Zentral-Moschee-1-scaled.jpg'><img loading=\"lazy\" decoding=\"async\" width=\"300\" height=\"300\" src=\"https:\/\/neuekarawane.de\/wp-content\/uploads\/2025\/06\/Die-Zentral-Moschee-1-300x300.jpg\" class=\"attachment-medium size-medium\" alt=\"Die Zentral- Moschee\" aria-describedby=\"gallery-6-6235\" srcset=\"https:\/\/neuekarawane.de\/wp-content\/uploads\/2025\/06\/Die-Zentral-Moschee-1-300x300.jpg 300w, https:\/\/neuekarawane.de\/wp-content\/uploads\/2025\/06\/Die-Zentral-Moschee-1-1024x1024.jpg 1024w, https:\/\/neuekarawane.de\/wp-content\/uploads\/2025\/06\/Die-Zentral-Moschee-1-150x150.jpg 150w, https:\/\/neuekarawane.de\/wp-content\/uploads\/2025\/06\/Die-Zentral-Moschee-1-768x768.jpg 768w, https:\/\/neuekarawane.de\/wp-content\/uploads\/2025\/06\/Die-Zentral-Moschee-1-1536x1536.jpg 1536w, https:\/\/neuekarawane.de\/wp-content\/uploads\/2025\/06\/Die-Zentral-Moschee-1-2048x2048.jpg 2048w, https:\/\/neuekarawane.de\/wp-content\/uploads\/2025\/06\/Die-Zentral-Moschee-1-12x12.jpg 12w\" sizes=\"(max-width: 300px) 100vw, 300px\" \/><\/a>\n\t\t\t<\/div>\n\t\t\t\t<figcaption class='wp-caption-text gallery-caption' id='gallery-6-6235'>\n\t\t\t\tDie Zentral- Moschee\n\t\t\t\t<\/figcaption><\/figure><figure class='gallery-item'>\n\t\t\t<div class='gallery-icon landscape'>\n\t\t\t\t<a data-elementor-open-lightbox=\"yes\" data-elementor-lightbox-slideshow=\"34235e6\" data-elementor-lightbox-title=\"Blick vom Minarett\" data-e-action-hash=\"#elementor-action%3Aaction%3Dlightbox%26settings%3DeyJpZCI6NjIzNCwidXJsIjoiaHR0cHM6XC9cL25ldWVrYXJhd2FuZS5kZVwvd3AtY29udGVudFwvdXBsb2Fkc1wvMjAyNVwvMDZcL0JsaWNrLXZvbS1NaW5hcmV0dC1zY2FsZWQuanBnIiwic2xpZGVzaG93IjoiMzQyMzVlNiJ9\" href='https:\/\/neuekarawane.de\/wp-content\/uploads\/2025\/06\/Blick-vom-Minarett-scaled.jpg'><img loading=\"lazy\" decoding=\"async\" width=\"300\" height=\"300\" src=\"https:\/\/neuekarawane.de\/wp-content\/uploads\/2025\/06\/Blick-vom-Minarett-300x300.jpg\" class=\"attachment-medium size-medium\" alt=\"Blick vom Minarett\" aria-describedby=\"gallery-6-6234\" srcset=\"https:\/\/neuekarawane.de\/wp-content\/uploads\/2025\/06\/Blick-vom-Minarett-300x300.jpg 300w, https:\/\/neuekarawane.de\/wp-content\/uploads\/2025\/06\/Blick-vom-Minarett-1024x1024.jpg 1024w, https:\/\/neuekarawane.de\/wp-content\/uploads\/2025\/06\/Blick-vom-Minarett-150x150.jpg 150w, https:\/\/neuekarawane.de\/wp-content\/uploads\/2025\/06\/Blick-vom-Minarett-768x768.jpg 768w, https:\/\/neuekarawane.de\/wp-content\/uploads\/2025\/06\/Blick-vom-Minarett-1536x1536.jpg 1536w, https:\/\/neuekarawane.de\/wp-content\/uploads\/2025\/06\/Blick-vom-Minarett-2048x2048.jpg 2048w, https:\/\/neuekarawane.de\/wp-content\/uploads\/2025\/06\/Blick-vom-Minarett-12x12.jpg 12w\" sizes=\"(max-width: 300px) 100vw, 300px\" \/><\/a>\n\t\t\t<\/div>\n\t\t\t\t<figcaption class='wp-caption-text gallery-caption' id='gallery-6-6234'>\n\t\t\t\tBlick vom Minarett\n\t\t\t\t<\/figcaption><\/figure><figure class='gallery-item'>\n\t\t\t<div class='gallery-icon landscape'>\n\t\t\t\t<a data-elementor-open-lightbox=\"yes\" data-elementor-lightbox-slideshow=\"34235e6\" data-elementor-lightbox-title=\"in der Moschee 1\" data-e-action-hash=\"#elementor-action%3Aaction%3Dlightbox%26settings%3DeyJpZCI6NjIzMywidXJsIjoiaHR0cHM6XC9cL25ldWVrYXJhd2FuZS5kZVwvd3AtY29udGVudFwvdXBsb2Fkc1wvMjAyNVwvMDZcL2luLWRlci1Nb3NjaGVlLTEtc2NhbGVkLmpwZyIsInNsaWRlc2hvdyI6IjM0MjM1ZTYifQ%3D%3D\" href='https:\/\/neuekarawane.de\/wp-content\/uploads\/2025\/06\/in-der-Moschee-1-scaled.jpg'><img loading=\"lazy\" decoding=\"async\" width=\"300\" height=\"300\" src=\"https:\/\/neuekarawane.de\/wp-content\/uploads\/2025\/06\/in-der-Moschee-1-300x300.jpg\" class=\"attachment-medium size-medium\" alt=\"in der Moschee 1\" aria-describedby=\"gallery-6-6233\" srcset=\"https:\/\/neuekarawane.de\/wp-content\/uploads\/2025\/06\/in-der-Moschee-1-300x300.jpg 300w, https:\/\/neuekarawane.de\/wp-content\/uploads\/2025\/06\/in-der-Moschee-1-1024x1024.jpg 1024w, https:\/\/neuekarawane.de\/wp-content\/uploads\/2025\/06\/in-der-Moschee-1-150x150.jpg 150w, https:\/\/neuekarawane.de\/wp-content\/uploads\/2025\/06\/in-der-Moschee-1-768x768.jpg 768w, https:\/\/neuekarawane.de\/wp-content\/uploads\/2025\/06\/in-der-Moschee-1-1536x1536.jpg 1536w, https:\/\/neuekarawane.de\/wp-content\/uploads\/2025\/06\/in-der-Moschee-1-2048x2048.jpg 2048w, https:\/\/neuekarawane.de\/wp-content\/uploads\/2025\/06\/in-der-Moschee-1-12x12.jpg 12w\" sizes=\"(max-width: 300px) 100vw, 300px\" \/><\/a>\n\t\t\t<\/div>\n\t\t\t\t<figcaption class='wp-caption-text gallery-caption' id='gallery-6-6233'>\n\t\t\t\tin der Moschee 1\n\t\t\t\t<\/figcaption><\/figure>\n\t\t<\/div>\n\t\t<\/div>\n\t\t\t\t\t\t<\/div>\n\t\t\t\t<\/div>\n\t\t\t\t<div class=\"elementor-element elementor-element-b72bb2d elementor-widget elementor-widget-image-gallery\" data-id=\"b72bb2d\" data-element_type=\"widget\" data-e-type=\"widget\" data-widget_type=\"image-gallery.default\">\n\t\t\t\t<div class=\"elementor-widget-container\">\n\t\t\t\t\t\t\t<div class=\"elementor-image-gallery\">\n\t\t\t<div id='gallery-7' class='gallery galleryid-6217 gallery-columns-3 gallery-size-medium'><figure class='gallery-item'>\n\t\t\t<div class='gallery-icon landscape'>\n\t\t\t\t<a data-elementor-open-lightbox=\"yes\" data-elementor-lightbox-slideshow=\"b72bb2d\" data-elementor-lightbox-title=\"in der Moschee 2\" data-e-action-hash=\"#elementor-action%3Aaction%3Dlightbox%26settings%3DeyJpZCI6NjIzNywidXJsIjoiaHR0cHM6XC9cL25ldWVrYXJhd2FuZS5kZVwvd3AtY29udGVudFwvdXBsb2Fkc1wvMjAyNVwvMDZcL2luLWRlci1Nb3NjaGVlLTItc2NhbGVkLmpwZyIsInNsaWRlc2hvdyI6ImI3MmJiMmQifQ%3D%3D\" href='https:\/\/neuekarawane.de\/wp-content\/uploads\/2025\/06\/in-der-Moschee-2-scaled.jpg'><img loading=\"lazy\" decoding=\"async\" width=\"300\" height=\"300\" src=\"https:\/\/neuekarawane.de\/wp-content\/uploads\/2025\/06\/in-der-Moschee-2-300x300.jpg\" class=\"attachment-medium size-medium\" alt=\"in der Moschee 2\" aria-describedby=\"gallery-7-6237\" srcset=\"https:\/\/neuekarawane.de\/wp-content\/uploads\/2025\/06\/in-der-Moschee-2-300x300.jpg 300w, https:\/\/neuekarawane.de\/wp-content\/uploads\/2025\/06\/in-der-Moschee-2-1024x1024.jpg 1024w, https:\/\/neuekarawane.de\/wp-content\/uploads\/2025\/06\/in-der-Moschee-2-150x150.jpg 150w, https:\/\/neuekarawane.de\/wp-content\/uploads\/2025\/06\/in-der-Moschee-2-768x768.jpg 768w, https:\/\/neuekarawane.de\/wp-content\/uploads\/2025\/06\/in-der-Moschee-2-1536x1536.jpg 1536w, https:\/\/neuekarawane.de\/wp-content\/uploads\/2025\/06\/in-der-Moschee-2-2048x2048.jpg 2048w, https:\/\/neuekarawane.de\/wp-content\/uploads\/2025\/06\/in-der-Moschee-2-12x12.jpg 12w\" sizes=\"(max-width: 300px) 100vw, 300px\" \/><\/a>\n\t\t\t<\/div>\n\t\t\t\t<figcaption class='wp-caption-text gallery-caption' id='gallery-7-6237'>\n\t\t\t\tin der Moschee 2\n\t\t\t\t<\/figcaption><\/figure><figure class='gallery-item'>\n\t\t\t<div class='gallery-icon landscape'>\n\t\t\t\t<a data-elementor-open-lightbox=\"yes\" data-elementor-lightbox-slideshow=\"b72bb2d\" data-elementor-lightbox-title=\"in der Moschee 3\" data-e-action-hash=\"#elementor-action%3Aaction%3Dlightbox%26settings%3DeyJpZCI6NjIzNiwidXJsIjoiaHR0cHM6XC9cL25ldWVrYXJhd2FuZS5kZVwvd3AtY29udGVudFwvdXBsb2Fkc1wvMjAyNVwvMDZcL2luLWRlci1Nb3NjaGVlLTMtc2NhbGVkLmpwZyIsInNsaWRlc2hvdyI6ImI3MmJiMmQifQ%3D%3D\" href='https:\/\/neuekarawane.de\/wp-content\/uploads\/2025\/06\/in-der-Moschee-3-scaled.jpg'><img loading=\"lazy\" decoding=\"async\" width=\"300\" height=\"300\" src=\"https:\/\/neuekarawane.de\/wp-content\/uploads\/2025\/06\/in-der-Moschee-3-300x300.jpg\" class=\"attachment-medium size-medium\" alt=\"in der Moschee 3\" aria-describedby=\"gallery-7-6236\" srcset=\"https:\/\/neuekarawane.de\/wp-content\/uploads\/2025\/06\/in-der-Moschee-3-300x300.jpg 300w, https:\/\/neuekarawane.de\/wp-content\/uploads\/2025\/06\/in-der-Moschee-3-1024x1024.jpg 1024w, https:\/\/neuekarawane.de\/wp-content\/uploads\/2025\/06\/in-der-Moschee-3-150x150.jpg 150w, https:\/\/neuekarawane.de\/wp-content\/uploads\/2025\/06\/in-der-Moschee-3-768x768.jpg 768w, https:\/\/neuekarawane.de\/wp-content\/uploads\/2025\/06\/in-der-Moschee-3-1536x1536.jpg 1536w, https:\/\/neuekarawane.de\/wp-content\/uploads\/2025\/06\/in-der-Moschee-3-2048x2048.jpg 2048w, https:\/\/neuekarawane.de\/wp-content\/uploads\/2025\/06\/in-der-Moschee-3-12x12.jpg 12w\" sizes=\"(max-width: 300px) 100vw, 300px\" \/><\/a>\n\t\t\t<\/div>\n\t\t\t\t<figcaption class='wp-caption-text gallery-caption' id='gallery-7-6236'>\n\t\t\t\tin der Moschee 3\n\t\t\t\t<\/figcaption><\/figure><figure class='gallery-item'>\n\t\t\t<div class='gallery-icon landscape'>\n\t\t\t\t<a data-elementor-open-lightbox=\"yes\" data-elementor-lightbox-slideshow=\"b72bb2d\" data-elementor-lightbox-title=\"in der Moschee 4\" data-e-action-hash=\"#elementor-action%3Aaction%3Dlightbox%26settings%3DeyJpZCI6NjIzOCwidXJsIjoiaHR0cHM6XC9cL25ldWVrYXJhd2FuZS5kZVwvd3AtY29udGVudFwvdXBsb2Fkc1wvMjAyNVwvMDZcL2luLWRlci1Nb3NjaGVlLTQtc2NhbGVkLmpwZyIsInNsaWRlc2hvdyI6ImI3MmJiMmQifQ%3D%3D\" href='https:\/\/neuekarawane.de\/wp-content\/uploads\/2025\/06\/in-der-Moschee-4-scaled.jpg'><img loading=\"lazy\" decoding=\"async\" width=\"300\" height=\"300\" src=\"https:\/\/neuekarawane.de\/wp-content\/uploads\/2025\/06\/in-der-Moschee-4-300x300.jpg\" class=\"attachment-medium size-medium\" alt=\"in der Moschee 4\" aria-describedby=\"gallery-7-6238\" srcset=\"https:\/\/neuekarawane.de\/wp-content\/uploads\/2025\/06\/in-der-Moschee-4-300x300.jpg 300w, https:\/\/neuekarawane.de\/wp-content\/uploads\/2025\/06\/in-der-Moschee-4-1024x1024.jpg 1024w, https:\/\/neuekarawane.de\/wp-content\/uploads\/2025\/06\/in-der-Moschee-4-150x150.jpg 150w, https:\/\/neuekarawane.de\/wp-content\/uploads\/2025\/06\/in-der-Moschee-4-768x768.jpg 768w, https:\/\/neuekarawane.de\/wp-content\/uploads\/2025\/06\/in-der-Moschee-4-1536x1536.jpg 1536w, https:\/\/neuekarawane.de\/wp-content\/uploads\/2025\/06\/in-der-Moschee-4-2048x2048.jpg 2048w, https:\/\/neuekarawane.de\/wp-content\/uploads\/2025\/06\/in-der-Moschee-4-12x12.jpg 12w\" sizes=\"(max-width: 300px) 100vw, 300px\" \/><\/a>\n\t\t\t<\/div>\n\t\t\t\t<figcaption class='wp-caption-text gallery-caption' id='gallery-7-6238'>\n\t\t\t\tin der Moschee 4\n\t\t\t\t<\/figcaption><\/figure>\n\t\t<\/div>\n\t\t<\/div>\n\t\t\t\t\t\t<\/div>\n\t\t\t\t<\/div>\n\t\t\t\t<div class=\"elementor-element elementor-element-5912b8c elementor-widget elementor-widget-image-gallery\" data-id=\"5912b8c\" data-element_type=\"widget\" data-e-type=\"widget\" data-widget_type=\"image-gallery.default\">\n\t\t\t\t<div class=\"elementor-widget-container\">\n\t\t\t\t\t\t\t<div class=\"elementor-image-gallery\">\n\t\t\t<div id='gallery-8' class='gallery galleryid-6217 gallery-columns-3 gallery-size-medium'><figure class='gallery-item'>\n\t\t\t<div class='gallery-icon landscape'>\n\t\t\t\t<a data-elementor-open-lightbox=\"yes\" data-elementor-lightbox-slideshow=\"5912b8c\" data-elementor-lightbox-title=\"in der Moschee 5\" data-e-action-hash=\"#elementor-action%3Aaction%3Dlightbox%26settings%3DeyJpZCI6NjIzOSwidXJsIjoiaHR0cHM6XC9cL25ldWVrYXJhd2FuZS5kZVwvd3AtY29udGVudFwvdXBsb2Fkc1wvMjAyNVwvMDZcL2luLWRlci1Nb3NjaGVlLTUtc2NhbGVkLmpwZyIsInNsaWRlc2hvdyI6IjU5MTJiOGMifQ%3D%3D\" href='https:\/\/neuekarawane.de\/wp-content\/uploads\/2025\/06\/in-der-Moschee-5-scaled.jpg'><img loading=\"lazy\" decoding=\"async\" width=\"300\" height=\"300\" src=\"https:\/\/neuekarawane.de\/wp-content\/uploads\/2025\/06\/in-der-Moschee-5-300x300.jpg\" class=\"attachment-medium size-medium\" alt=\"in der Moschee 5\" aria-describedby=\"gallery-8-6239\" srcset=\"https:\/\/neuekarawane.de\/wp-content\/uploads\/2025\/06\/in-der-Moschee-5-300x300.jpg 300w, https:\/\/neuekarawane.de\/wp-content\/uploads\/2025\/06\/in-der-Moschee-5-1024x1024.jpg 1024w, https:\/\/neuekarawane.de\/wp-content\/uploads\/2025\/06\/in-der-Moschee-5-150x150.jpg 150w, https:\/\/neuekarawane.de\/wp-content\/uploads\/2025\/06\/in-der-Moschee-5-768x768.jpg 768w, https:\/\/neuekarawane.de\/wp-content\/uploads\/2025\/06\/in-der-Moschee-5-1536x1536.jpg 1536w, https:\/\/neuekarawane.de\/wp-content\/uploads\/2025\/06\/in-der-Moschee-5-2048x2048.jpg 2048w, https:\/\/neuekarawane.de\/wp-content\/uploads\/2025\/06\/in-der-Moschee-5-12x12.jpg 12w\" sizes=\"(max-width: 300px) 100vw, 300px\" \/><\/a>\n\t\t\t<\/div>\n\t\t\t\t<figcaption class='wp-caption-text gallery-caption' id='gallery-8-6239'>\n\t\t\t\tin der Moschee 5\n\t\t\t\t<\/figcaption><\/figure><figure class='gallery-item'>\n\t\t\t<div class='gallery-icon landscape'>\n\t\t\t\t<a data-elementor-open-lightbox=\"yes\" data-elementor-lightbox-slideshow=\"5912b8c\" data-elementor-lightbox-title=\"in der Moschee 6\" data-e-action-hash=\"#elementor-action%3Aaction%3Dlightbox%26settings%3DeyJpZCI6NjI0MCwidXJsIjoiaHR0cHM6XC9cL25ldWVrYXJhd2FuZS5kZVwvd3AtY29udGVudFwvdXBsb2Fkc1wvMjAyNVwvMDZcL2luLWRlci1Nb3NjaGVlLTYtc2NhbGVkLmpwZyIsInNsaWRlc2hvdyI6IjU5MTJiOGMifQ%3D%3D\" href='https:\/\/neuekarawane.de\/wp-content\/uploads\/2025\/06\/in-der-Moschee-6-scaled.jpg'><img loading=\"lazy\" decoding=\"async\" width=\"300\" height=\"300\" src=\"https:\/\/neuekarawane.de\/wp-content\/uploads\/2025\/06\/in-der-Moschee-6-300x300.jpg\" class=\"attachment-medium size-medium\" alt=\"in der Moschee 6\" aria-describedby=\"gallery-8-6240\" srcset=\"https:\/\/neuekarawane.de\/wp-content\/uploads\/2025\/06\/in-der-Moschee-6-300x300.jpg 300w, https:\/\/neuekarawane.de\/wp-content\/uploads\/2025\/06\/in-der-Moschee-6-1024x1024.jpg 1024w, https:\/\/neuekarawane.de\/wp-content\/uploads\/2025\/06\/in-der-Moschee-6-150x150.jpg 150w, https:\/\/neuekarawane.de\/wp-content\/uploads\/2025\/06\/in-der-Moschee-6-768x768.jpg 768w, https:\/\/neuekarawane.de\/wp-content\/uploads\/2025\/06\/in-der-Moschee-6-1536x1536.jpg 1536w, https:\/\/neuekarawane.de\/wp-content\/uploads\/2025\/06\/in-der-Moschee-6-2048x2048.jpg 2048w, https:\/\/neuekarawane.de\/wp-content\/uploads\/2025\/06\/in-der-Moschee-6-12x12.jpg 12w\" sizes=\"(max-width: 300px) 100vw, 300px\" \/><\/a>\n\t\t\t<\/div>\n\t\t\t\t<figcaption class='wp-caption-text gallery-caption' id='gallery-8-6240'>\n\t\t\t\tin der Moschee 6\n\t\t\t\t<\/figcaption><\/figure><figure class='gallery-item'>\n\t\t\t<div class='gallery-icon landscape'>\n\t\t\t\t<a data-elementor-open-lightbox=\"yes\" data-elementor-lightbox-slideshow=\"5912b8c\" data-elementor-lightbox-title=\"in der Moschee 7\" data-e-action-hash=\"#elementor-action%3Aaction%3Dlightbox%26settings%3DeyJpZCI6NjI0MSwidXJsIjoiaHR0cHM6XC9cL25ldWVrYXJhd2FuZS5kZVwvd3AtY29udGVudFwvdXBsb2Fkc1wvMjAyNVwvMDZcL2luLWRlci1Nb3NjaGVlLTctc2NhbGVkLmpwZyIsInNsaWRlc2hvdyI6IjU5MTJiOGMifQ%3D%3D\" href='https:\/\/neuekarawane.de\/wp-content\/uploads\/2025\/06\/in-der-Moschee-7-scaled.jpg'><img loading=\"lazy\" decoding=\"async\" width=\"300\" height=\"300\" src=\"https:\/\/neuekarawane.de\/wp-content\/uploads\/2025\/06\/in-der-Moschee-7-300x300.jpg\" class=\"attachment-medium size-medium\" alt=\"in der Moschee 7\" aria-describedby=\"gallery-8-6241\" srcset=\"https:\/\/neuekarawane.de\/wp-content\/uploads\/2025\/06\/in-der-Moschee-7-300x300.jpg 300w, https:\/\/neuekarawane.de\/wp-content\/uploads\/2025\/06\/in-der-Moschee-7-1024x1024.jpg 1024w, https:\/\/neuekarawane.de\/wp-content\/uploads\/2025\/06\/in-der-Moschee-7-150x150.jpg 150w, https:\/\/neuekarawane.de\/wp-content\/uploads\/2025\/06\/in-der-Moschee-7-768x768.jpg 768w, https:\/\/neuekarawane.de\/wp-content\/uploads\/2025\/06\/in-der-Moschee-7-1536x1536.jpg 1536w, https:\/\/neuekarawane.de\/wp-content\/uploads\/2025\/06\/in-der-Moschee-7-2048x2048.jpg 2048w, https:\/\/neuekarawane.de\/wp-content\/uploads\/2025\/06\/in-der-Moschee-7-12x12.jpg 12w\" sizes=\"(max-width: 300px) 100vw, 300px\" \/><\/a>\n\t\t\t<\/div>\n\t\t\t\t<figcaption class='wp-caption-text gallery-caption' id='gallery-8-6241'>\n\t\t\t\tin der Moschee 7\n\t\t\t\t<\/figcaption><\/figure>\n\t\t<\/div>\n\t\t<\/div>\n\t\t\t\t\t\t<\/div>\n\t\t\t\t<\/div>\n\t\t\t\t<div class=\"elementor-element elementor-element-22bb803 elementor-widget elementor-widget-text-editor\" data-id=\"22bb803\" data-element_type=\"widget\" data-e-type=\"widget\" data-widget_type=\"text-editor.default\">\n\t\t\t\t<div class=\"elementor-widget-container\">\n\t\t\t\t\t\t\t\t\t<p>F\u00fcr mich besonders angenehm war ein Abstecher zum Raumfahrzentrum von Astana. Auf der Freifl\u00e4che davor konnte man die Raumschiffe Sojus, Proton und Zenit in Origialgr\u00f6\u00dfe bewundern. Gleich daneben die sowjetische Variante einer Raumf\u00e4hre, die &#8222;Buran&#8220;, die ja nur einmal zu einem Testflug in den Weltraum gelangte und mit der Tr\u00e4gerrakete &#8222;Energija&#8220; gestartet wurde.<br \/>Unm\u00f6glich, die vielen Eindr\u00fccke und Fotos alle im Blog unterzubringen.<\/p>\t\t\t\t\t\t\t\t<\/div>\n\t\t\t\t<\/div>\n\t\t\t\t<div class=\"elementor-element elementor-element-5e58187 elementor-widget elementor-widget-image-gallery\" data-id=\"5e58187\" data-element_type=\"widget\" data-e-type=\"widget\" data-widget_type=\"image-gallery.default\">\n\t\t\t\t<div class=\"elementor-widget-container\">\n\t\t\t\t\t\t\t<div class=\"elementor-image-gallery\">\n\t\t\t<div id='gallery-9' class='gallery galleryid-6217 gallery-columns-3 gallery-size-medium'><figure class='gallery-item'>\n\t\t\t<div class='gallery-icon landscape'>\n\t\t\t\t<a data-elementor-open-lightbox=\"yes\" data-elementor-lightbox-slideshow=\"5e58187\" data-elementor-lightbox-title=\"Sojus, Proton und Energia\" data-e-action-hash=\"#elementor-action%3Aaction%3Dlightbox%26settings%3DeyJpZCI6NjI0NCwidXJsIjoiaHR0cHM6XC9cL25ldWVrYXJhd2FuZS5kZVwvd3AtY29udGVudFwvdXBsb2Fkc1wvMjAyNVwvMDZcL1NvanVzLVByb3Rvbi11bmQtRW5lcmdpYS0tc2NhbGVkLmpwZyIsInNsaWRlc2hvdyI6IjVlNTgxODcifQ%3D%3D\" href='https:\/\/neuekarawane.de\/wp-content\/uploads\/2025\/06\/Sojus-Proton-und-Energia--scaled.jpg'><img loading=\"lazy\" decoding=\"async\" width=\"300\" height=\"300\" src=\"https:\/\/neuekarawane.de\/wp-content\/uploads\/2025\/06\/Sojus-Proton-und-Energia--300x300.jpg\" class=\"attachment-medium size-medium\" alt=\"Sojus, Proton und Energia\" aria-describedby=\"gallery-9-6244\" srcset=\"https:\/\/neuekarawane.de\/wp-content\/uploads\/2025\/06\/Sojus-Proton-und-Energia--300x300.jpg 300w, https:\/\/neuekarawane.de\/wp-content\/uploads\/2025\/06\/Sojus-Proton-und-Energia--1024x1024.jpg 1024w, https:\/\/neuekarawane.de\/wp-content\/uploads\/2025\/06\/Sojus-Proton-und-Energia--150x150.jpg 150w, https:\/\/neuekarawane.de\/wp-content\/uploads\/2025\/06\/Sojus-Proton-und-Energia--768x768.jpg 768w, https:\/\/neuekarawane.de\/wp-content\/uploads\/2025\/06\/Sojus-Proton-und-Energia--1536x1536.jpg 1536w, https:\/\/neuekarawane.de\/wp-content\/uploads\/2025\/06\/Sojus-Proton-und-Energia--2048x2048.jpg 2048w, https:\/\/neuekarawane.de\/wp-content\/uploads\/2025\/06\/Sojus-Proton-und-Energia--12x12.jpg 12w\" sizes=\"(max-width: 300px) 100vw, 300px\" \/><\/a>\n\t\t\t<\/div>\n\t\t\t\t<figcaption class='wp-caption-text gallery-caption' id='gallery-9-6244'>\n\t\t\t\tSojus, Proton und Energia\n\t\t\t\t<\/figcaption><\/figure><figure class='gallery-item'>\n\t\t\t<div class='gallery-icon landscape'>\n\t\t\t\t<a data-elementor-open-lightbox=\"yes\" data-elementor-lightbox-slideshow=\"5e58187\" data-elementor-lightbox-title=\"Detail Sojus\" data-e-action-hash=\"#elementor-action%3Aaction%3Dlightbox%26settings%3DeyJpZCI6NjI0MiwidXJsIjoiaHR0cHM6XC9cL25ldWVrYXJhd2FuZS5kZVwvd3AtY29udGVudFwvdXBsb2Fkc1wvMjAyNVwvMDZcL0RldGFpbC1Tb2p1cy1zY2FsZWQuanBnIiwic2xpZGVzaG93IjoiNWU1ODE4NyJ9\" href='https:\/\/neuekarawane.de\/wp-content\/uploads\/2025\/06\/Detail-Sojus-scaled.jpg'><img loading=\"lazy\" decoding=\"async\" width=\"300\" height=\"300\" src=\"https:\/\/neuekarawane.de\/wp-content\/uploads\/2025\/06\/Detail-Sojus-300x300.jpg\" class=\"attachment-medium size-medium\" alt=\"Detail Sojus\" aria-describedby=\"gallery-9-6242\" srcset=\"https:\/\/neuekarawane.de\/wp-content\/uploads\/2025\/06\/Detail-Sojus-300x300.jpg 300w, https:\/\/neuekarawane.de\/wp-content\/uploads\/2025\/06\/Detail-Sojus-1024x1024.jpg 1024w, https:\/\/neuekarawane.de\/wp-content\/uploads\/2025\/06\/Detail-Sojus-150x150.jpg 150w, https:\/\/neuekarawane.de\/wp-content\/uploads\/2025\/06\/Detail-Sojus-768x768.jpg 768w, https:\/\/neuekarawane.de\/wp-content\/uploads\/2025\/06\/Detail-Sojus-1536x1536.jpg 1536w, https:\/\/neuekarawane.de\/wp-content\/uploads\/2025\/06\/Detail-Sojus-2048x2048.jpg 2048w, https:\/\/neuekarawane.de\/wp-content\/uploads\/2025\/06\/Detail-Sojus-12x12.jpg 12w\" sizes=\"(max-width: 300px) 100vw, 300px\" \/><\/a>\n\t\t\t<\/div>\n\t\t\t\t<figcaption class='wp-caption-text gallery-caption' id='gallery-9-6242'>\n\t\t\t\tDetail Sojus\n\t\t\t\t<\/figcaption><\/figure><figure class='gallery-item'>\n\t\t\t<div class='gallery-icon landscape'>\n\t\t\t\t<a data-elementor-open-lightbox=\"yes\" data-elementor-lightbox-slideshow=\"5e58187\" data-elementor-lightbox-title=\"wir und dier Raumschiffe\" data-e-action-hash=\"#elementor-action%3Aaction%3Dlightbox%26settings%3DeyJpZCI6NjI0MywidXJsIjoiaHR0cHM6XC9cL25ldWVrYXJhd2FuZS5kZVwvd3AtY29udGVudFwvdXBsb2Fkc1wvMjAyNVwvMDZcL3dpci11bmQtZGllci1SYXVtc2NoaWZmZS1zY2FsZWQuanBnIiwic2xpZGVzaG93IjoiNWU1ODE4NyJ9\" href='https:\/\/neuekarawane.de\/wp-content\/uploads\/2025\/06\/wir-und-dier-Raumschiffe-scaled.jpg'><img loading=\"lazy\" decoding=\"async\" width=\"300\" height=\"300\" src=\"https:\/\/neuekarawane.de\/wp-content\/uploads\/2025\/06\/wir-und-dier-Raumschiffe-300x300.jpg\" class=\"attachment-medium size-medium\" alt=\"wir und dier Raumschiffe\" aria-describedby=\"gallery-9-6243\" srcset=\"https:\/\/neuekarawane.de\/wp-content\/uploads\/2025\/06\/wir-und-dier-Raumschiffe-300x300.jpg 300w, https:\/\/neuekarawane.de\/wp-content\/uploads\/2025\/06\/wir-und-dier-Raumschiffe-1024x1024.jpg 1024w, https:\/\/neuekarawane.de\/wp-content\/uploads\/2025\/06\/wir-und-dier-Raumschiffe-150x150.jpg 150w, https:\/\/neuekarawane.de\/wp-content\/uploads\/2025\/06\/wir-und-dier-Raumschiffe-768x768.jpg 768w, https:\/\/neuekarawane.de\/wp-content\/uploads\/2025\/06\/wir-und-dier-Raumschiffe-1536x1536.jpg 1536w, https:\/\/neuekarawane.de\/wp-content\/uploads\/2025\/06\/wir-und-dier-Raumschiffe-2048x2048.jpg 2048w, https:\/\/neuekarawane.de\/wp-content\/uploads\/2025\/06\/wir-und-dier-Raumschiffe-12x12.jpg 12w\" sizes=\"(max-width: 300px) 100vw, 300px\" \/><\/a>\n\t\t\t<\/div>\n\t\t\t\t<figcaption class='wp-caption-text gallery-caption' id='gallery-9-6243'>\n\t\t\t\twir und dier Raumschiffe\n\t\t\t\t<\/figcaption><\/figure>\n\t\t<\/div>\n\t\t<\/div>\n\t\t\t\t\t\t<\/div>\n\t\t\t\t<\/div>\n\t\t\t\t<div class=\"elementor-element elementor-element-4ab9e7d elementor-widget elementor-widget-image-gallery\" data-id=\"4ab9e7d\" data-element_type=\"widget\" data-e-type=\"widget\" data-widget_type=\"image-gallery.default\">\n\t\t\t\t<div class=\"elementor-widget-container\">\n\t\t\t\t\t\t\t<div class=\"elementor-image-gallery\">\n\t\t\t<div id='gallery-10' class='gallery galleryid-6217 gallery-columns-3 gallery-size-medium'><figure class='gallery-item'>\n\t\t\t<div class='gallery-icon landscape'>\n\t\t\t\t<a data-elementor-open-lightbox=\"yes\" data-elementor-lightbox-slideshow=\"4ab9e7d\" data-elementor-lightbox-title=\"Buran\" data-e-action-hash=\"#elementor-action%3Aaction%3Dlightbox%26settings%3DeyJpZCI6NjI0NywidXJsIjoiaHR0cHM6XC9cL25ldWVrYXJhd2FuZS5kZVwvd3AtY29udGVudFwvdXBsb2Fkc1wvMjAyNVwvMDZcL0J1cmFuLTEtc2NhbGVkLmpwZyIsInNsaWRlc2hvdyI6IjRhYjllN2QifQ%3D%3D\" href='https:\/\/neuekarawane.de\/wp-content\/uploads\/2025\/06\/Buran-1-scaled.jpg'><img loading=\"lazy\" decoding=\"async\" width=\"300\" height=\"300\" src=\"https:\/\/neuekarawane.de\/wp-content\/uploads\/2025\/06\/Buran-1-300x300.jpg\" class=\"attachment-medium size-medium\" alt=\"Buran\" aria-describedby=\"gallery-10-6247\" srcset=\"https:\/\/neuekarawane.de\/wp-content\/uploads\/2025\/06\/Buran-1-300x300.jpg 300w, https:\/\/neuekarawane.de\/wp-content\/uploads\/2025\/06\/Buran-1-1024x1024.jpg 1024w, https:\/\/neuekarawane.de\/wp-content\/uploads\/2025\/06\/Buran-1-150x150.jpg 150w, https:\/\/neuekarawane.de\/wp-content\/uploads\/2025\/06\/Buran-1-768x768.jpg 768w, https:\/\/neuekarawane.de\/wp-content\/uploads\/2025\/06\/Buran-1-1536x1536.jpg 1536w, https:\/\/neuekarawane.de\/wp-content\/uploads\/2025\/06\/Buran-1-2048x2048.jpg 2048w, https:\/\/neuekarawane.de\/wp-content\/uploads\/2025\/06\/Buran-1-12x12.jpg 12w\" sizes=\"(max-width: 300px) 100vw, 300px\" \/><\/a>\n\t\t\t<\/div>\n\t\t\t\t<figcaption class='wp-caption-text gallery-caption' id='gallery-10-6247'>\n\t\t\t\tBuran\n\t\t\t\t<\/figcaption><\/figure><figure class='gallery-item'>\n\t\t\t<div class='gallery-icon landscape'>\n\t\t\t\t<a data-elementor-open-lightbox=\"yes\" data-elementor-lightbox-slideshow=\"4ab9e7d\" data-elementor-lightbox-title=\"das Fahrwerk\" data-e-action-hash=\"#elementor-action%3Aaction%3Dlightbox%26settings%3DeyJpZCI6NjI0NiwidXJsIjoiaHR0cHM6XC9cL25ldWVrYXJhd2FuZS5kZVwvd3AtY29udGVudFwvdXBsb2Fkc1wvMjAyNVwvMDZcL0J1cmFuLTItc2NhbGVkLmpwZyIsInNsaWRlc2hvdyI6IjRhYjllN2QifQ%3D%3D\" href='https:\/\/neuekarawane.de\/wp-content\/uploads\/2025\/06\/Buran-2-scaled.jpg'><img loading=\"lazy\" decoding=\"async\" width=\"300\" height=\"300\" src=\"https:\/\/neuekarawane.de\/wp-content\/uploads\/2025\/06\/Buran-2-300x300.jpg\" class=\"attachment-medium size-medium\" alt=\"das Fahrwerk\" aria-describedby=\"gallery-10-6246\" srcset=\"https:\/\/neuekarawane.de\/wp-content\/uploads\/2025\/06\/Buran-2-300x300.jpg 300w, https:\/\/neuekarawane.de\/wp-content\/uploads\/2025\/06\/Buran-2-1024x1024.jpg 1024w, https:\/\/neuekarawane.de\/wp-content\/uploads\/2025\/06\/Buran-2-150x150.jpg 150w, https:\/\/neuekarawane.de\/wp-content\/uploads\/2025\/06\/Buran-2-768x768.jpg 768w, https:\/\/neuekarawane.de\/wp-content\/uploads\/2025\/06\/Buran-2-1536x1536.jpg 1536w, https:\/\/neuekarawane.de\/wp-content\/uploads\/2025\/06\/Buran-2-2048x2048.jpg 2048w, https:\/\/neuekarawane.de\/wp-content\/uploads\/2025\/06\/Buran-2-12x12.jpg 12w\" sizes=\"(max-width: 300px) 100vw, 300px\" \/><\/a>\n\t\t\t<\/div>\n\t\t\t\t<figcaption class='wp-caption-text gallery-caption' id='gallery-10-6246'>\n\t\t\t\tdas Fahrwerk\n\t\t\t\t<\/figcaption><\/figure><figure class='gallery-item'>\n\t\t\t<div class='gallery-icon landscape'>\n\t\t\t\t<a data-elementor-open-lightbox=\"yes\" data-elementor-lightbox-slideshow=\"4ab9e7d\" data-elementor-lightbox-title=\"von hinten\" data-e-action-hash=\"#elementor-action%3Aaction%3Dlightbox%26settings%3DeyJpZCI6NjI0NSwidXJsIjoiaHR0cHM6XC9cL25ldWVrYXJhd2FuZS5kZVwvd3AtY29udGVudFwvdXBsb2Fkc1wvMjAyNVwvMDZcL0J1cmFuLTMtc2NhbGVkLmpwZyIsInNsaWRlc2hvdyI6IjRhYjllN2QifQ%3D%3D\" href='https:\/\/neuekarawane.de\/wp-content\/uploads\/2025\/06\/Buran-3-scaled.jpg'><img loading=\"lazy\" decoding=\"async\" width=\"300\" height=\"300\" src=\"https:\/\/neuekarawane.de\/wp-content\/uploads\/2025\/06\/Buran-3-300x300.jpg\" class=\"attachment-medium size-medium\" alt=\"von hinten\" aria-describedby=\"gallery-10-6245\" srcset=\"https:\/\/neuekarawane.de\/wp-content\/uploads\/2025\/06\/Buran-3-300x300.jpg 300w, https:\/\/neuekarawane.de\/wp-content\/uploads\/2025\/06\/Buran-3-1024x1024.jpg 1024w, https:\/\/neuekarawane.de\/wp-content\/uploads\/2025\/06\/Buran-3-150x150.jpg 150w, https:\/\/neuekarawane.de\/wp-content\/uploads\/2025\/06\/Buran-3-768x768.jpg 768w, https:\/\/neuekarawane.de\/wp-content\/uploads\/2025\/06\/Buran-3-1536x1536.jpg 1536w, https:\/\/neuekarawane.de\/wp-content\/uploads\/2025\/06\/Buran-3-2048x2048.jpg 2048w, https:\/\/neuekarawane.de\/wp-content\/uploads\/2025\/06\/Buran-3-12x12.jpg 12w\" sizes=\"(max-width: 300px) 100vw, 300px\" \/><\/a>\n\t\t\t<\/div>\n\t\t\t\t<figcaption class='wp-caption-text gallery-caption' id='gallery-10-6245'>\n\t\t\t\tvon hinten\n\t\t\t\t<\/figcaption><\/figure>\n\t\t<\/div>\n\t\t<\/div>\n\t\t\t\t\t\t<\/div>\n\t\t\t\t<\/div>\n\t\t\t\t<div class=\"elementor-element elementor-element-be0764b elementor-widget elementor-widget-text-editor\" data-id=\"be0764b\" data-element_type=\"widget\" data-e-type=\"widget\" data-widget_type=\"text-editor.default\">\n\t\t\t\t<div class=\"elementor-widget-container\">\n\t\t\t\t\t\t\t\t\t<p>Am n\u00e4chsten Tag besucht uns Aidyn noch einmal: Er hatte seine Mutter gebeten ein typisch Kasachisches Essen f\u00fcr uns zuzubereiten und \u00fcberraschte uns damit. Es schmeckte nat\u00fcrlich sehr gut und auch ein bisschen fremd und es reichte die n\u00e4chsten 3 Tage. Die ber\u00fchmte kasachische gegorene Stutenmilch hat er uns auch mitgebracht.<\/p>\t\t\t\t\t\t\t\t<\/div>\n\t\t\t\t<\/div>\n\t\t\t\t<div class=\"elementor-element elementor-element-b8de08b elementor-widget elementor-widget-image-gallery\" data-id=\"b8de08b\" data-element_type=\"widget\" data-e-type=\"widget\" data-widget_type=\"image-gallery.default\">\n\t\t\t\t<div class=\"elementor-widget-container\">\n\t\t\t\t\t\t\t<div class=\"elementor-image-gallery\">\n\t\t\t<div id='gallery-11' class='gallery galleryid-6217 gallery-columns-3 gallery-size-medium'><figure class='gallery-item'>\n\t\t\t<div class='gallery-icon landscape'>\n\t\t\t\t<a data-elementor-open-lightbox=\"yes\" data-elementor-lightbox-slideshow=\"b8de08b\" data-elementor-lightbox-title=\"Essen kasachisch\" data-e-action-hash=\"#elementor-action%3Aaction%3Dlightbox%26settings%3DeyJpZCI6NjI1MCwidXJsIjoiaHR0cHM6XC9cL25ldWVrYXJhd2FuZS5kZVwvd3AtY29udGVudFwvdXBsb2Fkc1wvMjAyNVwvMDZcL0Vzc2VuLWthc2FjaGlzY2gtc2NhbGVkLmpwZyIsInNsaWRlc2hvdyI6ImI4ZGUwOGIifQ%3D%3D\" href='https:\/\/neuekarawane.de\/wp-content\/uploads\/2025\/06\/Essen-kasachisch-scaled.jpg'><img loading=\"lazy\" decoding=\"async\" width=\"300\" height=\"300\" src=\"https:\/\/neuekarawane.de\/wp-content\/uploads\/2025\/06\/Essen-kasachisch-300x300.jpg\" class=\"attachment-medium size-medium\" alt=\"Essen kasachisch\" aria-describedby=\"gallery-11-6250\" srcset=\"https:\/\/neuekarawane.de\/wp-content\/uploads\/2025\/06\/Essen-kasachisch-300x300.jpg 300w, https:\/\/neuekarawane.de\/wp-content\/uploads\/2025\/06\/Essen-kasachisch-1024x1024.jpg 1024w, https:\/\/neuekarawane.de\/wp-content\/uploads\/2025\/06\/Essen-kasachisch-150x150.jpg 150w, https:\/\/neuekarawane.de\/wp-content\/uploads\/2025\/06\/Essen-kasachisch-768x768.jpg 768w, https:\/\/neuekarawane.de\/wp-content\/uploads\/2025\/06\/Essen-kasachisch-1536x1536.jpg 1536w, https:\/\/neuekarawane.de\/wp-content\/uploads\/2025\/06\/Essen-kasachisch-2048x2048.jpg 2048w, https:\/\/neuekarawane.de\/wp-content\/uploads\/2025\/06\/Essen-kasachisch-12x12.jpg 12w\" sizes=\"(max-width: 300px) 100vw, 300px\" \/><\/a>\n\t\t\t<\/div>\n\t\t\t\t<figcaption class='wp-caption-text gallery-caption' id='gallery-11-6250'>\n\t\t\t\tEssen kasachisch\n\t\t\t\t<\/figcaption><\/figure><figure class='gallery-item'>\n\t\t\t<div class='gallery-icon landscape'>\n\t\t\t\t<a data-elementor-open-lightbox=\"yes\" data-elementor-lightbox-slideshow=\"b8de08b\" data-elementor-lightbox-title=\"Essen von Aidyns Mutter\" data-e-action-hash=\"#elementor-action%3Aaction%3Dlightbox%26settings%3DeyJpZCI6NjI0OSwidXJsIjoiaHR0cHM6XC9cL25ldWVrYXJhd2FuZS5kZVwvd3AtY29udGVudFwvdXBsb2Fkc1wvMjAyNVwvMDZcL0Vzc2VuLXZvbi1BaWR5bnMtTXV0dGVyLmpwZyIsInNsaWRlc2hvdyI6ImI4ZGUwOGIifQ%3D%3D\" href='https:\/\/neuekarawane.de\/wp-content\/uploads\/2025\/06\/Essen-von-Aidyns-Mutter.jpg'><img loading=\"lazy\" decoding=\"async\" width=\"300\" height=\"300\" src=\"https:\/\/neuekarawane.de\/wp-content\/uploads\/2025\/06\/Essen-von-Aidyns-Mutter-300x300.jpg\" class=\"attachment-medium size-medium\" alt=\"Essen von Aidyns Mutter\" aria-describedby=\"gallery-11-6249\" srcset=\"https:\/\/neuekarawane.de\/wp-content\/uploads\/2025\/06\/Essen-von-Aidyns-Mutter-300x300.jpg 300w, https:\/\/neuekarawane.de\/wp-content\/uploads\/2025\/06\/Essen-von-Aidyns-Mutter-1024x1024.jpg 1024w, https:\/\/neuekarawane.de\/wp-content\/uploads\/2025\/06\/Essen-von-Aidyns-Mutter-150x150.jpg 150w, https:\/\/neuekarawane.de\/wp-content\/uploads\/2025\/06\/Essen-von-Aidyns-Mutter-768x768.jpg 768w, https:\/\/neuekarawane.de\/wp-content\/uploads\/2025\/06\/Essen-von-Aidyns-Mutter-12x12.jpg 12w, https:\/\/neuekarawane.de\/wp-content\/uploads\/2025\/06\/Essen-von-Aidyns-Mutter.jpg 1280w\" sizes=\"(max-width: 300px) 100vw, 300px\" \/><\/a>\n\t\t\t<\/div>\n\t\t\t\t<figcaption class='wp-caption-text gallery-caption' id='gallery-11-6249'>\n\t\t\t\tEssen von Aidyns Mutter\n\t\t\t\t<\/figcaption><\/figure><figure class='gallery-item'>\n\t\t\t<div class='gallery-icon landscape'>\n\t\t\t\t<a data-elementor-open-lightbox=\"yes\" data-elementor-lightbox-slideshow=\"b8de08b\" data-elementor-lightbox-title=\"Abschied von Aidyn\" data-e-action-hash=\"#elementor-action%3Aaction%3Dlightbox%26settings%3DeyJpZCI6NjI0OCwidXJsIjoiaHR0cHM6XC9cL25ldWVrYXJhd2FuZS5kZVwvd3AtY29udGVudFwvdXBsb2Fkc1wvMjAyNVwvMDZcL0Fic2NoaWVkLXZvbi1BaWR5bi5qcGciLCJzbGlkZXNob3ciOiJiOGRlMDhiIn0%3D\" href='https:\/\/neuekarawane.de\/wp-content\/uploads\/2025\/06\/Abschied-von-Aidyn.jpg'><img loading=\"lazy\" decoding=\"async\" width=\"300\" height=\"300\" src=\"https:\/\/neuekarawane.de\/wp-content\/uploads\/2025\/06\/Abschied-von-Aidyn-300x300.jpg\" class=\"attachment-medium size-medium\" alt=\"Abschied von Aidyn\" aria-describedby=\"gallery-11-6248\" srcset=\"https:\/\/neuekarawane.de\/wp-content\/uploads\/2025\/06\/Abschied-von-Aidyn-300x300.jpg 300w, https:\/\/neuekarawane.de\/wp-content\/uploads\/2025\/06\/Abschied-von-Aidyn-1024x1024.jpg 1024w, https:\/\/neuekarawane.de\/wp-content\/uploads\/2025\/06\/Abschied-von-Aidyn-150x150.jpg 150w, https:\/\/neuekarawane.de\/wp-content\/uploads\/2025\/06\/Abschied-von-Aidyn-768x768.jpg 768w, https:\/\/neuekarawane.de\/wp-content\/uploads\/2025\/06\/Abschied-von-Aidyn-12x12.jpg 12w, https:\/\/neuekarawane.de\/wp-content\/uploads\/2025\/06\/Abschied-von-Aidyn.jpg 1280w\" sizes=\"(max-width: 300px) 100vw, 300px\" \/><\/a>\n\t\t\t<\/div>\n\t\t\t\t<figcaption class='wp-caption-text gallery-caption' id='gallery-11-6248'>\n\t\t\t\tAbschied von Aidyn\n\t\t\t\t<\/figcaption><\/figure>\n\t\t<\/div>\n\t\t<\/div>\n\t\t\t\t\t\t<\/div>\n\t\t\t\t<\/div>\n\t\t\t\t\t<\/div>\n\t\t<\/div>\n\t\t\t\t\t<\/div>\n\t\t<\/section>\n\t\t\t\t<\/div>\n\t\t","protected":false},"excerpt":{"rendered":"<p>Auf dem Weg nach &#8222;hause&#8220; zu unserem Standplatz mit dem Taxi lernten wir Aid\u00fcn, einen Juristen aus Astana kennen. Als er unsere Geschichte von der mehrj\u00e4hrigen Reise f\u00fcr die V\u00f6lkerfreundschaft h\u00f6rte, bot er uns spontan an, uns am n\u00e4chsten Tag in seinem Privatauto die Stadt zu zeigen. Uns so geschah es. Mit vielen Halts unterwegs waren wir mit ihm 5 Stunden unterwegs. Im B\u00fcrohochhaus seiner Firma, im 18. Stockwerk, zeigte er uns noch einmal die Stadt von oben. Nach dem gemeinsamen Essen fuhr er mit uns noch durch den alten Teil der Stadt aus den Zeiten der Sowjetunion. Dieser Stadtteil hei\u00dft noch so wie zu Sowjetzeiten &#8222;Zelinograd&#8220; (Steppenstadt). Das Tor Nasarbajews das Regierungsgeb\u00e4ude das Parlament Handelszentrum Monumente, Monumente &#8230; Kugelhaus Insgesamt macht die Stadt mit ihren 1,4 Millionen Einwohnern einen unheimlich gro\u00dfen futuristischen Eindruck. Was auch noch sehr bewundernswert ist, praktisch \u00fcberall stehen riesige Baukr\u00e4ne, \u00fcberall wird noch weiter gebaut. vom Hochhaus herunter 1 vom Hochhaus herunter 2 vom Hochhaus herunter 3 eine moderne Moschee mit modernem Minarett Details Regierungsviertel Park vor dem Pr\u00e4sidentenpalast Prachtstrasse Hier soll die gr\u00f6\u00dfte Moschee in Zentralasien stehen und in die hat uns Aid\u00fcn auch gef\u00fchrt. Sie bietet wohl Platz f\u00fcr tausende Gl\u00e4ubige und hat auch einen Lift auf eines der Minarette. Die Zentral- Moschee Blick vom Minarett in der Moschee 1 in der Moschee 2 in der Moschee 3 in der Moschee 4 in der Moschee 5 in der Moschee 6 in der Moschee 7 F\u00fcr mich besonders angenehm war ein Abstecher zum Raumfahrzentrum von Astana. Auf der Freifl\u00e4che davor konnte man die Raumschiffe Sojus, Proton und Zenit in Origialgr\u00f6\u00dfe bewundern. Gleich daneben die sowjetische Variante einer Raumf\u00e4hre, die &#8222;Buran&#8220;, die ja nur einmal zu einem Testflug in den Weltraum gelangte und mit der Tr\u00e4gerrakete &#8222;Energija&#8220; gestartet wurde.Unm\u00f6glich, die vielen Eindr\u00fccke und Fotos alle im Blog unterzubringen. Sojus, Proton und Energia Detail Sojus wir und dier Raumschiffe Buran das Fahrwerk von hinten Am n\u00e4chsten Tag besucht uns Aidyn noch einmal: Er hatte seine Mutter gebeten ein typisch Kasachisches Essen f\u00fcr uns zuzubereiten und \u00fcberraschte uns damit. Es schmeckte nat\u00fcrlich sehr gut und auch ein bisschen fremd und es reichte die n\u00e4chsten 3 Tage. Die ber\u00fchmte kasachische gegorene Stutenmilch hat er uns auch mitgebracht. Essen kasachisch Essen von Aidyns Mutter Abschied von Aidyn<\/p>\n","protected":false},"author":1,"featured_media":0,"comment_status":"open","ping_status":"open","sticky":false,"template":"","format":"standard","meta":{"footnotes":""},"categories":[1],"tags":[],"class_list":["post-6217","post","type-post","status-publish","format-standard","hentry","category-allgemein"],"_links":{"self":[{"href":"https:\/\/neuekarawane.de\/de_de\/wp-json\/wp\/v2\/posts\/6217","targetHints":{"allow":["GET"]}}],"collection":[{"href":"https:\/\/neuekarawane.de\/de_de\/wp-json\/wp\/v2\/posts"}],"about":[{"href":"https:\/\/neuekarawane.de\/de_de\/wp-json\/wp\/v2\/types\/post"}],"author":[{"embeddable":true,"href":"https:\/\/neuekarawane.de\/de_de\/wp-json\/wp\/v2\/users\/1"}],"replies":[{"embeddable":true,"href":"https:\/\/neuekarawane.de\/de_de\/wp-json\/wp\/v2\/comments?post=6217"}],"version-history":[{"count":3,"href":"https:\/\/neuekarawane.de\/de_de\/wp-json\/wp\/v2\/posts\/6217\/revisions"}],"predecessor-version":[{"id":6253,"href":"https:\/\/neuekarawane.de\/de_de\/wp-json\/wp\/v2\/posts\/6217\/revisions\/6253"}],"wp:attachment":[{"href":"https:\/\/neuekarawane.de\/de_de\/wp-json\/wp\/v2\/media?parent=6217"}],"wp:term":[{"taxonomy":"category","embeddable":true,"href":"https:\/\/neuekarawane.de\/de_de\/wp-json\/wp\/v2\/categories?post=6217"},{"taxonomy":"post_tag","embeddable":true,"href":"https:\/\/neuekarawane.de\/de_de\/wp-json\/wp\/v2\/tags?post=6217"}],"curies":[{"name":"wp","href":"https:\/\/api.w.org\/{rel}","templated":true}]}}