{"id":5901,"date":"2025-05-11T06:40:30","date_gmt":"2025-05-11T04:40:30","guid":{"rendered":"https:\/\/neuekarawane.de\/?p=5901"},"modified":"2025-06-20T06:45:17","modified_gmt":"2025-06-20T04:45:17","slug":"saratow-und-engels","status":"publish","type":"post","link":"https:\/\/neuekarawane.de\/de_de\/2025\/05\/11\/saratow-und-engels\/","title":{"rendered":"Saratow und Engels"},"content":{"rendered":"\t\t<div data-elementor-type=\"wp-post\" data-elementor-id=\"5901\" class=\"elementor elementor-5901\">\n\t\t\t\t\t\t<section class=\"elementor-section elementor-top-section elementor-element elementor-element-a018b30 elementor-section-boxed elementor-section-height-default elementor-section-height-default wpr-particle-no wpr-jarallax-no wpr-parallax-no wpr-sticky-section-no wpr-equal-height-no\" data-id=\"a018b30\" data-element_type=\"section\" data-e-type=\"section\">\n\t\t\t\t\t\t<div class=\"elementor-container elementor-column-gap-default\">\n\t\t\t\t\t<div class=\"elementor-column elementor-col-100 elementor-top-column elementor-element elementor-element-2ff64f2\" data-id=\"2ff64f2\" data-element_type=\"column\" data-e-type=\"column\">\n\t\t\t<div class=\"elementor-widget-wrap elementor-element-populated\">\n\t\t\t\t\t\t<div class=\"elementor-element elementor-element-39de673 elementor-widget elementor-widget-image-gallery\" data-id=\"39de673\" data-element_type=\"widget\" data-e-type=\"widget\" data-widget_type=\"image-gallery.default\">\n\t\t\t\t<div class=\"elementor-widget-container\">\n\t\t\t\t\t\t\t<div class=\"elementor-image-gallery\">\n\t\t\t<div id='gallery-1' class='gallery galleryid-5901 gallery-columns-4 gallery-size-medium'><figure class='gallery-item'>\n\t\t\t<div class='gallery-icon landscape'>\n\t\t\t\t<a data-elementor-open-lightbox=\"yes\" data-elementor-lightbox-slideshow=\"39de673\" data-elementor-lightbox-title=\"Wanderung zum Mahnmal\" data-e-action-hash=\"#elementor-action%3Aaction%3Dlightbox%26settings%3DeyJpZCI6NTkwNSwidXJsIjoiaHR0cHM6XC9cL25ldWVrYXJhd2FuZS5kZVwvd3AtY29udGVudFwvdXBsb2Fkc1wvMjAyNVwvMDZcL1dhbmRlcnVuZy16dW0tTWFobm1hbC5qcGciLCJzbGlkZXNob3ciOiIzOWRlNjczIn0%3D\" href='https:\/\/neuekarawane.de\/wp-content\/uploads\/2025\/06\/Wanderung-zum-Mahnmal.jpg'><img fetchpriority=\"high\" decoding=\"async\" width=\"300\" height=\"300\" src=\"https:\/\/neuekarawane.de\/wp-content\/uploads\/2025\/06\/Wanderung-zum-Mahnmal-300x300.jpg\" class=\"attachment-medium size-medium\" alt=\"Wanderung zum Mahnmal\" aria-describedby=\"gallery-1-5905\" srcset=\"https:\/\/neuekarawane.de\/wp-content\/uploads\/2025\/06\/Wanderung-zum-Mahnmal-300x300.jpg 300w, https:\/\/neuekarawane.de\/wp-content\/uploads\/2025\/06\/Wanderung-zum-Mahnmal-1024x1024.jpg 1024w, https:\/\/neuekarawane.de\/wp-content\/uploads\/2025\/06\/Wanderung-zum-Mahnmal-150x150.jpg 150w, https:\/\/neuekarawane.de\/wp-content\/uploads\/2025\/06\/Wanderung-zum-Mahnmal-768x768.jpg 768w, https:\/\/neuekarawane.de\/wp-content\/uploads\/2025\/06\/Wanderung-zum-Mahnmal-12x12.jpg 12w, https:\/\/neuekarawane.de\/wp-content\/uploads\/2025\/06\/Wanderung-zum-Mahnmal.jpg 1280w\" sizes=\"(max-width: 300px) 100vw, 300px\" \/><\/a>\n\t\t\t<\/div>\n\t\t\t\t<figcaption class='wp-caption-text gallery-caption' id='gallery-1-5905'>\n\t\t\t\tWanderung zum Mahnmal\n\t\t\t\t<\/figcaption><\/figure><figure class='gallery-item'>\n\t\t\t<div class='gallery-icon landscape'>\n\t\t\t\t<a data-elementor-open-lightbox=\"yes\" data-elementor-lightbox-slideshow=\"39de673\" data-elementor-lightbox-title=\"Mahnmal\" data-e-action-hash=\"#elementor-action%3Aaction%3Dlightbox%26settings%3DeyJpZCI6NTkwMywidXJsIjoiaHR0cHM6XC9cL25ldWVrYXJhd2FuZS5kZVwvd3AtY29udGVudFwvdXBsb2Fkc1wvMjAyNVwvMDZcL01haG5tYWwuanBnIiwic2xpZGVzaG93IjoiMzlkZTY3MyJ9\" href='https:\/\/neuekarawane.de\/wp-content\/uploads\/2025\/06\/Mahnmal.jpg'><img decoding=\"async\" width=\"300\" height=\"300\" src=\"https:\/\/neuekarawane.de\/wp-content\/uploads\/2025\/06\/Mahnmal-300x300.jpg\" class=\"attachment-medium size-medium\" alt=\"Mahnmal\" aria-describedby=\"gallery-1-5903\" srcset=\"https:\/\/neuekarawane.de\/wp-content\/uploads\/2025\/06\/Mahnmal-300x300.jpg 300w, https:\/\/neuekarawane.de\/wp-content\/uploads\/2025\/06\/Mahnmal-1024x1024.jpg 1024w, https:\/\/neuekarawane.de\/wp-content\/uploads\/2025\/06\/Mahnmal-150x150.jpg 150w, https:\/\/neuekarawane.de\/wp-content\/uploads\/2025\/06\/Mahnmal-768x768.jpg 768w, https:\/\/neuekarawane.de\/wp-content\/uploads\/2025\/06\/Mahnmal-12x12.jpg 12w, https:\/\/neuekarawane.de\/wp-content\/uploads\/2025\/06\/Mahnmal.jpg 1280w\" sizes=\"(max-width: 300px) 100vw, 300px\" \/><\/a>\n\t\t\t<\/div>\n\t\t\t\t<figcaption class='wp-caption-text gallery-caption' id='gallery-1-5903'>\n\t\t\t\tMahnmal\n\t\t\t\t<\/figcaption><\/figure><figure class='gallery-item'>\n\t\t\t<div class='gallery-icon landscape'>\n\t\t\t\t<a data-elementor-open-lightbox=\"yes\" data-elementor-lightbox-slideshow=\"39de673\" data-elementor-lightbox-title=\"Auf dem Berg ein gro\u00dfer Park\" data-e-action-hash=\"#elementor-action%3Aaction%3Dlightbox%26settings%3DeyJpZCI6NTkwNiwidXJsIjoiaHR0cHM6XC9cL25ldWVrYXJhd2FuZS5kZVwvd3AtY29udGVudFwvdXBsb2Fkc1wvMjAyNVwvMDZcL0F1Zi1kZW0tQmVyZy1laW4tZ3Jvc3Nlci1QYXJrLmpwZyIsInNsaWRlc2hvdyI6IjM5ZGU2NzMifQ%3D%3D\" href='https:\/\/neuekarawane.de\/wp-content\/uploads\/2025\/06\/Auf-dem-Berg-ein-grosser-Park.jpg'><img decoding=\"async\" width=\"300\" height=\"300\" src=\"https:\/\/neuekarawane.de\/wp-content\/uploads\/2025\/06\/Auf-dem-Berg-ein-grosser-Park-300x300.jpg\" class=\"attachment-medium size-medium\" alt=\"Auf dem Berg ein gro\u00dfer Park\" aria-describedby=\"gallery-1-5906\" srcset=\"https:\/\/neuekarawane.de\/wp-content\/uploads\/2025\/06\/Auf-dem-Berg-ein-grosser-Park-300x300.jpg 300w, https:\/\/neuekarawane.de\/wp-content\/uploads\/2025\/06\/Auf-dem-Berg-ein-grosser-Park-1024x1024.jpg 1024w, https:\/\/neuekarawane.de\/wp-content\/uploads\/2025\/06\/Auf-dem-Berg-ein-grosser-Park-150x150.jpg 150w, https:\/\/neuekarawane.de\/wp-content\/uploads\/2025\/06\/Auf-dem-Berg-ein-grosser-Park-768x768.jpg 768w, https:\/\/neuekarawane.de\/wp-content\/uploads\/2025\/06\/Auf-dem-Berg-ein-grosser-Park-12x12.jpg 12w, https:\/\/neuekarawane.de\/wp-content\/uploads\/2025\/06\/Auf-dem-Berg-ein-grosser-Park.jpg 1280w\" sizes=\"(max-width: 300px) 100vw, 300px\" \/><\/a>\n\t\t\t<\/div>\n\t\t\t\t<figcaption class='wp-caption-text gallery-caption' id='gallery-1-5906'>\n\t\t\t\tAuf dem Berg ein gro\u00dfer Park\n\t\t\t\t<\/figcaption><\/figure><figure class='gallery-item'>\n\t\t\t<div class='gallery-icon landscape'>\n\t\t\t\t<a data-elementor-open-lightbox=\"yes\" data-elementor-lightbox-slideshow=\"39de673\" data-elementor-lightbox-title=\"noch ein Obelisk\" data-e-action-hash=\"#elementor-action%3Aaction%3Dlightbox%26settings%3DeyJpZCI6NTkwNCwidXJsIjoiaHR0cHM6XC9cL25ldWVrYXJhd2FuZS5kZVwvd3AtY29udGVudFwvdXBsb2Fkc1wvMjAyNVwvMDZcL25vY2gtZWluLU9iZWxpc2suanBnIiwic2xpZGVzaG93IjoiMzlkZTY3MyJ9\" href='https:\/\/neuekarawane.de\/wp-content\/uploads\/2025\/06\/noch-ein-Obelisk.jpg'><img loading=\"lazy\" decoding=\"async\" width=\"300\" height=\"300\" src=\"https:\/\/neuekarawane.de\/wp-content\/uploads\/2025\/06\/noch-ein-Obelisk-300x300.jpg\" class=\"attachment-medium size-medium\" alt=\"noch ein Obelisk\" aria-describedby=\"gallery-1-5904\" srcset=\"https:\/\/neuekarawane.de\/wp-content\/uploads\/2025\/06\/noch-ein-Obelisk-300x300.jpg 300w, https:\/\/neuekarawane.de\/wp-content\/uploads\/2025\/06\/noch-ein-Obelisk-1024x1024.jpg 1024w, https:\/\/neuekarawane.de\/wp-content\/uploads\/2025\/06\/noch-ein-Obelisk-150x150.jpg 150w, https:\/\/neuekarawane.de\/wp-content\/uploads\/2025\/06\/noch-ein-Obelisk-768x768.jpg 768w, https:\/\/neuekarawane.de\/wp-content\/uploads\/2025\/06\/noch-ein-Obelisk-12x12.jpg 12w, https:\/\/neuekarawane.de\/wp-content\/uploads\/2025\/06\/noch-ein-Obelisk.jpg 1280w\" sizes=\"(max-width: 300px) 100vw, 300px\" \/><\/a>\n\t\t\t<\/div>\n\t\t\t\t<figcaption class='wp-caption-text gallery-caption' id='gallery-1-5904'>\n\t\t\t\tnoch ein Obelisk\n\t\t\t\t<\/figcaption><\/figure>\n\t\t<\/div>\n\t\t<\/div>\n\t\t\t\t\t\t<\/div>\n\t\t\t\t<\/div>\n\t\t\t\t<div class=\"elementor-element elementor-element-27a3e2d elementor-widget elementor-widget-text-editor\" data-id=\"27a3e2d\" data-element_type=\"widget\" data-e-type=\"widget\" data-widget_type=\"text-editor.default\">\n\t\t\t\t<div class=\"elementor-widget-container\">\n\t\t\t\t\t\t\t\t\t<p>Saratow, fr\u00fcher Kuibitschew, liegt am rechten, sogenannten \u201eBergufer\u201c der mittleren Wolga. Es ist ein wichtiges Kultur- und Wirtschaftszentrum sowie Universit\u00e4tsstadt mit ca. 1 Million Einwohnern.<br \/>Hier in der N\u00e4he beginnt auch der Wolga-Stausee (Kuibitschewer Stausee), der wohl bis nach Wolgograd reicht.<br \/>Wir machten eine richtige f\u00fcr uns anstrengende Wanderung auf den h\u00f6chsten Berg der Stadt. Dort ist auch die zentrale Gedenkst\u00e4tte des 2 Weltkriees. Das sch\u00f6ne Wetter hatte auch viele andere hierher gezogen in den sehr sch\u00f6nen grosz\u00fcgigen Park.<\/p>\t\t\t\t\t\t\t\t<\/div>\n\t\t\t\t<\/div>\n\t\t\t\t<div class=\"elementor-element elementor-element-9aa8c84 elementor-widget elementor-widget-image-gallery\" data-id=\"9aa8c84\" data-element_type=\"widget\" data-e-type=\"widget\" data-widget_type=\"image-gallery.default\">\n\t\t\t\t<div class=\"elementor-widget-container\">\n\t\t\t\t\t\t\t<div class=\"elementor-image-gallery\">\n\t\t\t<div id='gallery-2' class='gallery galleryid-5901 gallery-columns-4 gallery-size-medium'><figure class='gallery-item'>\n\t\t\t<div class='gallery-icon landscape'>\n\t\t\t\t<a data-elementor-open-lightbox=\"yes\" data-elementor-lightbox-slideshow=\"9aa8c84\" data-elementor-lightbox-title=\"Zur Erinnerung an die deutschen Einwanderer\" data-e-action-hash=\"#elementor-action%3Aaction%3Dlightbox%26settings%3DeyJpZCI6NTkwNywidXJsIjoiaHR0cHM6XC9cL25ldWVrYXJhd2FuZS5kZVwvd3AtY29udGVudFwvdXBsb2Fkc1wvMjAyNVwvMDZcL1p1ci1FcmlubmVydW5nLWFuLWRpZS1kZXV0c2NoZW4tRWlud2FuZGVyZXIuanBnIiwic2xpZGVzaG93IjoiOWFhOGM4NCJ9\" href='https:\/\/neuekarawane.de\/wp-content\/uploads\/2025\/06\/Zur-Erinnerung-an-die-deutschen-Einwanderer.jpg'><img loading=\"lazy\" decoding=\"async\" width=\"300\" height=\"300\" src=\"https:\/\/neuekarawane.de\/wp-content\/uploads\/2025\/06\/Zur-Erinnerung-an-die-deutschen-Einwanderer-300x300.jpg\" class=\"attachment-medium size-medium\" alt=\"Zur Erinnerung an die deutschen Einwanderer\" aria-describedby=\"gallery-2-5907\" srcset=\"https:\/\/neuekarawane.de\/wp-content\/uploads\/2025\/06\/Zur-Erinnerung-an-die-deutschen-Einwanderer-300x300.jpg 300w, https:\/\/neuekarawane.de\/wp-content\/uploads\/2025\/06\/Zur-Erinnerung-an-die-deutschen-Einwanderer-1024x1024.jpg 1024w, https:\/\/neuekarawane.de\/wp-content\/uploads\/2025\/06\/Zur-Erinnerung-an-die-deutschen-Einwanderer-150x150.jpg 150w, https:\/\/neuekarawane.de\/wp-content\/uploads\/2025\/06\/Zur-Erinnerung-an-die-deutschen-Einwanderer-768x768.jpg 768w, https:\/\/neuekarawane.de\/wp-content\/uploads\/2025\/06\/Zur-Erinnerung-an-die-deutschen-Einwanderer-12x12.jpg 12w, https:\/\/neuekarawane.de\/wp-content\/uploads\/2025\/06\/Zur-Erinnerung-an-die-deutschen-Einwanderer.jpg 1280w\" sizes=\"(max-width: 300px) 100vw, 300px\" \/><\/a>\n\t\t\t<\/div>\n\t\t\t\t<figcaption class='wp-caption-text gallery-caption' id='gallery-2-5907'>\n\t\t\t\tZur Erinnerung an die deutschen Einwanderer\n\t\t\t\t<\/figcaption><\/figure><figure class='gallery-item'>\n\t\t\t<div class='gallery-icon landscape'>\n\t\t\t\t<a data-elementor-open-lightbox=\"yes\" data-elementor-lightbox-slideshow=\"9aa8c84\" data-elementor-lightbox-title=\"Skulptur vor der Musikakademie\" data-e-action-hash=\"#elementor-action%3Aaction%3Dlightbox%26settings%3DeyJpZCI6NTkwOSwidXJsIjoiaHR0cHM6XC9cL25ldWVrYXJhd2FuZS5kZVwvd3AtY29udGVudFwvdXBsb2Fkc1wvMjAyNVwvMDZcL1NrdWxwdHVyLXZvci1kZXItTXVzaWtha2FkZW1pZS5qcGciLCJzbGlkZXNob3ciOiI5YWE4Yzg0In0%3D\" href='https:\/\/neuekarawane.de\/wp-content\/uploads\/2025\/06\/Skulptur-vor-der-Musikakademie.jpg'><img loading=\"lazy\" decoding=\"async\" width=\"300\" height=\"300\" src=\"https:\/\/neuekarawane.de\/wp-content\/uploads\/2025\/06\/Skulptur-vor-der-Musikakademie-300x300.jpg\" class=\"attachment-medium size-medium\" alt=\"Skulptur vor der Musikakademie\" aria-describedby=\"gallery-2-5909\" srcset=\"https:\/\/neuekarawane.de\/wp-content\/uploads\/2025\/06\/Skulptur-vor-der-Musikakademie-300x300.jpg 300w, https:\/\/neuekarawane.de\/wp-content\/uploads\/2025\/06\/Skulptur-vor-der-Musikakademie-1024x1024.jpg 1024w, https:\/\/neuekarawane.de\/wp-content\/uploads\/2025\/06\/Skulptur-vor-der-Musikakademie-150x150.jpg 150w, https:\/\/neuekarawane.de\/wp-content\/uploads\/2025\/06\/Skulptur-vor-der-Musikakademie-768x768.jpg 768w, https:\/\/neuekarawane.de\/wp-content\/uploads\/2025\/06\/Skulptur-vor-der-Musikakademie-12x12.jpg 12w, https:\/\/neuekarawane.de\/wp-content\/uploads\/2025\/06\/Skulptur-vor-der-Musikakademie.jpg 1280w\" sizes=\"(max-width: 300px) 100vw, 300px\" \/><\/a>\n\t\t\t<\/div>\n\t\t\t\t<figcaption class='wp-caption-text gallery-caption' id='gallery-2-5909'>\n\t\t\t\tSkulptur vor der Musikakademie\n\t\t\t\t<\/figcaption><\/figure><figure class='gallery-item'>\n\t\t\t<div class='gallery-icon landscape'>\n\t\t\t\t<a data-elementor-open-lightbox=\"yes\" data-elementor-lightbox-slideshow=\"9aa8c84\" data-elementor-lightbox-title=\"Eingang zum Zentralpark\" data-e-action-hash=\"#elementor-action%3Aaction%3Dlightbox%26settings%3DeyJpZCI6NTkxMCwidXJsIjoiaHR0cHM6XC9cL25ldWVrYXJhd2FuZS5kZVwvd3AtY29udGVudFwvdXBsb2Fkc1wvMjAyNVwvMDZcL0VpbmdhbmctenVtLVplbnRyYWxwYXJrLmpwZyIsInNsaWRlc2hvdyI6IjlhYThjODQifQ%3D%3D\" href='https:\/\/neuekarawane.de\/wp-content\/uploads\/2025\/06\/Eingang-zum-Zentralpark.jpg'><img loading=\"lazy\" decoding=\"async\" width=\"300\" height=\"300\" src=\"https:\/\/neuekarawane.de\/wp-content\/uploads\/2025\/06\/Eingang-zum-Zentralpark-300x300.jpg\" class=\"attachment-medium size-medium\" alt=\"Eingang zum Zentralpark\" aria-describedby=\"gallery-2-5910\" srcset=\"https:\/\/neuekarawane.de\/wp-content\/uploads\/2025\/06\/Eingang-zum-Zentralpark-300x300.jpg 300w, https:\/\/neuekarawane.de\/wp-content\/uploads\/2025\/06\/Eingang-zum-Zentralpark-1024x1024.jpg 1024w, https:\/\/neuekarawane.de\/wp-content\/uploads\/2025\/06\/Eingang-zum-Zentralpark-150x150.jpg 150w, https:\/\/neuekarawane.de\/wp-content\/uploads\/2025\/06\/Eingang-zum-Zentralpark-768x768.jpg 768w, https:\/\/neuekarawane.de\/wp-content\/uploads\/2025\/06\/Eingang-zum-Zentralpark-12x12.jpg 12w, https:\/\/neuekarawane.de\/wp-content\/uploads\/2025\/06\/Eingang-zum-Zentralpark.jpg 1280w\" sizes=\"(max-width: 300px) 100vw, 300px\" \/><\/a>\n\t\t\t<\/div>\n\t\t\t\t<figcaption class='wp-caption-text gallery-caption' id='gallery-2-5910'>\n\t\t\t\tEingang zum Zentralpark\n\t\t\t\t<\/figcaption><\/figure><figure class='gallery-item'>\n\t\t\t<div class='gallery-icon landscape'>\n\t\t\t\t<a data-elementor-open-lightbox=\"yes\" data-elementor-lightbox-slideshow=\"9aa8c84\" data-elementor-lightbox-title=\"im Park\" data-e-action-hash=\"#elementor-action%3Aaction%3Dlightbox%26settings%3DeyJpZCI6NTkwOCwidXJsIjoiaHR0cHM6XC9cL25ldWVrYXJhd2FuZS5kZVwvd3AtY29udGVudFwvdXBsb2Fkc1wvMjAyNVwvMDZcL2ltLVBhcmsuanBnIiwic2xpZGVzaG93IjoiOWFhOGM4NCJ9\" href='https:\/\/neuekarawane.de\/wp-content\/uploads\/2025\/06\/im-Park.jpg'><img loading=\"lazy\" decoding=\"async\" width=\"300\" height=\"300\" src=\"https:\/\/neuekarawane.de\/wp-content\/uploads\/2025\/06\/im-Park-300x300.jpg\" class=\"attachment-medium size-medium\" alt=\"im Park\" aria-describedby=\"gallery-2-5908\" srcset=\"https:\/\/neuekarawane.de\/wp-content\/uploads\/2025\/06\/im-Park-300x300.jpg 300w, https:\/\/neuekarawane.de\/wp-content\/uploads\/2025\/06\/im-Park-1024x1024.jpg 1024w, https:\/\/neuekarawane.de\/wp-content\/uploads\/2025\/06\/im-Park-150x150.jpg 150w, https:\/\/neuekarawane.de\/wp-content\/uploads\/2025\/06\/im-Park-768x768.jpg 768w, https:\/\/neuekarawane.de\/wp-content\/uploads\/2025\/06\/im-Park-12x12.jpg 12w, https:\/\/neuekarawane.de\/wp-content\/uploads\/2025\/06\/im-Park.jpg 1280w\" sizes=\"(max-width: 300px) 100vw, 300px\" \/><\/a>\n\t\t\t<\/div>\n\t\t\t\t<figcaption class='wp-caption-text gallery-caption' id='gallery-2-5908'>\n\t\t\t\tim Park\n\t\t\t\t<\/figcaption><\/figure>\n\t\t<\/div>\n\t\t<\/div>\n\t\t\t\t\t\t<\/div>\n\t\t\t\t<\/div>\n\t\t\t\t<div class=\"elementor-element elementor-element-255f206 elementor-widget elementor-widget-text-editor\" data-id=\"255f206\" data-element_type=\"widget\" data-e-type=\"widget\" data-widget_type=\"text-editor.default\">\n\t\t\t\t<div class=\"elementor-widget-container\">\n\t\t\t\t\t\t\t\t\t<p>Von dort aus sahen wir die lange Br\u00fccke \u00fcber die Wolga und beschlossen mit dem Taxi in die auf der anderen Wolgaseite direkt anliegende Stadt Engels zu fahren. Nach einem Bummel durch das Zentrum bot sich der Zentralpark an, einmal auf dem Riesenrad die Stadt zu \u00fcberblicken. Schlie\u00dflich entdeckte Natascha, dass es im Park auch ein Caf\u00e9 gab, mit lauter Musik auf einer Freiluft-Fl\u00e4che zu der getanzt wurde. Und auf diese Art und Weise haben wir am Abend meinen 74. Geburtstag vorgefeiert.<\/p>\t\t\t\t\t\t\t\t<\/div>\n\t\t\t\t<\/div>\n\t\t\t\t<div class=\"elementor-element elementor-element-d40b1b3 elementor-widget elementor-widget-image-gallery\" data-id=\"d40b1b3\" data-element_type=\"widget\" data-e-type=\"widget\" data-widget_type=\"image-gallery.default\">\n\t\t\t\t<div class=\"elementor-widget-container\">\n\t\t\t\t\t\t\t<div class=\"elementor-image-gallery\">\n\t\t\t<div id='gallery-3' class='gallery galleryid-5901 gallery-columns-4 gallery-size-medium'><figure class='gallery-item'>\n\t\t\t<div class='gallery-icon landscape'>\n\t\t\t\t<a data-elementor-open-lightbox=\"yes\" data-elementor-lightbox-slideshow=\"d40b1b3\" data-elementor-lightbox-title=\"die Kunstakademie\" data-e-action-hash=\"#elementor-action%3Aaction%3Dlightbox%26settings%3DeyJpZCI6NTkxNCwidXJsIjoiaHR0cHM6XC9cL25ldWVrYXJhd2FuZS5kZVwvd3AtY29udGVudFwvdXBsb2Fkc1wvMjAyNVwvMDZcL2RpZS1LdW5zdGFrYWRlbWllLmpwZyIsInNsaWRlc2hvdyI6ImQ0MGIxYjMifQ%3D%3D\" href='https:\/\/neuekarawane.de\/wp-content\/uploads\/2025\/06\/die-Kunstakademie.jpg'><img loading=\"lazy\" decoding=\"async\" width=\"300\" height=\"300\" src=\"https:\/\/neuekarawane.de\/wp-content\/uploads\/2025\/06\/die-Kunstakademie-300x300.jpg\" class=\"attachment-medium size-medium\" alt=\"die Kunstakademie\" aria-describedby=\"gallery-3-5914\" srcset=\"https:\/\/neuekarawane.de\/wp-content\/uploads\/2025\/06\/die-Kunstakademie-300x300.jpg 300w, https:\/\/neuekarawane.de\/wp-content\/uploads\/2025\/06\/die-Kunstakademie-1024x1024.jpg 1024w, https:\/\/neuekarawane.de\/wp-content\/uploads\/2025\/06\/die-Kunstakademie-150x150.jpg 150w, https:\/\/neuekarawane.de\/wp-content\/uploads\/2025\/06\/die-Kunstakademie-768x768.jpg 768w, https:\/\/neuekarawane.de\/wp-content\/uploads\/2025\/06\/die-Kunstakademie-12x12.jpg 12w, https:\/\/neuekarawane.de\/wp-content\/uploads\/2025\/06\/die-Kunstakademie.jpg 1280w\" sizes=\"(max-width: 300px) 100vw, 300px\" \/><\/a>\n\t\t\t<\/div>\n\t\t\t\t<figcaption class='wp-caption-text gallery-caption' id='gallery-3-5914'>\n\t\t\t\tdie Kunstakademie\n\t\t\t\t<\/figcaption><\/figure><figure class='gallery-item'>\n\t\t\t<div class='gallery-icon landscape'>\n\t\t\t\t<a data-elementor-open-lightbox=\"yes\" data-elementor-lightbox-slideshow=\"d40b1b3\" data-elementor-lightbox-title=\"K\u00fcnstlerdenkmal\" data-e-action-hash=\"#elementor-action%3Aaction%3Dlightbox%26settings%3DeyJpZCI6NTkxMSwidXJsIjoiaHR0cHM6XC9cL25ldWVrYXJhd2FuZS5kZVwvd3AtY29udGVudFwvdXBsb2Fkc1wvMjAyNVwvMDZcL0t1ZW5zdGxlcmRlbmttYWwuanBnIiwic2xpZGVzaG93IjoiZDQwYjFiMyJ9\" href='https:\/\/neuekarawane.de\/wp-content\/uploads\/2025\/06\/Kuenstlerdenkmal.jpg'><img loading=\"lazy\" decoding=\"async\" width=\"300\" height=\"300\" src=\"https:\/\/neuekarawane.de\/wp-content\/uploads\/2025\/06\/Kuenstlerdenkmal-300x300.jpg\" class=\"attachment-medium size-medium\" alt=\"K\u00fcnstlerdenkmal\" aria-describedby=\"gallery-3-5911\" srcset=\"https:\/\/neuekarawane.de\/wp-content\/uploads\/2025\/06\/Kuenstlerdenkmal-300x300.jpg 300w, https:\/\/neuekarawane.de\/wp-content\/uploads\/2025\/06\/Kuenstlerdenkmal-1024x1024.jpg 1024w, https:\/\/neuekarawane.de\/wp-content\/uploads\/2025\/06\/Kuenstlerdenkmal-150x150.jpg 150w, https:\/\/neuekarawane.de\/wp-content\/uploads\/2025\/06\/Kuenstlerdenkmal-768x768.jpg 768w, https:\/\/neuekarawane.de\/wp-content\/uploads\/2025\/06\/Kuenstlerdenkmal-12x12.jpg 12w, https:\/\/neuekarawane.de\/wp-content\/uploads\/2025\/06\/Kuenstlerdenkmal.jpg 1280w\" sizes=\"(max-width: 300px) 100vw, 300px\" \/><\/a>\n\t\t\t<\/div>\n\t\t\t\t<figcaption class='wp-caption-text gallery-caption' id='gallery-3-5911'>\n\t\t\t\tK\u00fcnstlerdenkmal\n\t\t\t\t<\/figcaption><\/figure><figure class='gallery-item'>\n\t\t\t<div class='gallery-icon landscape'>\n\t\t\t\t<a data-elementor-open-lightbox=\"yes\" data-elementor-lightbox-slideshow=\"d40b1b3\" data-elementor-lightbox-title=\"von oben Blick in den Park\" data-e-action-hash=\"#elementor-action%3Aaction%3Dlightbox%26settings%3DeyJpZCI6NTkxMiwidXJsIjoiaHR0cHM6XC9cL25ldWVrYXJhd2FuZS5kZVwvd3AtY29udGVudFwvdXBsb2Fkc1wvMjAyNVwvMDZcL3Zvbi1vYmVuLUJsaWNrLWluLWRlbi1QYXJrLmpwZyIsInNsaWRlc2hvdyI6ImQ0MGIxYjMifQ%3D%3D\" href='https:\/\/neuekarawane.de\/wp-content\/uploads\/2025\/06\/von-oben-Blick-in-den-Park.jpg'><img loading=\"lazy\" decoding=\"async\" width=\"300\" height=\"300\" src=\"https:\/\/neuekarawane.de\/wp-content\/uploads\/2025\/06\/von-oben-Blick-in-den-Park-300x300.jpg\" class=\"attachment-medium size-medium\" alt=\"von oben Blick in den Park\" aria-describedby=\"gallery-3-5912\" srcset=\"https:\/\/neuekarawane.de\/wp-content\/uploads\/2025\/06\/von-oben-Blick-in-den-Park-300x300.jpg 300w, https:\/\/neuekarawane.de\/wp-content\/uploads\/2025\/06\/von-oben-Blick-in-den-Park-1024x1024.jpg 1024w, https:\/\/neuekarawane.de\/wp-content\/uploads\/2025\/06\/von-oben-Blick-in-den-Park-150x150.jpg 150w, https:\/\/neuekarawane.de\/wp-content\/uploads\/2025\/06\/von-oben-Blick-in-den-Park-768x768.jpg 768w, https:\/\/neuekarawane.de\/wp-content\/uploads\/2025\/06\/von-oben-Blick-in-den-Park-12x12.jpg 12w, https:\/\/neuekarawane.de\/wp-content\/uploads\/2025\/06\/von-oben-Blick-in-den-Park.jpg 1280w\" sizes=\"(max-width: 300px) 100vw, 300px\" \/><\/a>\n\t\t\t<\/div>\n\t\t\t\t<figcaption class='wp-caption-text gallery-caption' id='gallery-3-5912'>\n\t\t\t\tvon oben Blick in den Park\n\t\t\t\t<\/figcaption><\/figure><figure class='gallery-item'>\n\t\t\t<div class='gallery-icon landscape'>\n\t\t\t\t<a data-elementor-open-lightbox=\"yes\" data-elementor-lightbox-slideshow=\"d40b1b3\" data-elementor-lightbox-title=\"von oben die Stadt Engels\" data-e-action-hash=\"#elementor-action%3Aaction%3Dlightbox%26settings%3DeyJpZCI6NTkxMywidXJsIjoiaHR0cHM6XC9cL25ldWVrYXJhd2FuZS5kZVwvd3AtY29udGVudFwvdXBsb2Fkc1wvMjAyNVwvMDZcL3Zvbi1vYmVuLWRpZS1TdGFkdC1FbmdlbHMuanBnIiwic2xpZGVzaG93IjoiZDQwYjFiMyJ9\" href='https:\/\/neuekarawane.de\/wp-content\/uploads\/2025\/06\/von-oben-die-Stadt-Engels.jpg'><img loading=\"lazy\" decoding=\"async\" width=\"300\" height=\"300\" src=\"https:\/\/neuekarawane.de\/wp-content\/uploads\/2025\/06\/von-oben-die-Stadt-Engels-300x300.jpg\" class=\"attachment-medium size-medium\" alt=\"von oben die Stadt Engels\" aria-describedby=\"gallery-3-5913\" srcset=\"https:\/\/neuekarawane.de\/wp-content\/uploads\/2025\/06\/von-oben-die-Stadt-Engels-300x300.jpg 300w, https:\/\/neuekarawane.de\/wp-content\/uploads\/2025\/06\/von-oben-die-Stadt-Engels-1024x1024.jpg 1024w, https:\/\/neuekarawane.de\/wp-content\/uploads\/2025\/06\/von-oben-die-Stadt-Engels-150x150.jpg 150w, https:\/\/neuekarawane.de\/wp-content\/uploads\/2025\/06\/von-oben-die-Stadt-Engels-768x768.jpg 768w, https:\/\/neuekarawane.de\/wp-content\/uploads\/2025\/06\/von-oben-die-Stadt-Engels-12x12.jpg 12w, https:\/\/neuekarawane.de\/wp-content\/uploads\/2025\/06\/von-oben-die-Stadt-Engels.jpg 1280w\" sizes=\"(max-width: 300px) 100vw, 300px\" \/><\/a>\n\t\t\t<\/div>\n\t\t\t\t<figcaption class='wp-caption-text gallery-caption' id='gallery-3-5913'>\n\t\t\t\tvon oben die Stadt Engels\n\t\t\t\t<\/figcaption><\/figure>\n\t\t<\/div>\n\t\t<\/div>\n\t\t\t\t\t\t<\/div>\n\t\t\t\t<\/div>\n\t\t\t\t<div class=\"elementor-element elementor-element-11720de elementor-widget elementor-widget-image-gallery\" data-id=\"11720de\" data-element_type=\"widget\" data-e-type=\"widget\" data-widget_type=\"image-gallery.default\">\n\t\t\t\t<div class=\"elementor-widget-container\">\n\t\t\t\t\t\t\t<div class=\"elementor-image-gallery\">\n\t\t\t<div id='gallery-4' class='gallery galleryid-5901 gallery-columns-4 gallery-size-medium'><figure class='gallery-item'>\n\t\t\t<div class='gallery-icon landscape'>\n\t\t\t\t<a data-elementor-open-lightbox=\"yes\" data-elementor-lightbox-slideshow=\"11720de\" data-elementor-lightbox-title=\"Engels am Abend\" data-e-action-hash=\"#elementor-action%3Aaction%3Dlightbox%26settings%3DeyJpZCI6NTkxNSwidXJsIjoiaHR0cHM6XC9cL25ldWVrYXJhd2FuZS5kZVwvd3AtY29udGVudFwvdXBsb2Fkc1wvMjAyNVwvMDZcL3Bob3RvXzIwMjUtMDYtMjBfMDctMzctNTYuanBnIiwic2xpZGVzaG93IjoiMTE3MjBkZSJ9\" href='https:\/\/neuekarawane.de\/wp-content\/uploads\/2025\/06\/photo_2025-06-20_07-37-56.jpg'><img loading=\"lazy\" decoding=\"async\" width=\"300\" height=\"300\" src=\"https:\/\/neuekarawane.de\/wp-content\/uploads\/2025\/06\/photo_2025-06-20_07-37-56-300x300.jpg\" class=\"attachment-medium size-medium\" alt=\"Engels am Abend\" aria-describedby=\"gallery-4-5915\" srcset=\"https:\/\/neuekarawane.de\/wp-content\/uploads\/2025\/06\/photo_2025-06-20_07-37-56-300x300.jpg 300w, https:\/\/neuekarawane.de\/wp-content\/uploads\/2025\/06\/photo_2025-06-20_07-37-56-1024x1024.jpg 1024w, https:\/\/neuekarawane.de\/wp-content\/uploads\/2025\/06\/photo_2025-06-20_07-37-56-150x150.jpg 150w, https:\/\/neuekarawane.de\/wp-content\/uploads\/2025\/06\/photo_2025-06-20_07-37-56-768x768.jpg 768w, https:\/\/neuekarawane.de\/wp-content\/uploads\/2025\/06\/photo_2025-06-20_07-37-56-12x12.jpg 12w, https:\/\/neuekarawane.de\/wp-content\/uploads\/2025\/06\/photo_2025-06-20_07-37-56.jpg 1280w\" sizes=\"(max-width: 300px) 100vw, 300px\" \/><\/a>\n\t\t\t<\/div>\n\t\t\t\t<figcaption class='wp-caption-text gallery-caption' id='gallery-4-5915'>\n\t\t\t\tEngels am Abend\n\t\t\t\t<\/figcaption><\/figure><figure class='gallery-item'>\n\t\t\t<div class='gallery-icon landscape'>\n\t\t\t\t<a data-elementor-open-lightbox=\"yes\" data-elementor-lightbox-slideshow=\"11720de\" data-elementor-lightbox-title=\"zur\u00fcck in Saratow 1\" data-e-action-hash=\"#elementor-action%3Aaction%3Dlightbox%26settings%3DeyJpZCI6NTkxNywidXJsIjoiaHR0cHM6XC9cL25ldWVrYXJhd2FuZS5kZVwvd3AtY29udGVudFwvdXBsb2Fkc1wvMjAyNVwvMDZcL3Bob3RvXzIwMjUtMDYtMDZfMDYtNDYtNTcuanBnIiwic2xpZGVzaG93IjoiMTE3MjBkZSJ9\" href='https:\/\/neuekarawane.de\/wp-content\/uploads\/2025\/06\/photo_2025-06-06_06-46-57.jpg'><img loading=\"lazy\" decoding=\"async\" width=\"300\" height=\"300\" src=\"https:\/\/neuekarawane.de\/wp-content\/uploads\/2025\/06\/photo_2025-06-06_06-46-57-300x300.jpg\" class=\"attachment-medium size-medium\" alt=\"zur\u00fcck in Saratow 1\" aria-describedby=\"gallery-4-5917\" srcset=\"https:\/\/neuekarawane.de\/wp-content\/uploads\/2025\/06\/photo_2025-06-06_06-46-57-300x300.jpg 300w, https:\/\/neuekarawane.de\/wp-content\/uploads\/2025\/06\/photo_2025-06-06_06-46-57-1024x1024.jpg 1024w, https:\/\/neuekarawane.de\/wp-content\/uploads\/2025\/06\/photo_2025-06-06_06-46-57-150x150.jpg 150w, https:\/\/neuekarawane.de\/wp-content\/uploads\/2025\/06\/photo_2025-06-06_06-46-57-768x768.jpg 768w, https:\/\/neuekarawane.de\/wp-content\/uploads\/2025\/06\/photo_2025-06-06_06-46-57-12x12.jpg 12w, https:\/\/neuekarawane.de\/wp-content\/uploads\/2025\/06\/photo_2025-06-06_06-46-57.jpg 1280w\" sizes=\"(max-width: 300px) 100vw, 300px\" \/><\/a>\n\t\t\t<\/div>\n\t\t\t\t<figcaption class='wp-caption-text gallery-caption' id='gallery-4-5917'>\n\t\t\t\tzur\u00fcck in Saratow 1\n\t\t\t\t<\/figcaption><\/figure><figure class='gallery-item'>\n\t\t\t<div class='gallery-icon landscape'>\n\t\t\t\t<a data-elementor-open-lightbox=\"yes\" data-elementor-lightbox-slideshow=\"11720de\" data-elementor-lightbox-title=\"zur\u00fcck in Saratow 2\" data-e-action-hash=\"#elementor-action%3Aaction%3Dlightbox%26settings%3DeyJpZCI6NTkxOCwidXJsIjoiaHR0cHM6XC9cL25ldWVrYXJhd2FuZS5kZVwvd3AtY29udGVudFwvdXBsb2Fkc1wvMjAyNVwvMDZcL3Bob3RvXzIwMjUtMDYtMDZfMDYtNDYtMjguanBnIiwic2xpZGVzaG93IjoiMTE3MjBkZSJ9\" href='https:\/\/neuekarawane.de\/wp-content\/uploads\/2025\/06\/photo_2025-06-06_06-46-28.jpg'><img loading=\"lazy\" decoding=\"async\" width=\"300\" height=\"300\" src=\"https:\/\/neuekarawane.de\/wp-content\/uploads\/2025\/06\/photo_2025-06-06_06-46-28-300x300.jpg\" class=\"attachment-medium size-medium\" alt=\"zur\u00fcck in Saratow 2\" aria-describedby=\"gallery-4-5918\" srcset=\"https:\/\/neuekarawane.de\/wp-content\/uploads\/2025\/06\/photo_2025-06-06_06-46-28-300x300.jpg 300w, https:\/\/neuekarawane.de\/wp-content\/uploads\/2025\/06\/photo_2025-06-06_06-46-28-1024x1024.jpg 1024w, https:\/\/neuekarawane.de\/wp-content\/uploads\/2025\/06\/photo_2025-06-06_06-46-28-150x150.jpg 150w, https:\/\/neuekarawane.de\/wp-content\/uploads\/2025\/06\/photo_2025-06-06_06-46-28-768x768.jpg 768w, https:\/\/neuekarawane.de\/wp-content\/uploads\/2025\/06\/photo_2025-06-06_06-46-28-12x12.jpg 12w, https:\/\/neuekarawane.de\/wp-content\/uploads\/2025\/06\/photo_2025-06-06_06-46-28.jpg 1280w\" sizes=\"(max-width: 300px) 100vw, 300px\" \/><\/a>\n\t\t\t<\/div>\n\t\t\t\t<figcaption class='wp-caption-text gallery-caption' id='gallery-4-5918'>\n\t\t\t\tzur\u00fcck in Saratow 2\n\t\t\t\t<\/figcaption><\/figure><figure class='gallery-item'>\n\t\t\t<div class='gallery-icon landscape'>\n\t\t\t\t<a data-elementor-open-lightbox=\"yes\" data-elementor-lightbox-slideshow=\"11720de\" data-elementor-lightbox-title=\"Auf der &quot;Sibir&quot;\" data-e-action-hash=\"#elementor-action%3Aaction%3Dlightbox%26settings%3DeyJpZCI6NTkxNiwidXJsIjoiaHR0cHM6XC9cL25ldWVrYXJhd2FuZS5kZVwvd3AtY29udGVudFwvdXBsb2Fkc1wvMjAyNVwvMDZcL3Bob3RvXzIwMjUtMDYtMDZfMDYtNTYtMTEtMS5qcGciLCJzbGlkZXNob3ciOiIxMTcyMGRlIn0%3D\" href='https:\/\/neuekarawane.de\/wp-content\/uploads\/2025\/06\/photo_2025-06-06_06-56-11-1.jpg'><img loading=\"lazy\" decoding=\"async\" width=\"300\" height=\"300\" src=\"https:\/\/neuekarawane.de\/wp-content\/uploads\/2025\/06\/photo_2025-06-06_06-56-11-1-300x300.jpg\" class=\"attachment-medium size-medium\" alt=\"Auf der &quot;Sibir&quot;\" aria-describedby=\"gallery-4-5916\" srcset=\"https:\/\/neuekarawane.de\/wp-content\/uploads\/2025\/06\/photo_2025-06-06_06-56-11-1-300x300.jpg 300w, https:\/\/neuekarawane.de\/wp-content\/uploads\/2025\/06\/photo_2025-06-06_06-56-11-1-1024x1024.jpg 1024w, https:\/\/neuekarawane.de\/wp-content\/uploads\/2025\/06\/photo_2025-06-06_06-56-11-1-150x150.jpg 150w, https:\/\/neuekarawane.de\/wp-content\/uploads\/2025\/06\/photo_2025-06-06_06-56-11-1-768x768.jpg 768w, https:\/\/neuekarawane.de\/wp-content\/uploads\/2025\/06\/photo_2025-06-06_06-56-11-1-12x12.jpg 12w, https:\/\/neuekarawane.de\/wp-content\/uploads\/2025\/06\/photo_2025-06-06_06-56-11-1.jpg 1280w\" sizes=\"(max-width: 300px) 100vw, 300px\" \/><\/a>\n\t\t\t<\/div>\n\t\t\t\t<figcaption class='wp-caption-text gallery-caption' id='gallery-4-5916'>\n\t\t\t\tAuf der &#8222;Sibir&#8220;\n\t\t\t\t<\/figcaption><\/figure>\n\t\t<\/div>\n\t\t<\/div>\n\t\t\t\t\t\t<\/div>\n\t\t\t\t<\/div>\n\t\t\t\t\t<\/div>\n\t\t<\/div>\n\t\t\t\t\t<\/div>\n\t\t<\/section>\n\t\t\t\t<\/div>\n\t\t","protected":false},"excerpt":{"rendered":"<p>Wanderung zum Mahnmal Mahnmal Auf dem Berg ein gro\u00dfer Park noch ein Obelisk Saratow, fr\u00fcher Kuibitschew, liegt am rechten, sogenannten \u201eBergufer\u201c der mittleren Wolga. Es ist ein wichtiges Kultur- und Wirtschaftszentrum sowie Universit\u00e4tsstadt mit ca. 1 Million Einwohnern.Hier in der N\u00e4he beginnt auch der Wolga-Stausee (Kuibitschewer Stausee), der wohl bis nach Wolgograd reicht.Wir machten eine richtige f\u00fcr uns anstrengende Wanderung auf den h\u00f6chsten Berg der Stadt. Dort ist auch die zentrale Gedenkst\u00e4tte des 2 Weltkriees. Das sch\u00f6ne Wetter hatte auch viele andere hierher gezogen in den sehr sch\u00f6nen grosz\u00fcgigen Park. Zur Erinnerung an die deutschen Einwanderer Skulptur vor der Musikakademie Eingang zum Zentralpark im Park Von dort aus sahen wir die lange Br\u00fccke \u00fcber die Wolga und beschlossen mit dem Taxi in die auf der anderen Wolgaseite direkt anliegende Stadt Engels zu fahren. Nach einem Bummel durch das Zentrum bot sich der Zentralpark an, einmal auf dem Riesenrad die Stadt zu \u00fcberblicken. Schlie\u00dflich entdeckte Natascha, dass es im Park auch ein Caf\u00e9 gab, mit lauter Musik auf einer Freiluft-Fl\u00e4che zu der getanzt wurde. Und auf diese Art und Weise haben wir am Abend meinen 74. Geburtstag vorgefeiert. die Kunstakademie K\u00fcnstlerdenkmal von oben Blick in den Park von oben die Stadt Engels Engels am Abend zur\u00fcck in Saratow 1 zur\u00fcck in Saratow 2 Auf der &#8222;Sibir&#8220;<\/p>\n","protected":false},"author":1,"featured_media":0,"comment_status":"open","ping_status":"open","sticky":false,"template":"","format":"standard","meta":{"footnotes":""},"categories":[1],"tags":[],"class_list":["post-5901","post","type-post","status-publish","format-standard","hentry","category-allgemein"],"_links":{"self":[{"href":"https:\/\/neuekarawane.de\/de_de\/wp-json\/wp\/v2\/posts\/5901","targetHints":{"allow":["GET"]}}],"collection":[{"href":"https:\/\/neuekarawane.de\/de_de\/wp-json\/wp\/v2\/posts"}],"about":[{"href":"https:\/\/neuekarawane.de\/de_de\/wp-json\/wp\/v2\/types\/post"}],"author":[{"embeddable":true,"href":"https:\/\/neuekarawane.de\/de_de\/wp-json\/wp\/v2\/users\/1"}],"replies":[{"embeddable":true,"href":"https:\/\/neuekarawane.de\/de_de\/wp-json\/wp\/v2\/comments?post=5901"}],"version-history":[{"count":4,"href":"https:\/\/neuekarawane.de\/de_de\/wp-json\/wp\/v2\/posts\/5901\/revisions"}],"predecessor-version":[{"id":5921,"href":"https:\/\/neuekarawane.de\/de_de\/wp-json\/wp\/v2\/posts\/5901\/revisions\/5921"}],"wp:attachment":[{"href":"https:\/\/neuekarawane.de\/de_de\/wp-json\/wp\/v2\/media?parent=5901"}],"wp:term":[{"taxonomy":"category","embeddable":true,"href":"https:\/\/neuekarawane.de\/de_de\/wp-json\/wp\/v2\/categories?post=5901"},{"taxonomy":"post_tag","embeddable":true,"href":"https:\/\/neuekarawane.de\/de_de\/wp-json\/wp\/v2\/tags?post=5901"}],"curies":[{"name":"wp","href":"https:\/\/api.w.org\/{rel}","templated":true}]}}