{"id":5628,"date":"2025-04-02T07:21:13","date_gmt":"2025-04-02T05:21:13","guid":{"rendered":"https:\/\/neuekarawane.de\/?p=5628"},"modified":"2025-06-06T09:46:11","modified_gmt":"2025-06-06T07:46:11","slug":"in-der-lkw-werkstatt","status":"publish","type":"post","link":"https:\/\/neuekarawane.de\/de_de\/2025\/04\/02\/in-der-lkw-werkstatt\/","title":{"rendered":"In der Lkw-Werkstatt"},"content":{"rendered":"\t\t<div data-elementor-type=\"wp-post\" data-elementor-id=\"5628\" class=\"elementor elementor-5628\">\n\t\t\t\t\t\t<section class=\"elementor-section elementor-top-section elementor-element elementor-element-dc43479 elementor-section-boxed elementor-section-height-default elementor-section-height-default wpr-particle-no wpr-jarallax-no wpr-parallax-no wpr-sticky-section-no wpr-equal-height-no\" data-id=\"dc43479\" data-element_type=\"section\" data-e-type=\"section\">\n\t\t\t\t\t\t<div class=\"elementor-container elementor-column-gap-default\">\n\t\t\t\t\t<div class=\"elementor-column elementor-col-100 elementor-top-column elementor-element elementor-element-e4c493c\" data-id=\"e4c493c\" data-element_type=\"column\" data-e-type=\"column\">\n\t\t\t<div class=\"elementor-widget-wrap elementor-element-populated\">\n\t\t\t\t\t\t<div class=\"elementor-element elementor-element-3c5c2dd elementor-widget elementor-widget-text-editor\" data-id=\"3c5c2dd\" data-element_type=\"widget\" data-e-type=\"widget\" data-widget_type=\"text-editor.default\">\n\t\t\t\t<div class=\"elementor-widget-container\">\n\t\t\t\t\t\t\t\t\t<p>Wowa und Dima unsere Werkstattfreunde sind auf Klimaanlagen und K\u00fchlanlagen in Lkw spezialisiert. Sie empfahlen uns eine Lkw-Profiwerkstatt 40 km weit weg, die wussten von ihnen schon, dass wir kommen werden und was wir ungef\u00e4hr wollten.<\/p>\t\t\t\t\t\t\t\t<\/div>\n\t\t\t\t<\/div>\n\t\t\t\t<div class=\"elementor-element elementor-element-414e6b0 elementor-widget elementor-widget-image-gallery\" data-id=\"414e6b0\" data-element_type=\"widget\" data-e-type=\"widget\" data-widget_type=\"image-gallery.default\">\n\t\t\t\t<div class=\"elementor-widget-container\">\n\t\t\t\t\t\t\t<div class=\"elementor-image-gallery\">\n\t\t\t<div id='gallery-1' class='gallery galleryid-5628 gallery-columns-4 gallery-size-medium'><figure class='gallery-item'>\n\t\t\t<div class='gallery-icon landscape'>\n\t\t\t\t<a data-elementor-open-lightbox=\"yes\" data-elementor-lightbox-slideshow=\"414e6b0\" data-elementor-lightbox-title=\"Lucie aufgebockt\" data-e-action-hash=\"#elementor-action%3Aaction%3Dlightbox%26settings%3DeyJpZCI6NTY0MywidXJsIjoiaHR0cHM6XC9cL25ldWVrYXJhd2FuZS5kZVwvd3AtY29udGVudFwvdXBsb2Fkc1wvMjAyNVwvMDZcL0x1Y2llLWF1ZmdlYm9ja3Qtc2NhbGVkLmpwZyIsInNsaWRlc2hvdyI6IjQxNGU2YjAifQ%3D%3D\" href='https:\/\/neuekarawane.de\/wp-content\/uploads\/2025\/06\/Lucie-aufgebockt-scaled.jpg'><img fetchpriority=\"high\" decoding=\"async\" width=\"300\" height=\"300\" src=\"https:\/\/neuekarawane.de\/wp-content\/uploads\/2025\/06\/Lucie-aufgebockt-300x300.jpg\" class=\"attachment-medium size-medium\" alt=\"Lucie aufgebockt\" aria-describedby=\"gallery-1-5643\" srcset=\"https:\/\/neuekarawane.de\/wp-content\/uploads\/2025\/06\/Lucie-aufgebockt-300x300.jpg 300w, https:\/\/neuekarawane.de\/wp-content\/uploads\/2025\/06\/Lucie-aufgebockt-1024x1024.jpg 1024w, https:\/\/neuekarawane.de\/wp-content\/uploads\/2025\/06\/Lucie-aufgebockt-150x150.jpg 150w, https:\/\/neuekarawane.de\/wp-content\/uploads\/2025\/06\/Lucie-aufgebockt-768x768.jpg 768w, https:\/\/neuekarawane.de\/wp-content\/uploads\/2025\/06\/Lucie-aufgebockt-1536x1536.jpg 1536w, https:\/\/neuekarawane.de\/wp-content\/uploads\/2025\/06\/Lucie-aufgebockt-2048x2048.jpg 2048w, https:\/\/neuekarawane.de\/wp-content\/uploads\/2025\/06\/Lucie-aufgebockt-12x12.jpg 12w\" sizes=\"(max-width: 300px) 100vw, 300px\" \/><\/a>\n\t\t\t<\/div>\n\t\t\t\t<figcaption class='wp-caption-text gallery-caption' id='gallery-1-5643'>\n\t\t\t\tLucie aufgebockt\n\t\t\t\t<\/figcaption><\/figure><figure class='gallery-item'>\n\t\t\t<div class='gallery-icon landscape'>\n\t\t\t\t<a data-elementor-open-lightbox=\"yes\" data-elementor-lightbox-slideshow=\"414e6b0\" data-elementor-lightbox-title=\"erst die Vorderr\u00e4der.\" data-e-action-hash=\"#elementor-action%3Aaction%3Dlightbox%26settings%3DeyJpZCI6NTY0NiwidXJsIjoiaHR0cHM6XC9cL25ldWVrYXJhd2FuZS5kZVwvd3AtY29udGVudFwvdXBsb2Fkc1wvMjAyNVwvMDZcL2Vyc3QtZGllLVZvcmRlcnJhZWRlci1zY2FsZWQuanBnIiwic2xpZGVzaG93IjoiNDE0ZTZiMCJ9\" href='https:\/\/neuekarawane.de\/wp-content\/uploads\/2025\/06\/erst-die-Vorderraeder-scaled.jpg'><img decoding=\"async\" width=\"300\" height=\"300\" src=\"https:\/\/neuekarawane.de\/wp-content\/uploads\/2025\/06\/erst-die-Vorderraeder-300x300.jpg\" class=\"attachment-medium size-medium\" alt=\"erst die Vorderr\u00e4der.\" aria-describedby=\"gallery-1-5646\" srcset=\"https:\/\/neuekarawane.de\/wp-content\/uploads\/2025\/06\/erst-die-Vorderraeder-300x300.jpg 300w, https:\/\/neuekarawane.de\/wp-content\/uploads\/2025\/06\/erst-die-Vorderraeder-1024x1024.jpg 1024w, https:\/\/neuekarawane.de\/wp-content\/uploads\/2025\/06\/erst-die-Vorderraeder-150x150.jpg 150w, https:\/\/neuekarawane.de\/wp-content\/uploads\/2025\/06\/erst-die-Vorderraeder-768x768.jpg 768w, https:\/\/neuekarawane.de\/wp-content\/uploads\/2025\/06\/erst-die-Vorderraeder-1536x1536.jpg 1536w, https:\/\/neuekarawane.de\/wp-content\/uploads\/2025\/06\/erst-die-Vorderraeder-2048x2048.jpg 2048w, https:\/\/neuekarawane.de\/wp-content\/uploads\/2025\/06\/erst-die-Vorderraeder-12x12.jpg 12w\" sizes=\"(max-width: 300px) 100vw, 300px\" \/><\/a>\n\t\t\t<\/div>\n\t\t\t\t<figcaption class='wp-caption-text gallery-caption' id='gallery-1-5646'>\n\t\t\t\terst die Vorderr\u00e4der.\n\t\t\t\t<\/figcaption><\/figure><figure class='gallery-item'>\n\t\t\t<div class='gallery-icon landscape'>\n\t\t\t\t<a data-elementor-open-lightbox=\"yes\" data-elementor-lightbox-slideshow=\"414e6b0\" data-elementor-lightbox-title=\"erst die Vorderr\u00e4der\" data-e-action-hash=\"#elementor-action%3Aaction%3Dlightbox%26settings%3DeyJpZCI6NTY0NywidXJsIjoiaHR0cHM6XC9cL25ldWVrYXJhd2FuZS5kZVwvd3AtY29udGVudFwvdXBsb2Fkc1wvMjAyNVwvMDZcL2Vyc3QtZGllLVZvcmRlcnJhZWRlci0xLXNjYWxlZC5qcGciLCJzbGlkZXNob3ciOiI0MTRlNmIwIn0%3D\" href='https:\/\/neuekarawane.de\/wp-content\/uploads\/2025\/06\/erst-die-Vorderraeder-1-scaled.jpg'><img decoding=\"async\" width=\"300\" height=\"300\" src=\"https:\/\/neuekarawane.de\/wp-content\/uploads\/2025\/06\/erst-die-Vorderraeder-1-300x300.jpg\" class=\"attachment-medium size-medium\" alt=\"erst die Vorderr\u00e4der\" aria-describedby=\"gallery-1-5647\" srcset=\"https:\/\/neuekarawane.de\/wp-content\/uploads\/2025\/06\/erst-die-Vorderraeder-1-300x300.jpg 300w, https:\/\/neuekarawane.de\/wp-content\/uploads\/2025\/06\/erst-die-Vorderraeder-1-1024x1024.jpg 1024w, https:\/\/neuekarawane.de\/wp-content\/uploads\/2025\/06\/erst-die-Vorderraeder-1-150x150.jpg 150w, https:\/\/neuekarawane.de\/wp-content\/uploads\/2025\/06\/erst-die-Vorderraeder-1-768x768.jpg 768w, https:\/\/neuekarawane.de\/wp-content\/uploads\/2025\/06\/erst-die-Vorderraeder-1-1536x1536.jpg 1536w, https:\/\/neuekarawane.de\/wp-content\/uploads\/2025\/06\/erst-die-Vorderraeder-1-2048x2048.jpg 2048w, https:\/\/neuekarawane.de\/wp-content\/uploads\/2025\/06\/erst-die-Vorderraeder-1-12x12.jpg 12w\" sizes=\"(max-width: 300px) 100vw, 300px\" \/><\/a>\n\t\t\t<\/div>\n\t\t\t\t<figcaption class='wp-caption-text gallery-caption' id='gallery-1-5647'>\n\t\t\t\terst die Vorderr\u00e4der\n\t\t\t\t<\/figcaption><\/figure><figure class='gallery-item'>\n\t\t\t<div class='gallery-icon landscape'>\n\t\t\t\t<a data-elementor-open-lightbox=\"yes\" data-elementor-lightbox-slideshow=\"414e6b0\" data-elementor-lightbox-title=\"nun ohne Bremstrommel\" data-e-action-hash=\"#elementor-action%3Aaction%3Dlightbox%26settings%3DeyJpZCI6NTYzNiwidXJsIjoiaHR0cHM6XC9cL25ldWVrYXJhd2FuZS5kZVwvd3AtY29udGVudFwvdXBsb2Fkc1wvMjAyNVwvMDZcL251bi1vaG5lLUJyZW1zdHJvbW1lbC1zY2FsZWQuanBnIiwic2xpZGVzaG93IjoiNDE0ZTZiMCJ9\" href='https:\/\/neuekarawane.de\/wp-content\/uploads\/2025\/06\/nun-ohne-Bremstrommel-scaled.jpg'><img loading=\"lazy\" decoding=\"async\" width=\"300\" height=\"300\" src=\"https:\/\/neuekarawane.de\/wp-content\/uploads\/2025\/06\/nun-ohne-Bremstrommel-300x300.jpg\" class=\"attachment-medium size-medium\" alt=\"nun ohne Bremstrommel\" aria-describedby=\"gallery-1-5636\" srcset=\"https:\/\/neuekarawane.de\/wp-content\/uploads\/2025\/06\/nun-ohne-Bremstrommel-300x300.jpg 300w, https:\/\/neuekarawane.de\/wp-content\/uploads\/2025\/06\/nun-ohne-Bremstrommel-1024x1024.jpg 1024w, https:\/\/neuekarawane.de\/wp-content\/uploads\/2025\/06\/nun-ohne-Bremstrommel-150x150.jpg 150w, https:\/\/neuekarawane.de\/wp-content\/uploads\/2025\/06\/nun-ohne-Bremstrommel-768x768.jpg 768w, https:\/\/neuekarawane.de\/wp-content\/uploads\/2025\/06\/nun-ohne-Bremstrommel-1536x1536.jpg 1536w, https:\/\/neuekarawane.de\/wp-content\/uploads\/2025\/06\/nun-ohne-Bremstrommel-2048x2048.jpg 2048w, https:\/\/neuekarawane.de\/wp-content\/uploads\/2025\/06\/nun-ohne-Bremstrommel-12x12.jpg 12w\" sizes=\"(max-width: 300px) 100vw, 300px\" \/><\/a>\n\t\t\t<\/div>\n\t\t\t\t<figcaption class='wp-caption-text gallery-caption' id='gallery-1-5636'>\n\t\t\t\tnun ohne Bremstrommel\n\t\t\t\t<\/figcaption><\/figure>\n\t\t<\/div>\n\t\t<\/div>\n\t\t\t\t\t\t<\/div>\n\t\t\t\t<\/div>\n\t\t\t\t<div class=\"elementor-element elementor-element-95fa103 elementor-widget elementor-widget-text-editor\" data-id=\"95fa103\" data-element_type=\"widget\" data-e-type=\"widget\" data-widget_type=\"text-editor.default\">\n\t\t\t\t<div class=\"elementor-widget-container\">\n\t\t\t\t\t\t\t\t\t<p>Sie begutachteten den Gesundheitszustand von Lucie und entschieden: Neue Bremsbel\u00e4ge, neue Spurstangenk\u00f6pfe, einen neuen Schubspangenkopf und Spur einstellen, Abschmieren des Fahrgestells und \u00d6l auff\u00fcllen.<\/p>\t\t\t\t\t\t\t\t<\/div>\n\t\t\t\t<\/div>\n\t\t\t\t<div class=\"elementor-element elementor-element-d27e940 elementor-widget elementor-widget-image-gallery\" data-id=\"d27e940\" data-element_type=\"widget\" data-e-type=\"widget\" data-widget_type=\"image-gallery.default\">\n\t\t\t\t<div class=\"elementor-widget-container\">\n\t\t\t\t\t\t\t<div class=\"elementor-image-gallery\">\n\t\t\t<div id='gallery-2' class='gallery galleryid-5628 gallery-columns-4 gallery-size-medium'><figure class='gallery-item'>\n\t\t\t<div class='gallery-icon landscape'>\n\t\t\t\t<a data-elementor-open-lightbox=\"yes\" data-elementor-lightbox-slideshow=\"d27e940\" data-elementor-lightbox-title=\"der Bremskolben gefiel ihnen nicht richtig\" data-e-action-hash=\"#elementor-action%3Aaction%3Dlightbox%26settings%3DeyJpZCI6NTY0NCwidXJsIjoiaHR0cHM6XC9cL25ldWVrYXJhd2FuZS5kZVwvd3AtY29udGVudFwvdXBsb2Fkc1wvMjAyNVwvMDZcL2Rlci1CcmVtc2tvbGJlbi1nZWZpZWwtaWhuZW4tbmljaHQtcmljaHRpZy1zY2FsZWQuanBnIiwic2xpZGVzaG93IjoiZDI3ZTk0MCJ9\" href='https:\/\/neuekarawane.de\/wp-content\/uploads\/2025\/06\/der-Bremskolben-gefiel-ihnen-nicht-richtig-scaled.jpg'><img loading=\"lazy\" decoding=\"async\" width=\"300\" height=\"300\" src=\"https:\/\/neuekarawane.de\/wp-content\/uploads\/2025\/06\/der-Bremskolben-gefiel-ihnen-nicht-richtig-300x300.jpg\" class=\"attachment-medium size-medium\" alt=\"der Bremskolben gefiel ihnen nicht richtig\" aria-describedby=\"gallery-2-5644\" srcset=\"https:\/\/neuekarawane.de\/wp-content\/uploads\/2025\/06\/der-Bremskolben-gefiel-ihnen-nicht-richtig-300x300.jpg 300w, https:\/\/neuekarawane.de\/wp-content\/uploads\/2025\/06\/der-Bremskolben-gefiel-ihnen-nicht-richtig-1024x1024.jpg 1024w, https:\/\/neuekarawane.de\/wp-content\/uploads\/2025\/06\/der-Bremskolben-gefiel-ihnen-nicht-richtig-150x150.jpg 150w, https:\/\/neuekarawane.de\/wp-content\/uploads\/2025\/06\/der-Bremskolben-gefiel-ihnen-nicht-richtig-768x768.jpg 768w, https:\/\/neuekarawane.de\/wp-content\/uploads\/2025\/06\/der-Bremskolben-gefiel-ihnen-nicht-richtig-1536x1536.jpg 1536w, https:\/\/neuekarawane.de\/wp-content\/uploads\/2025\/06\/der-Bremskolben-gefiel-ihnen-nicht-richtig-2048x2048.jpg 2048w, https:\/\/neuekarawane.de\/wp-content\/uploads\/2025\/06\/der-Bremskolben-gefiel-ihnen-nicht-richtig-12x12.jpg 12w\" sizes=\"(max-width: 300px) 100vw, 300px\" \/><\/a>\n\t\t\t<\/div>\n\t\t\t\t<figcaption class='wp-caption-text gallery-caption' id='gallery-2-5644'>\n\t\t\t\tder Bremskolben gefiel ihnen nicht richtig\n\t\t\t\t<\/figcaption><\/figure><figure class='gallery-item'>\n\t\t\t<div class='gallery-icon landscape'>\n\t\t\t\t<a data-elementor-open-lightbox=\"yes\" data-elementor-lightbox-slideshow=\"d27e940\" data-elementor-lightbox-title=\"Bremstrommel wieder anbauen\" data-e-action-hash=\"#elementor-action%3Aaction%3Dlightbox%26settings%3DeyJpZCI6NTY0MSwidXJsIjoiaHR0cHM6XC9cL25ldWVrYXJhd2FuZS5kZVwvd3AtY29udGVudFwvdXBsb2Fkc1wvMjAyNVwvMDZcL0JyZW1zdHJvbW1lbC13aWVkZXItYW5iYXVlbi1zY2FsZWQuanBnIiwic2xpZGVzaG93IjoiZDI3ZTk0MCJ9\" href='https:\/\/neuekarawane.de\/wp-content\/uploads\/2025\/06\/Bremstrommel-wieder-anbauen-scaled.jpg'><img loading=\"lazy\" decoding=\"async\" width=\"300\" height=\"300\" src=\"https:\/\/neuekarawane.de\/wp-content\/uploads\/2025\/06\/Bremstrommel-wieder-anbauen-300x300.jpg\" class=\"attachment-medium size-medium\" alt=\"Bremstrommel wieder anbauen\" aria-describedby=\"gallery-2-5641\" srcset=\"https:\/\/neuekarawane.de\/wp-content\/uploads\/2025\/06\/Bremstrommel-wieder-anbauen-300x300.jpg 300w, https:\/\/neuekarawane.de\/wp-content\/uploads\/2025\/06\/Bremstrommel-wieder-anbauen-1024x1024.jpg 1024w, https:\/\/neuekarawane.de\/wp-content\/uploads\/2025\/06\/Bremstrommel-wieder-anbauen-150x150.jpg 150w, https:\/\/neuekarawane.de\/wp-content\/uploads\/2025\/06\/Bremstrommel-wieder-anbauen-768x768.jpg 768w, https:\/\/neuekarawane.de\/wp-content\/uploads\/2025\/06\/Bremstrommel-wieder-anbauen-1536x1536.jpg 1536w, https:\/\/neuekarawane.de\/wp-content\/uploads\/2025\/06\/Bremstrommel-wieder-anbauen-2048x2048.jpg 2048w, https:\/\/neuekarawane.de\/wp-content\/uploads\/2025\/06\/Bremstrommel-wieder-anbauen-12x12.jpg 12w\" sizes=\"(max-width: 300px) 100vw, 300px\" \/><\/a>\n\t\t\t<\/div>\n\t\t\t\t<figcaption class='wp-caption-text gallery-caption' id='gallery-2-5641'>\n\t\t\t\tBremstrommel wieder anbauen\n\t\t\t\t<\/figcaption><\/figure><figure class='gallery-item'>\n\t\t\t<div class='gallery-icon landscape'>\n\t\t\t\t<a data-elementor-open-lightbox=\"yes\" data-elementor-lightbox-slideshow=\"d27e940\" data-elementor-lightbox-title=\"und so ist wieder alles gut\" data-e-action-hash=\"#elementor-action%3Aaction%3Dlightbox%26settings%3DeyJpZCI6NTY0MCwidXJsIjoiaHR0cHM6XC9cL25ldWVrYXJhd2FuZS5kZVwvd3AtY29udGVudFwvdXBsb2Fkc1wvMjAyNVwvMDZcL3VuZC1zby1pc3Qtd2llZGVyLWFsbGVzLWd1dC1zY2FsZWQuanBnIiwic2xpZGVzaG93IjoiZDI3ZTk0MCJ9\" href='https:\/\/neuekarawane.de\/wp-content\/uploads\/2025\/06\/und-so-ist-wieder-alles-gut-scaled.jpg'><img loading=\"lazy\" decoding=\"async\" width=\"300\" height=\"300\" src=\"https:\/\/neuekarawane.de\/wp-content\/uploads\/2025\/06\/und-so-ist-wieder-alles-gut-300x300.jpg\" class=\"attachment-medium size-medium\" alt=\"und so ist wieder alles gut\" aria-describedby=\"gallery-2-5640\" srcset=\"https:\/\/neuekarawane.de\/wp-content\/uploads\/2025\/06\/und-so-ist-wieder-alles-gut-300x300.jpg 300w, https:\/\/neuekarawane.de\/wp-content\/uploads\/2025\/06\/und-so-ist-wieder-alles-gut-1024x1024.jpg 1024w, https:\/\/neuekarawane.de\/wp-content\/uploads\/2025\/06\/und-so-ist-wieder-alles-gut-150x150.jpg 150w, https:\/\/neuekarawane.de\/wp-content\/uploads\/2025\/06\/und-so-ist-wieder-alles-gut-768x768.jpg 768w, https:\/\/neuekarawane.de\/wp-content\/uploads\/2025\/06\/und-so-ist-wieder-alles-gut-1536x1536.jpg 1536w, https:\/\/neuekarawane.de\/wp-content\/uploads\/2025\/06\/und-so-ist-wieder-alles-gut-2048x2048.jpg 2048w, https:\/\/neuekarawane.de\/wp-content\/uploads\/2025\/06\/und-so-ist-wieder-alles-gut-12x12.jpg 12w\" sizes=\"(max-width: 300px) 100vw, 300px\" \/><\/a>\n\t\t\t<\/div>\n\t\t\t\t<figcaption class='wp-caption-text gallery-caption' id='gallery-2-5640'>\n\t\t\t\tund so ist wieder alles gut\n\t\t\t\t<\/figcaption><\/figure><figure class='gallery-item'>\n\t\t\t<div class='gallery-icon landscape'>\n\t\t\t\t<a data-elementor-open-lightbox=\"yes\" data-elementor-lightbox-slideshow=\"d27e940\" data-elementor-lightbox-title=\"Spustangenkopf\" data-e-action-hash=\"#elementor-action%3Aaction%3Dlightbox%26settings%3DeyJpZCI6NTY0NSwidXJsIjoiaHR0cHM6XC9cL25ldWVrYXJhd2FuZS5kZVwvd3AtY29udGVudFwvdXBsb2Fkc1wvMjAyNVwvMDZcL1NwdXN0YW5nZW5rb3BmLXNjYWxlZC5qcGciLCJzbGlkZXNob3ciOiJkMjdlOTQwIn0%3D\" href='https:\/\/neuekarawane.de\/wp-content\/uploads\/2025\/06\/Spustangenkopf-scaled.jpg'><img loading=\"lazy\" decoding=\"async\" width=\"300\" height=\"300\" src=\"https:\/\/neuekarawane.de\/wp-content\/uploads\/2025\/06\/Spustangenkopf-300x300.jpg\" class=\"attachment-medium size-medium\" alt=\"Spustangenkopf\" aria-describedby=\"gallery-2-5645\" srcset=\"https:\/\/neuekarawane.de\/wp-content\/uploads\/2025\/06\/Spustangenkopf-300x300.jpg 300w, https:\/\/neuekarawane.de\/wp-content\/uploads\/2025\/06\/Spustangenkopf-1024x1024.jpg 1024w, https:\/\/neuekarawane.de\/wp-content\/uploads\/2025\/06\/Spustangenkopf-150x150.jpg 150w, https:\/\/neuekarawane.de\/wp-content\/uploads\/2025\/06\/Spustangenkopf-768x768.jpg 768w, https:\/\/neuekarawane.de\/wp-content\/uploads\/2025\/06\/Spustangenkopf-1536x1536.jpg 1536w, https:\/\/neuekarawane.de\/wp-content\/uploads\/2025\/06\/Spustangenkopf-2048x2048.jpg 2048w, https:\/\/neuekarawane.de\/wp-content\/uploads\/2025\/06\/Spustangenkopf-12x12.jpg 12w\" sizes=\"(max-width: 300px) 100vw, 300px\" \/><\/a>\n\t\t\t<\/div>\n\t\t\t\t<figcaption class='wp-caption-text gallery-caption' id='gallery-2-5645'>\n\t\t\t\tSpustangenkopf\n\t\t\t\t<\/figcaption><\/figure>\n\t\t<\/div>\n\t\t<\/div>\n\t\t\t\t\t\t<\/div>\n\t\t\t\t<\/div>\n\t\t\t\t<div class=\"elementor-element elementor-element-eb474f5 elementor-widget elementor-widget-text-editor\" data-id=\"eb474f5\" data-element_type=\"widget\" data-e-type=\"widget\" data-widget_type=\"text-editor.default\">\n\t\t\t\t<div class=\"elementor-widget-container\">\n\t\t\t\t\t\t\t\t\t<p>Das Ganze besch\u00e4ftigte uns dann 5 Tage, weil auf neue Ersatzteile musste gewartet werden, das waren aber erst mal die Falschen, also noch ein Tag warten, 2 Tage f\u00fcr den Einbau usw. Lucie musste aufgebockt werden und das nat\u00fcrlich in der Werkstatthalle. Da wir ja in Lucie wohnen und schlafen mussten, durften wir in der in der Halle auch \u00fcbernachten.<\/p>\t\t\t\t\t\t\t\t<\/div>\n\t\t\t\t<\/div>\n\t\t\t\t<div class=\"elementor-element elementor-element-826a552 elementor-widget elementor-widget-image-gallery\" data-id=\"826a552\" data-element_type=\"widget\" data-e-type=\"widget\" data-widget_type=\"image-gallery.default\">\n\t\t\t\t<div class=\"elementor-widget-container\">\n\t\t\t\t\t\t\t<div class=\"elementor-image-gallery\">\n\t\t\t<div id='gallery-3' class='gallery galleryid-5628 gallery-columns-4 gallery-size-medium'><figure class='gallery-item'>\n\t\t\t<div class='gallery-icon landscape'>\n\t\t\t\t<a data-elementor-open-lightbox=\"yes\" data-elementor-lightbox-slideshow=\"826a552\" data-elementor-lightbox-title=\"das Gleiche mit den Hinterr\u00e4dern\" data-e-action-hash=\"#elementor-action%3Aaction%3Dlightbox%26settings%3DeyJpZCI6NTYzOSwidXJsIjoiaHR0cHM6XC9cL25ldWVrYXJhd2FuZS5kZVwvd3AtY29udGVudFwvdXBsb2Fkc1wvMjAyNVwvMDZcL2Rhcy1HbGVpY2hlLW1pdC1kZW4tSGludGVycmFlZGVybi1zY2FsZWQuanBnIiwic2xpZGVzaG93IjoiODI2YTU1MiJ9\" href='https:\/\/neuekarawane.de\/wp-content\/uploads\/2025\/06\/das-Gleiche-mit-den-Hinterraedern-scaled.jpg'><img loading=\"lazy\" decoding=\"async\" width=\"300\" height=\"300\" src=\"https:\/\/neuekarawane.de\/wp-content\/uploads\/2025\/06\/das-Gleiche-mit-den-Hinterraedern-300x300.jpg\" class=\"attachment-medium size-medium\" alt=\"das Gleiche mit den Hinterr\u00e4dern\" aria-describedby=\"gallery-3-5639\" srcset=\"https:\/\/neuekarawane.de\/wp-content\/uploads\/2025\/06\/das-Gleiche-mit-den-Hinterraedern-300x300.jpg 300w, https:\/\/neuekarawane.de\/wp-content\/uploads\/2025\/06\/das-Gleiche-mit-den-Hinterraedern-1024x1024.jpg 1024w, https:\/\/neuekarawane.de\/wp-content\/uploads\/2025\/06\/das-Gleiche-mit-den-Hinterraedern-150x150.jpg 150w, https:\/\/neuekarawane.de\/wp-content\/uploads\/2025\/06\/das-Gleiche-mit-den-Hinterraedern-768x768.jpg 768w, https:\/\/neuekarawane.de\/wp-content\/uploads\/2025\/06\/das-Gleiche-mit-den-Hinterraedern-1536x1536.jpg 1536w, https:\/\/neuekarawane.de\/wp-content\/uploads\/2025\/06\/das-Gleiche-mit-den-Hinterraedern-2048x2048.jpg 2048w, https:\/\/neuekarawane.de\/wp-content\/uploads\/2025\/06\/das-Gleiche-mit-den-Hinterraedern-12x12.jpg 12w\" sizes=\"(max-width: 300px) 100vw, 300px\" \/><\/a>\n\t\t\t<\/div>\n\t\t\t\t<figcaption class='wp-caption-text gallery-caption' id='gallery-3-5639'>\n\t\t\t\tdas Gleiche mit den Hinterr\u00e4dern\n\t\t\t\t<\/figcaption><\/figure><figure class='gallery-item'>\n\t\t\t<div class='gallery-icon landscape'>\n\t\t\t\t<a data-elementor-open-lightbox=\"yes\" data-elementor-lightbox-slideshow=\"826a552\" data-elementor-lightbox-title=\"nun ohne Bremstrommel\" data-e-action-hash=\"#elementor-action%3Aaction%3Dlightbox%26settings%3DeyJpZCI6NTYzNiwidXJsIjoiaHR0cHM6XC9cL25ldWVrYXJhd2FuZS5kZVwvd3AtY29udGVudFwvdXBsb2Fkc1wvMjAyNVwvMDZcL251bi1vaG5lLUJyZW1zdHJvbW1lbC1zY2FsZWQuanBnIiwic2xpZGVzaG93IjoiODI2YTU1MiJ9\" href='https:\/\/neuekarawane.de\/wp-content\/uploads\/2025\/06\/nun-ohne-Bremstrommel-scaled.jpg'><img loading=\"lazy\" decoding=\"async\" width=\"300\" height=\"300\" src=\"https:\/\/neuekarawane.de\/wp-content\/uploads\/2025\/06\/nun-ohne-Bremstrommel-300x300.jpg\" class=\"attachment-medium size-medium\" alt=\"nun ohne Bremstrommel\" aria-describedby=\"gallery-3-5636\" srcset=\"https:\/\/neuekarawane.de\/wp-content\/uploads\/2025\/06\/nun-ohne-Bremstrommel-300x300.jpg 300w, https:\/\/neuekarawane.de\/wp-content\/uploads\/2025\/06\/nun-ohne-Bremstrommel-1024x1024.jpg 1024w, https:\/\/neuekarawane.de\/wp-content\/uploads\/2025\/06\/nun-ohne-Bremstrommel-150x150.jpg 150w, https:\/\/neuekarawane.de\/wp-content\/uploads\/2025\/06\/nun-ohne-Bremstrommel-768x768.jpg 768w, https:\/\/neuekarawane.de\/wp-content\/uploads\/2025\/06\/nun-ohne-Bremstrommel-1536x1536.jpg 1536w, https:\/\/neuekarawane.de\/wp-content\/uploads\/2025\/06\/nun-ohne-Bremstrommel-2048x2048.jpg 2048w, https:\/\/neuekarawane.de\/wp-content\/uploads\/2025\/06\/nun-ohne-Bremstrommel-12x12.jpg 12w\" sizes=\"(max-width: 300px) 100vw, 300px\" \/><\/a>\n\t\t\t<\/div>\n\t\t\t\t<figcaption class='wp-caption-text gallery-caption' id='gallery-3-5636'>\n\t\t\t\tnun ohne Bremstrommel\n\t\t\t\t<\/figcaption><\/figure><figure class='gallery-item'>\n\t\t\t<div class='gallery-icon landscape'>\n\t\t\t\t<a data-elementor-open-lightbox=\"yes\" data-elementor-lightbox-slideshow=\"826a552\" data-elementor-lightbox-title=\"an allem etwas werkeln\" data-e-action-hash=\"#elementor-action%3Aaction%3Dlightbox%26settings%3DeyJpZCI6NTYzOCwidXJsIjoiaHR0cHM6XC9cL25ldWVrYXJhd2FuZS5kZVwvd3AtY29udGVudFwvdXBsb2Fkc1wvMjAyNVwvMDZcL2FuLWFsbGVtLWV0d2FzLXdlcmtlbG4tc2NhbGVkLmpwZyIsInNsaWRlc2hvdyI6IjgyNmE1NTIifQ%3D%3D\" href='https:\/\/neuekarawane.de\/wp-content\/uploads\/2025\/06\/an-allem-etwas-werkeln-scaled.jpg'><img loading=\"lazy\" decoding=\"async\" width=\"300\" height=\"300\" src=\"https:\/\/neuekarawane.de\/wp-content\/uploads\/2025\/06\/an-allem-etwas-werkeln-300x300.jpg\" class=\"attachment-medium size-medium\" alt=\"an allem etwas werkeln\" aria-describedby=\"gallery-3-5638\" srcset=\"https:\/\/neuekarawane.de\/wp-content\/uploads\/2025\/06\/an-allem-etwas-werkeln-300x300.jpg 300w, https:\/\/neuekarawane.de\/wp-content\/uploads\/2025\/06\/an-allem-etwas-werkeln-1024x1024.jpg 1024w, https:\/\/neuekarawane.de\/wp-content\/uploads\/2025\/06\/an-allem-etwas-werkeln-150x150.jpg 150w, https:\/\/neuekarawane.de\/wp-content\/uploads\/2025\/06\/an-allem-etwas-werkeln-768x768.jpg 768w, https:\/\/neuekarawane.de\/wp-content\/uploads\/2025\/06\/an-allem-etwas-werkeln-1536x1536.jpg 1536w, https:\/\/neuekarawane.de\/wp-content\/uploads\/2025\/06\/an-allem-etwas-werkeln-2048x2048.jpg 2048w, https:\/\/neuekarawane.de\/wp-content\/uploads\/2025\/06\/an-allem-etwas-werkeln-12x12.jpg 12w\" sizes=\"(max-width: 300px) 100vw, 300px\" \/><\/a>\n\t\t\t<\/div>\n\t\t\t\t<figcaption class='wp-caption-text gallery-caption' id='gallery-3-5638'>\n\t\t\t\tan allem etwas werkeln\n\t\t\t\t<\/figcaption><\/figure><figure class='gallery-item'>\n\t\t\t<div class='gallery-icon landscape'>\n\t\t\t\t<a data-elementor-open-lightbox=\"yes\" data-elementor-lightbox-slideshow=\"826a552\" data-elementor-lightbox-title=\"und die Bremstrommel wieder dran\" data-e-action-hash=\"#elementor-action%3Aaction%3Dlightbox%26settings%3DeyJpZCI6NTYzNywidXJsIjoiaHR0cHM6XC9cL25ldWVrYXJhd2FuZS5kZVwvd3AtY29udGVudFwvdXBsb2Fkc1wvMjAyNVwvMDZcL3VuZC1kaWUtQnJlbXN0cm9tbWVsLXdpZWRlci1kcmFuLXNjYWxlZC5qcGciLCJzbGlkZXNob3ciOiI4MjZhNTUyIn0%3D\" href='https:\/\/neuekarawane.de\/wp-content\/uploads\/2025\/06\/und-die-Bremstrommel-wieder-dran-scaled.jpg'><img loading=\"lazy\" decoding=\"async\" width=\"300\" height=\"300\" src=\"https:\/\/neuekarawane.de\/wp-content\/uploads\/2025\/06\/und-die-Bremstrommel-wieder-dran-300x300.jpg\" class=\"attachment-medium size-medium\" alt=\"und die Bremstrommel wieder dran\" aria-describedby=\"gallery-3-5637\" srcset=\"https:\/\/neuekarawane.de\/wp-content\/uploads\/2025\/06\/und-die-Bremstrommel-wieder-dran-300x300.jpg 300w, https:\/\/neuekarawane.de\/wp-content\/uploads\/2025\/06\/und-die-Bremstrommel-wieder-dran-1024x1024.jpg 1024w, https:\/\/neuekarawane.de\/wp-content\/uploads\/2025\/06\/und-die-Bremstrommel-wieder-dran-150x150.jpg 150w, https:\/\/neuekarawane.de\/wp-content\/uploads\/2025\/06\/und-die-Bremstrommel-wieder-dran-768x768.jpg 768w, https:\/\/neuekarawane.de\/wp-content\/uploads\/2025\/06\/und-die-Bremstrommel-wieder-dran-1536x1536.jpg 1536w, https:\/\/neuekarawane.de\/wp-content\/uploads\/2025\/06\/und-die-Bremstrommel-wieder-dran-2048x2048.jpg 2048w, https:\/\/neuekarawane.de\/wp-content\/uploads\/2025\/06\/und-die-Bremstrommel-wieder-dran-12x12.jpg 12w\" sizes=\"(max-width: 300px) 100vw, 300px\" \/><\/a>\n\t\t\t<\/div>\n\t\t\t\t<figcaption class='wp-caption-text gallery-caption' id='gallery-3-5637'>\n\t\t\t\tund die Bremstrommel wieder dran\n\t\t\t\t<\/figcaption><\/figure>\n\t\t<\/div>\n\t\t<\/div>\n\t\t\t\t\t\t<\/div>\n\t\t\t\t<\/div>\n\t\t\t\t<div class=\"elementor-element elementor-element-1d220ff elementor-widget elementor-widget-image-gallery\" data-id=\"1d220ff\" data-element_type=\"widget\" data-e-type=\"widget\" data-widget_type=\"image-gallery.default\">\n\t\t\t\t<div class=\"elementor-widget-container\">\n\t\t\t\t\t\t\t<div class=\"elementor-image-gallery\">\n\t\t\t<div id='gallery-4' class='gallery galleryid-5628 gallery-columns-4 gallery-size-medium'><figure class='gallery-item'>\n\t\t\t<div class='gallery-icon landscape'>\n\t\t\t\t<a data-elementor-open-lightbox=\"yes\" data-elementor-lightbox-slideshow=\"1d220ff\" data-elementor-lightbox-title=\"schlie\u00dflich die Spur einlasern\" data-e-action-hash=\"#elementor-action%3Aaction%3Dlightbox%26settings%3DeyJpZCI6NTYzNSwidXJsIjoiaHR0cHM6XC9cL25ldWVrYXJhd2FuZS5kZVwvd3AtY29udGVudFwvdXBsb2Fkc1wvMjAyNVwvMDZcL3NjaGxpZXNzbGljaC1kaWUtU3B1ci1laW5sYXNlcm4tc2NhbGVkLmpwZyIsInNsaWRlc2hvdyI6IjFkMjIwZmYifQ%3D%3D\" href='https:\/\/neuekarawane.de\/wp-content\/uploads\/2025\/06\/schliesslich-die-Spur-einlasern-scaled.jpg'><img loading=\"lazy\" decoding=\"async\" width=\"300\" height=\"300\" src=\"https:\/\/neuekarawane.de\/wp-content\/uploads\/2025\/06\/schliesslich-die-Spur-einlasern-300x300.jpg\" class=\"attachment-medium size-medium\" alt=\"schlie\u00dflich die Spur einlasern\" aria-describedby=\"gallery-4-5635\" srcset=\"https:\/\/neuekarawane.de\/wp-content\/uploads\/2025\/06\/schliesslich-die-Spur-einlasern-300x300.jpg 300w, https:\/\/neuekarawane.de\/wp-content\/uploads\/2025\/06\/schliesslich-die-Spur-einlasern-1024x1024.jpg 1024w, https:\/\/neuekarawane.de\/wp-content\/uploads\/2025\/06\/schliesslich-die-Spur-einlasern-150x150.jpg 150w, https:\/\/neuekarawane.de\/wp-content\/uploads\/2025\/06\/schliesslich-die-Spur-einlasern-768x768.jpg 768w, https:\/\/neuekarawane.de\/wp-content\/uploads\/2025\/06\/schliesslich-die-Spur-einlasern-1536x1536.jpg 1536w, https:\/\/neuekarawane.de\/wp-content\/uploads\/2025\/06\/schliesslich-die-Spur-einlasern-2048x2048.jpg 2048w, https:\/\/neuekarawane.de\/wp-content\/uploads\/2025\/06\/schliesslich-die-Spur-einlasern-12x12.jpg 12w\" sizes=\"(max-width: 300px) 100vw, 300px\" \/><\/a>\n\t\t\t<\/div>\n\t\t\t\t<figcaption class='wp-caption-text gallery-caption' id='gallery-4-5635'>\n\t\t\t\tschlie\u00dflich die Spur einlasern\n\t\t\t\t<\/figcaption><\/figure><figure class='gallery-item'>\n\t\t\t<div class='gallery-icon landscape'>\n\t\t\t\t<a data-elementor-open-lightbox=\"yes\" data-elementor-lightbox-slideshow=\"1d220ff\" data-elementor-lightbox-title=\"beim Kaffee\" data-e-action-hash=\"#elementor-action%3Aaction%3Dlightbox%26settings%3DeyJpZCI6NTYzMywidXJsIjoiaHR0cHM6XC9cL25ldWVrYXJhd2FuZS5kZVwvd3AtY29udGVudFwvdXBsb2Fkc1wvMjAyNVwvMDZcL2JlaW0tS2FmZmVlLmpwZyIsInNsaWRlc2hvdyI6IjFkMjIwZmYifQ%3D%3D\" href='https:\/\/neuekarawane.de\/wp-content\/uploads\/2025\/06\/beim-Kaffee.jpg'><img loading=\"lazy\" decoding=\"async\" width=\"300\" height=\"226\" src=\"https:\/\/neuekarawane.de\/wp-content\/uploads\/2025\/06\/beim-Kaffee-300x226.jpg\" class=\"attachment-medium size-medium\" alt=\"\" aria-describedby=\"gallery-4-5633\" srcset=\"https:\/\/neuekarawane.de\/wp-content\/uploads\/2025\/06\/beim-Kaffee-300x226.jpg 300w, https:\/\/neuekarawane.de\/wp-content\/uploads\/2025\/06\/beim-Kaffee-1024x771.jpg 1024w, https:\/\/neuekarawane.de\/wp-content\/uploads\/2025\/06\/beim-Kaffee-768x578.jpg 768w, https:\/\/neuekarawane.de\/wp-content\/uploads\/2025\/06\/beim-Kaffee-16x12.jpg 16w, https:\/\/neuekarawane.de\/wp-content\/uploads\/2025\/06\/beim-Kaffee.jpg 1280w\" sizes=\"(max-width: 300px) 100vw, 300px\" \/><\/a>\n\t\t\t<\/div>\n\t\t\t\t<figcaption class='wp-caption-text gallery-caption' id='gallery-4-5633'>\n\t\t\t\tKaffeepause\n\t\t\t\t<\/figcaption><\/figure><figure class='gallery-item'>\n\t\t\t<div class='gallery-icon landscape'>\n\t\t\t\t<a data-elementor-open-lightbox=\"yes\" data-elementor-lightbox-slideshow=\"1d220ff\" data-elementor-lightbox-title=\"seinen Namen habe ich leider vergessen\" data-e-action-hash=\"#elementor-action%3Aaction%3Dlightbox%26settings%3DeyJpZCI6NTYzMiwidXJsIjoiaHR0cHM6XC9cL25ldWVrYXJhd2FuZS5kZVwvd3AtY29udGVudFwvdXBsb2Fkc1wvMjAyNVwvMDZcL3NlaW5lbi1OYW1lbi1oYWJlLWljaC1sZWlkZXItdmVyZ2Vzc2VuLmpwZyIsInNsaWRlc2hvdyI6IjFkMjIwZmYifQ%3D%3D\" href='https:\/\/neuekarawane.de\/wp-content\/uploads\/2025\/06\/seinen-Namen-habe-ich-leider-vergessen.jpg'><img loading=\"lazy\" decoding=\"async\" width=\"300\" height=\"226\" src=\"https:\/\/neuekarawane.de\/wp-content\/uploads\/2025\/06\/seinen-Namen-habe-ich-leider-vergessen-300x226.jpg\" class=\"attachment-medium size-medium\" alt=\"\" aria-describedby=\"gallery-4-5632\" srcset=\"https:\/\/neuekarawane.de\/wp-content\/uploads\/2025\/06\/seinen-Namen-habe-ich-leider-vergessen-300x226.jpg 300w, https:\/\/neuekarawane.de\/wp-content\/uploads\/2025\/06\/seinen-Namen-habe-ich-leider-vergessen-1024x771.jpg 1024w, https:\/\/neuekarawane.de\/wp-content\/uploads\/2025\/06\/seinen-Namen-habe-ich-leider-vergessen-768x578.jpg 768w, https:\/\/neuekarawane.de\/wp-content\/uploads\/2025\/06\/seinen-Namen-habe-ich-leider-vergessen-16x12.jpg 16w, https:\/\/neuekarawane.de\/wp-content\/uploads\/2025\/06\/seinen-Namen-habe-ich-leider-vergessen.jpg 1280w\" sizes=\"(max-width: 300px) 100vw, 300px\" \/><\/a>\n\t\t\t<\/div>\n\t\t\t\t<figcaption class='wp-caption-text gallery-caption' id='gallery-4-5632'>\n\t\t\t\tSchubstangenkopf ist neu\n\t\t\t\t<\/figcaption><\/figure><figure class='gallery-item'>\n\t\t\t<div class='gallery-icon portrait'>\n\t\t\t\t<a data-elementor-open-lightbox=\"yes\" data-elementor-lightbox-slideshow=\"1d220ff\" data-elementor-lightbox-title=\"Ein Blick aus unserer Wohnung\" data-e-action-hash=\"#elementor-action%3Aaction%3Dlightbox%26settings%3DeyJpZCI6NTY0MiwidXJsIjoiaHR0cHM6XC9cL25ldWVrYXJhd2FuZS5kZVwvd3AtY29udGVudFwvdXBsb2Fkc1wvMjAyNVwvMDZcL0Vpbi1CbGljay1hdXMtdW5zZXJlci1Xb2hudW5nLmpwZyIsInNsaWRlc2hvdyI6IjFkMjIwZmYifQ%3D%3D\" href='https:\/\/neuekarawane.de\/wp-content\/uploads\/2025\/06\/Ein-Blick-aus-unserer-Wohnung.jpg'><img loading=\"lazy\" decoding=\"async\" width=\"226\" height=\"300\" src=\"https:\/\/neuekarawane.de\/wp-content\/uploads\/2025\/06\/Ein-Blick-aus-unserer-Wohnung-226x300.jpg\" class=\"attachment-medium size-medium\" alt=\"Ein Blick aus unserer Wohnung\" aria-describedby=\"gallery-4-5642\" srcset=\"https:\/\/neuekarawane.de\/wp-content\/uploads\/2025\/06\/Ein-Blick-aus-unserer-Wohnung-226x300.jpg 226w, https:\/\/neuekarawane.de\/wp-content\/uploads\/2025\/06\/Ein-Blick-aus-unserer-Wohnung-771x1024.jpg 771w, https:\/\/neuekarawane.de\/wp-content\/uploads\/2025\/06\/Ein-Blick-aus-unserer-Wohnung-768x1020.jpg 768w, https:\/\/neuekarawane.de\/wp-content\/uploads\/2025\/06\/Ein-Blick-aus-unserer-Wohnung-9x12.jpg 9w, https:\/\/neuekarawane.de\/wp-content\/uploads\/2025\/06\/Ein-Blick-aus-unserer-Wohnung.jpg 964w\" sizes=\"(max-width: 226px) 100vw, 226px\" \/><\/a>\n\t\t\t<\/div>\n\t\t\t\t<figcaption class='wp-caption-text gallery-caption' id='gallery-4-5642'>\n\t\t\t\tEin Blick aus unserer Wohnung\n\t\t\t\t<\/figcaption><\/figure>\n\t\t<\/div>\n\t\t<\/div>\n\t\t\t\t\t\t<\/div>\n\t\t\t\t<\/div>\n\t\t\t\t<div class=\"elementor-element elementor-element-276668a elementor-widget elementor-widget-text-editor\" data-id=\"276668a\" data-element_type=\"widget\" data-e-type=\"widget\" data-widget_type=\"text-editor.default\">\n\t\t\t\t<div class=\"elementor-widget-container\">\n\t\t\t\t\t\t\t\t\t<p>Alles in Allem kostete es um die 450 Euro (umgerechnet) und seit her bremst sich Lucie wieder richtig gut. Ein paar Abschiedsfotos mit dem Monteur und weil das Wetter sehr freundlich wurde, konnten wir die n\u00e4chste Etappe Wolgograd wieder auf meinem &#8222;alten&#8220; Fleck am Wyssotzki- Ufer an der Wolga verbringen.<\/p>\t\t\t\t\t\t\t\t<\/div>\n\t\t\t\t<\/div>\n\t\t\t\t<div class=\"elementor-element elementor-element-ec86e61 elementor-widget elementor-widget-image-gallery\" data-id=\"ec86e61\" data-element_type=\"widget\" data-e-type=\"widget\" data-widget_type=\"image-gallery.default\">\n\t\t\t\t<div class=\"elementor-widget-container\">\n\t\t\t\t\t\t\t<div class=\"elementor-image-gallery\">\n\t\t\t<div id='gallery-5' class='gallery galleryid-5628 gallery-columns-2 gallery-size-medium'><figure class='gallery-item'>\n\t\t\t<div class='gallery-icon landscape'>\n\t\t\t\t<a data-elementor-open-lightbox=\"yes\" data-elementor-lightbox-slideshow=\"ec86e61\" data-elementor-lightbox-title=\"Abschiedsfoto\" data-e-action-hash=\"#elementor-action%3Aaction%3Dlightbox%26settings%3DeyJpZCI6NTYzMSwidXJsIjoiaHR0cHM6XC9cL25ldWVrYXJhd2FuZS5kZVwvd3AtY29udGVudFwvdXBsb2Fkc1wvMjAyNVwvMDZcL0Fic2NoaWVkc2ZvdG8uanBnIiwic2xpZGVzaG93IjoiZWM4NmU2MSJ9\" href='https:\/\/neuekarawane.de\/wp-content\/uploads\/2025\/06\/Abschiedsfoto.jpg'><img loading=\"lazy\" decoding=\"async\" width=\"300\" height=\"225\" src=\"https:\/\/neuekarawane.de\/wp-content\/uploads\/2025\/06\/Abschiedsfoto-300x225.jpg\" class=\"attachment-medium size-medium\" alt=\"\" aria-describedby=\"gallery-5-5631\" srcset=\"https:\/\/neuekarawane.de\/wp-content\/uploads\/2025\/06\/Abschiedsfoto-300x225.jpg 300w, https:\/\/neuekarawane.de\/wp-content\/uploads\/2025\/06\/Abschiedsfoto-1024x768.jpg 1024w, https:\/\/neuekarawane.de\/wp-content\/uploads\/2025\/06\/Abschiedsfoto-768x576.jpg 768w, https:\/\/neuekarawane.de\/wp-content\/uploads\/2025\/06\/Abschiedsfoto-16x12.jpg 16w, https:\/\/neuekarawane.de\/wp-content\/uploads\/2025\/06\/Abschiedsfoto.jpg 1280w\" sizes=\"(max-width: 300px) 100vw, 300px\" \/><\/a>\n\t\t\t<\/div>\n\t\t\t\t<figcaption class='wp-caption-text gallery-caption' id='gallery-5-5631'>\n\t\t\t\tAbschiedsfoto am Abend\n\t\t\t\t<\/figcaption><\/figure><figure class='gallery-item'>\n\t\t\t<div class='gallery-icon portrait'>\n\t\t\t\t<a data-elementor-open-lightbox=\"yes\" data-elementor-lightbox-slideshow=\"ec86e61\" data-elementor-lightbox-title=\"ein letzter Blick zur\u00fcck\" data-e-action-hash=\"#elementor-action%3Aaction%3Dlightbox%26settings%3DeyJpZCI6NTYzMCwidXJsIjoiaHR0cHM6XC9cL25ldWVrYXJhd2FuZS5kZVwvd3AtY29udGVudFwvdXBsb2Fkc1wvMjAyNVwvMDZcL2Vpbi1sZXR6dGVyLUJsaWNrLXp1cnVlY2suanBnIiwic2xpZGVzaG93IjoiZWM4NmU2MSJ9\" href='https:\/\/neuekarawane.de\/wp-content\/uploads\/2025\/06\/ein-letzter-Blick-zurueck.jpg'><img loading=\"lazy\" decoding=\"async\" width=\"226\" height=\"300\" src=\"https:\/\/neuekarawane.de\/wp-content\/uploads\/2025\/06\/ein-letzter-Blick-zurueck-226x300.jpg\" class=\"attachment-medium size-medium\" alt=\"ein letzter Blick zur\u00fcck\" aria-describedby=\"gallery-5-5630\" srcset=\"https:\/\/neuekarawane.de\/wp-content\/uploads\/2025\/06\/ein-letzter-Blick-zurueck-226x300.jpg 226w, https:\/\/neuekarawane.de\/wp-content\/uploads\/2025\/06\/ein-letzter-Blick-zurueck-771x1024.jpg 771w, https:\/\/neuekarawane.de\/wp-content\/uploads\/2025\/06\/ein-letzter-Blick-zurueck-768x1020.jpg 768w, https:\/\/neuekarawane.de\/wp-content\/uploads\/2025\/06\/ein-letzter-Blick-zurueck-9x12.jpg 9w, https:\/\/neuekarawane.de\/wp-content\/uploads\/2025\/06\/ein-letzter-Blick-zurueck.jpg 964w\" sizes=\"(max-width: 226px) 100vw, 226px\" \/><\/a>\n\t\t\t<\/div>\n\t\t\t\t<figcaption class='wp-caption-text gallery-caption' id='gallery-5-5630'>\n\t\t\t\tein letzter Blick zur\u00fcck\n\t\t\t\t<\/figcaption><\/figure>\n\t\t<\/div>\n\t\t<\/div>\n\t\t\t\t\t\t<\/div>\n\t\t\t\t<\/div>\n\t\t\t\t\t<\/div>\n\t\t<\/div>\n\t\t\t\t\t<\/div>\n\t\t<\/section>\n\t\t\t\t<\/div>\n\t\t","protected":false},"excerpt":{"rendered":"<p>Wowa und Dima unsere Werkstattfreunde sind auf Klimaanlagen und K\u00fchlanlagen in Lkw spezialisiert. Sie empfahlen uns eine Lkw-Profiwerkstatt 40 km weit weg, die wussten von ihnen schon, dass wir kommen werden und was wir ungef\u00e4hr wollten. Lucie aufgebockt erst die Vorderr\u00e4der. erst die Vorderr\u00e4der nun ohne Bremstrommel Sie begutachteten den Gesundheitszustand von Lucie und entschieden: Neue Bremsbel\u00e4ge, neue Spurstangenk\u00f6pfe, einen neuen Schubspangenkopf und Spur einstellen, Abschmieren des Fahrgestells und \u00d6l auff\u00fcllen. der Bremskolben gefiel ihnen nicht richtig Bremstrommel wieder anbauen und so ist wieder alles gut Spustangenkopf Das Ganze besch\u00e4ftigte uns dann 5 Tage, weil auf neue Ersatzteile musste gewartet werden, das waren aber erst mal die Falschen, also noch ein Tag warten, 2 Tage f\u00fcr den Einbau usw. Lucie musste aufgebockt werden und das nat\u00fcrlich in der Werkstatthalle. Da wir ja in Lucie wohnen und schlafen mussten, durften wir in der in der Halle auch \u00fcbernachten. das Gleiche mit den Hinterr\u00e4dern nun ohne Bremstrommel an allem etwas werkeln und die Bremstrommel wieder dran schlie\u00dflich die Spur einlasern Kaffeepause Schubstangenkopf ist neu Ein Blick aus unserer Wohnung Alles in Allem kostete es um die 450 Euro (umgerechnet) und seit her bremst sich Lucie wieder richtig gut. Ein paar Abschiedsfotos mit dem Monteur und weil das Wetter sehr freundlich wurde, konnten wir die n\u00e4chste Etappe Wolgograd wieder auf meinem &#8222;alten&#8220; Fleck am Wyssotzki- Ufer an der Wolga verbringen. Abschiedsfoto am Abend ein letzter Blick zur\u00fcck<\/p>\n","protected":false},"author":1,"featured_media":0,"comment_status":"open","ping_status":"open","sticky":false,"template":"","format":"standard","meta":{"footnotes":""},"categories":[1],"tags":[],"class_list":["post-5628","post","type-post","status-publish","format-standard","hentry","category-allgemein"],"_links":{"self":[{"href":"https:\/\/neuekarawane.de\/de_de\/wp-json\/wp\/v2\/posts\/5628","targetHints":{"allow":["GET"]}}],"collection":[{"href":"https:\/\/neuekarawane.de\/de_de\/wp-json\/wp\/v2\/posts"}],"about":[{"href":"https:\/\/neuekarawane.de\/de_de\/wp-json\/wp\/v2\/types\/post"}],"author":[{"embeddable":true,"href":"https:\/\/neuekarawane.de\/de_de\/wp-json\/wp\/v2\/users\/1"}],"replies":[{"embeddable":true,"href":"https:\/\/neuekarawane.de\/de_de\/wp-json\/wp\/v2\/comments?post=5628"}],"version-history":[{"count":10,"href":"https:\/\/neuekarawane.de\/de_de\/wp-json\/wp\/v2\/posts\/5628\/revisions"}],"predecessor-version":[{"id":5658,"href":"https:\/\/neuekarawane.de\/de_de\/wp-json\/wp\/v2\/posts\/5628\/revisions\/5658"}],"wp:attachment":[{"href":"https:\/\/neuekarawane.de\/de_de\/wp-json\/wp\/v2\/media?parent=5628"}],"wp:term":[{"taxonomy":"category","embeddable":true,"href":"https:\/\/neuekarawane.de\/de_de\/wp-json\/wp\/v2\/categories?post=5628"},{"taxonomy":"post_tag","embeddable":true,"href":"https:\/\/neuekarawane.de\/de_de\/wp-json\/wp\/v2\/tags?post=5628"}],"curies":[{"name":"wp","href":"https:\/\/api.w.org\/{rel}","templated":true}]}}