{"id":5428,"date":"2025-03-07T17:35:49","date_gmt":"2025-03-07T16:35:49","guid":{"rendered":"https:\/\/neuekarawane.de\/?p=5428"},"modified":"2025-03-11T17:37:43","modified_gmt":"2025-03-11T16:37:43","slug":"frauentagskonzert","status":"publish","type":"post","link":"https:\/\/neuekarawane.de\/de_de\/2025\/03\/07\/frauentagskonzert\/","title":{"rendered":"Frauentagskonzert"},"content":{"rendered":"\t\t<div data-elementor-type=\"wp-post\" data-elementor-id=\"5428\" class=\"elementor elementor-5428\">\n\t\t\t\t\t\t<section class=\"elementor-section elementor-top-section elementor-element elementor-element-efc8e10 elementor-section-boxed elementor-section-height-default elementor-section-height-default wpr-particle-no wpr-jarallax-no wpr-parallax-no wpr-sticky-section-no wpr-equal-height-no\" data-id=\"efc8e10\" data-element_type=\"section\" data-e-type=\"section\">\n\t\t\t\t\t\t<div class=\"elementor-container elementor-column-gap-default\">\n\t\t\t\t\t<div class=\"elementor-column elementor-col-100 elementor-top-column elementor-element elementor-element-51604a9\" data-id=\"51604a9\" data-element_type=\"column\" data-e-type=\"column\">\n\t\t\t<div class=\"elementor-widget-wrap elementor-element-populated\">\n\t\t\t\t\t\t<div class=\"elementor-element elementor-element-0b852c9 elementor-widget elementor-widget-image-gallery\" data-id=\"0b852c9\" data-element_type=\"widget\" data-e-type=\"widget\" data-widget_type=\"image-gallery.default\">\n\t\t\t\t<div class=\"elementor-widget-container\">\n\t\t\t\t\t\t\t<div class=\"elementor-image-gallery\">\n\t\t\t<div id='gallery-1' class='gallery galleryid-5428 gallery-columns-3 gallery-size-medium'><figure class='gallery-item'>\n\t\t\t<div class='gallery-icon portrait'>\n\t\t\t\t<a data-elementor-open-lightbox=\"yes\" data-elementor-lightbox-slideshow=\"0b852c9\" data-elementor-lightbox-title=\"Konzert zum Frauentag\" data-elementor-lightbox-description=\"Konzert zum Frauentag\" data-e-action-hash=\"#elementor-action%3Aaction%3Dlightbox%26settings%3DeyJpZCI6NTQzMiwidXJsIjoiaHR0cHM6XC9cL25ldWVrYXJhd2FuZS5kZVwvd3AtY29udGVudFwvdXBsb2Fkc1wvMjAyNVwvMDNcL0tvbnplcnQtenVtLUZyYXVlbnRhZy5qcGciLCJzbGlkZXNob3ciOiIwYjg1MmM5In0%3D\" href='https:\/\/neuekarawane.de\/wp-content\/uploads\/2025\/03\/Konzert-zum-Frauentag.jpg'><img fetchpriority=\"high\" decoding=\"async\" width=\"226\" height=\"300\" src=\"https:\/\/neuekarawane.de\/wp-content\/uploads\/2025\/03\/Konzert-zum-Frauentag-226x300.jpg\" class=\"attachment-medium size-medium\" alt=\"\" aria-describedby=\"gallery-1-5432\" srcset=\"https:\/\/neuekarawane.de\/wp-content\/uploads\/2025\/03\/Konzert-zum-Frauentag-226x300.jpg 226w, https:\/\/neuekarawane.de\/wp-content\/uploads\/2025\/03\/Konzert-zum-Frauentag-771x1024.jpg 771w, https:\/\/neuekarawane.de\/wp-content\/uploads\/2025\/03\/Konzert-zum-Frauentag-768x1020.jpg 768w, https:\/\/neuekarawane.de\/wp-content\/uploads\/2025\/03\/Konzert-zum-Frauentag-9x12.jpg 9w, https:\/\/neuekarawane.de\/wp-content\/uploads\/2025\/03\/Konzert-zum-Frauentag.jpg 964w\" sizes=\"(max-width: 226px) 100vw, 226px\" \/><\/a>\n\t\t\t<\/div>\n\t\t\t\t<figcaption class='wp-caption-text gallery-caption' id='gallery-1-5432'>\n\t\t\t\tKonzert zum Frauentag\n\t\t\t\t<\/figcaption><\/figure><figure class='gallery-item'>\n\t\t\t<div class='gallery-icon portrait'>\n\t\t\t\t<a data-elementor-open-lightbox=\"yes\" data-elementor-lightbox-slideshow=\"0b852c9\" data-elementor-lightbox-title=\"auf dem Freiheisplatz\" data-elementor-lightbox-description=\"auf dem Freiheisplatz\" data-e-action-hash=\"#elementor-action%3Aaction%3Dlightbox%26settings%3DeyJpZCI6NTQzMSwidXJsIjoiaHR0cHM6XC9cL25ldWVrYXJhd2FuZS5kZVwvd3AtY29udGVudFwvdXBsb2Fkc1wvMjAyNVwvMDNcL2F1Zi1kZW0tRnJlaWhlaXNwbGF0ei5qcGciLCJzbGlkZXNob3ciOiIwYjg1MmM5In0%3D\" href='https:\/\/neuekarawane.de\/wp-content\/uploads\/2025\/03\/auf-dem-Freiheisplatz.jpg'><img decoding=\"async\" width=\"226\" height=\"300\" src=\"https:\/\/neuekarawane.de\/wp-content\/uploads\/2025\/03\/auf-dem-Freiheisplatz-226x300.jpg\" class=\"attachment-medium size-medium\" alt=\"\" aria-describedby=\"gallery-1-5431\" srcset=\"https:\/\/neuekarawane.de\/wp-content\/uploads\/2025\/03\/auf-dem-Freiheisplatz-226x300.jpg 226w, https:\/\/neuekarawane.de\/wp-content\/uploads\/2025\/03\/auf-dem-Freiheisplatz-771x1024.jpg 771w, https:\/\/neuekarawane.de\/wp-content\/uploads\/2025\/03\/auf-dem-Freiheisplatz-768x1020.jpg 768w, https:\/\/neuekarawane.de\/wp-content\/uploads\/2025\/03\/auf-dem-Freiheisplatz-9x12.jpg 9w, https:\/\/neuekarawane.de\/wp-content\/uploads\/2025\/03\/auf-dem-Freiheisplatz.jpg 964w\" sizes=\"(max-width: 226px) 100vw, 226px\" \/><\/a>\n\t\t\t<\/div>\n\t\t\t\t<figcaption class='wp-caption-text gallery-caption' id='gallery-1-5431'>\n\t\t\t\tauf dem Freiheisplatz\n\t\t\t\t<\/figcaption><\/figure><figure class='gallery-item'>\n\t\t\t<div class='gallery-icon portrait'>\n\t\t\t\t<a data-elementor-open-lightbox=\"yes\" data-elementor-lightbox-slideshow=\"0b852c9\" data-elementor-lightbox-title=\"mit B\u00fcrgermeister und Regierungspr\u00e4sident\" data-elementor-lightbox-description=\"mit B\u00fcrgermeister und Regierungspr\u00e4sident\" data-e-action-hash=\"#elementor-action%3Aaction%3Dlightbox%26settings%3DeyJpZCI6NTQzMCwidXJsIjoiaHR0cHM6XC9cL25ldWVrYXJhd2FuZS5kZVwvd3AtY29udGVudFwvdXBsb2Fkc1wvMjAyNVwvMDNcL21pdC1CdWVyZ2VybWVpc3Rlci11bmQtUmVnaWVydW5nc3ByYWVzaWRlbnQuanBnIiwic2xpZGVzaG93IjoiMGI4NTJjOSJ9\" href='https:\/\/neuekarawane.de\/wp-content\/uploads\/2025\/03\/mit-Buergermeister-und-Regierungspraesident.jpg'><img decoding=\"async\" width=\"226\" height=\"300\" src=\"https:\/\/neuekarawane.de\/wp-content\/uploads\/2025\/03\/mit-Buergermeister-und-Regierungspraesident-226x300.jpg\" class=\"attachment-medium size-medium\" alt=\"mit B\u00fcrgermeister und Regierungspr\u00e4sident\" aria-describedby=\"gallery-1-5430\" srcset=\"https:\/\/neuekarawane.de\/wp-content\/uploads\/2025\/03\/mit-Buergermeister-und-Regierungspraesident-226x300.jpg 226w, https:\/\/neuekarawane.de\/wp-content\/uploads\/2025\/03\/mit-Buergermeister-und-Regierungspraesident-771x1024.jpg 771w, https:\/\/neuekarawane.de\/wp-content\/uploads\/2025\/03\/mit-Buergermeister-und-Regierungspraesident-768x1020.jpg 768w, https:\/\/neuekarawane.de\/wp-content\/uploads\/2025\/03\/mit-Buergermeister-und-Regierungspraesident-9x12.jpg 9w, https:\/\/neuekarawane.de\/wp-content\/uploads\/2025\/03\/mit-Buergermeister-und-Regierungspraesident.jpg 964w\" sizes=\"(max-width: 226px) 100vw, 226px\" \/><\/a>\n\t\t\t<\/div>\n\t\t\t\t<figcaption class='wp-caption-text gallery-caption' id='gallery-1-5430'>\n\t\t\t\tmit B\u00fcrgermeister und Regierungspr\u00e4sident\n\t\t\t\t<\/figcaption><\/figure>\n\t\t<\/div>\n\t\t<\/div>\n\t\t\t\t\t\t<\/div>\n\t\t\t\t<\/div>\n\t\t\t\t<div class=\"elementor-element elementor-element-ef1e3e4 elementor-widget elementor-widget-text-editor\" data-id=\"ef1e3e4\" data-element_type=\"widget\" data-e-type=\"widget\" data-widget_type=\"text-editor.default\">\n\t\t\t\t<div class=\"elementor-widget-container\">\n\t\t\t\t\t\t\t\t\t<p>Der Frauentag ist in Abchasien, wie in Russland ein besonderer Feiertag. Da er in diesem Jahr auf einen Samstag f\u00e4llt, der ja im allgemeinen arbeitsfrei ist, wird damit automatisch der folgende Montag ein arbeitsfreier Tag. Im Vorfeld sind viele Veranstaltungen und heute am 7.M\u00e4rz gibt es ein gro\u00dfes Estradenkonzert auf dem zentralen Platz in Suchumi, dem Freiheitsplatz.<\/p>\t\t\t\t\t\t\t\t<\/div>\n\t\t\t\t<\/div>\n\t\t\t\t<div class=\"elementor-element elementor-element-09270e5 elementor-widget elementor-widget-image-gallery\" data-id=\"09270e5\" data-element_type=\"widget\" data-e-type=\"widget\" data-widget_type=\"image-gallery.default\">\n\t\t\t\t<div class=\"elementor-widget-container\">\n\t\t\t\t\t\t\t<div class=\"elementor-image-gallery\">\n\t\t\t<div id='gallery-2' class='gallery galleryid-5428 gallery-columns-3 gallery-size-medium'><figure class='gallery-item'>\n\t\t\t<div class='gallery-icon portrait'>\n\t\t\t\t<a data-elementor-open-lightbox=\"yes\" data-elementor-lightbox-slideshow=\"09270e5\" data-elementor-lightbox-title=\"und wir mittendrin\" data-elementor-lightbox-description=\"und wir mittendrin\" data-e-action-hash=\"#elementor-action%3Aaction%3Dlightbox%26settings%3DeyJpZCI6NTQzNCwidXJsIjoiaHR0cHM6XC9cL25ldWVrYXJhd2FuZS5kZVwvd3AtY29udGVudFwvdXBsb2Fkc1wvMjAyNVwvMDNcL3VuZC13aXItbWl0dGVuZHJpbi5qcGciLCJzbGlkZXNob3ciOiIwOTI3MGU1In0%3D\" href='https:\/\/neuekarawane.de\/wp-content\/uploads\/2025\/03\/und-wir-mittendrin.jpg'><img loading=\"lazy\" decoding=\"async\" width=\"226\" height=\"300\" src=\"https:\/\/neuekarawane.de\/wp-content\/uploads\/2025\/03\/und-wir-mittendrin-226x300.jpg\" class=\"attachment-medium size-medium\" alt=\"und wir mittendrin\" aria-describedby=\"gallery-2-5434\" srcset=\"https:\/\/neuekarawane.de\/wp-content\/uploads\/2025\/03\/und-wir-mittendrin-226x300.jpg 226w, https:\/\/neuekarawane.de\/wp-content\/uploads\/2025\/03\/und-wir-mittendrin-771x1024.jpg 771w, https:\/\/neuekarawane.de\/wp-content\/uploads\/2025\/03\/und-wir-mittendrin-768x1020.jpg 768w, https:\/\/neuekarawane.de\/wp-content\/uploads\/2025\/03\/und-wir-mittendrin-9x12.jpg 9w, https:\/\/neuekarawane.de\/wp-content\/uploads\/2025\/03\/und-wir-mittendrin.jpg 964w\" sizes=\"(max-width: 226px) 100vw, 226px\" \/><\/a>\n\t\t\t<\/div>\n\t\t\t\t<figcaption class='wp-caption-text gallery-caption' id='gallery-2-5434'>\n\t\t\t\tund wir mittendrin\n\t\t\t\t<\/figcaption><\/figure><figure class='gallery-item'>\n\t\t\t<div class='gallery-icon portrait'>\n\t\t\t\t<a data-elementor-open-lightbox=\"yes\" data-elementor-lightbox-slideshow=\"09270e5\" data-elementor-lightbox-title=\"mit freundschaftlicher Geste\" data-elementor-lightbox-description=\"und wir mittendrin\" data-e-action-hash=\"#elementor-action%3Aaction%3Dlightbox%26settings%3DeyJpZCI6NTQzNSwidXJsIjoiaHR0cHM6XC9cL25ldWVrYXJhd2FuZS5kZVwvd3AtY29udGVudFwvdXBsb2Fkc1wvMjAyNVwvMDNcL21pdC1mcmV1bmRzY2hhZnRsaWNoZXItR2VzdGUuanBnIiwic2xpZGVzaG93IjoiMDkyNzBlNSJ9\" href='https:\/\/neuekarawane.de\/wp-content\/uploads\/2025\/03\/mit-freundschaftlicher-Geste.jpg'><img loading=\"lazy\" decoding=\"async\" width=\"226\" height=\"300\" src=\"https:\/\/neuekarawane.de\/wp-content\/uploads\/2025\/03\/mit-freundschaftlicher-Geste-226x300.jpg\" class=\"attachment-medium size-medium\" alt=\"mit freundschaftlicher Geste\" aria-describedby=\"gallery-2-5435\" srcset=\"https:\/\/neuekarawane.de\/wp-content\/uploads\/2025\/03\/mit-freundschaftlicher-Geste-226x300.jpg 226w, https:\/\/neuekarawane.de\/wp-content\/uploads\/2025\/03\/mit-freundschaftlicher-Geste-771x1024.jpg 771w, https:\/\/neuekarawane.de\/wp-content\/uploads\/2025\/03\/mit-freundschaftlicher-Geste-768x1020.jpg 768w, https:\/\/neuekarawane.de\/wp-content\/uploads\/2025\/03\/mit-freundschaftlicher-Geste-9x12.jpg 9w, https:\/\/neuekarawane.de\/wp-content\/uploads\/2025\/03\/mit-freundschaftlicher-Geste.jpg 964w\" sizes=\"(max-width: 226px) 100vw, 226px\" \/><\/a>\n\t\t\t<\/div>\n\t\t\t\t<figcaption class='wp-caption-text gallery-caption' id='gallery-2-5435'>\n\t\t\t\tmit freundschaftlicher Geste\n\t\t\t\t<\/figcaption><\/figure><figure class='gallery-item'>\n\t\t\t<div class='gallery-icon portrait'>\n\t\t\t\t<a data-elementor-open-lightbox=\"yes\" data-elementor-lightbox-slideshow=\"09270e5\" data-elementor-lightbox-title=\"Feuerwerk darf nicht fehlen\" data-elementor-lightbox-description=\"Feuerwerk darf nicht fehlen\" data-e-action-hash=\"#elementor-action%3Aaction%3Dlightbox%26settings%3DeyJpZCI6NTQzMywidXJsIjoiaHR0cHM6XC9cL25ldWVrYXJhd2FuZS5kZVwvd3AtY29udGVudFwvdXBsb2Fkc1wvMjAyNVwvMDNcL0ZldWVyd2Vyay1kYXJmLW5pY2h0LWZlaGxlbi5qcGciLCJzbGlkZXNob3ciOiIwOTI3MGU1In0%3D\" href='https:\/\/neuekarawane.de\/wp-content\/uploads\/2025\/03\/Feuerwerk-darf-nicht-fehlen.jpg'><img loading=\"lazy\" decoding=\"async\" width=\"226\" height=\"300\" src=\"https:\/\/neuekarawane.de\/wp-content\/uploads\/2025\/03\/Feuerwerk-darf-nicht-fehlen-226x300.jpg\" class=\"attachment-medium size-medium\" alt=\"Feuerwerk darf nicht fehlen\" aria-describedby=\"gallery-2-5433\" srcset=\"https:\/\/neuekarawane.de\/wp-content\/uploads\/2025\/03\/Feuerwerk-darf-nicht-fehlen-226x300.jpg 226w, https:\/\/neuekarawane.de\/wp-content\/uploads\/2025\/03\/Feuerwerk-darf-nicht-fehlen-771x1024.jpg 771w, https:\/\/neuekarawane.de\/wp-content\/uploads\/2025\/03\/Feuerwerk-darf-nicht-fehlen-768x1020.jpg 768w, https:\/\/neuekarawane.de\/wp-content\/uploads\/2025\/03\/Feuerwerk-darf-nicht-fehlen-9x12.jpg 9w, https:\/\/neuekarawane.de\/wp-content\/uploads\/2025\/03\/Feuerwerk-darf-nicht-fehlen.jpg 964w\" sizes=\"(max-width: 226px) 100vw, 226px\" \/><\/a>\n\t\t\t<\/div>\n\t\t\t\t<figcaption class='wp-caption-text gallery-caption' id='gallery-2-5433'>\n\t\t\t\tFeuerwerk darf nicht fehlen\n\t\t\t\t<\/figcaption><\/figure>\n\t\t<\/div>\n\t\t<\/div>\n\t\t\t\t\t\t<\/div>\n\t\t\t\t<\/div>\n\t\t\t\t<div class=\"elementor-element elementor-element-504313a elementor-widget elementor-widget-text-editor\" data-id=\"504313a\" data-element_type=\"widget\" data-e-type=\"widget\" data-widget_type=\"text-editor.default\">\n\t\t\t\t<div class=\"elementor-widget-container\">\n\t\t\t\t\t\t\t\t\t<p>Es kommt ziemlich viel Volk zusammen und B\u00fcrgermeister und der frisch gew\u00e4hlte Pr\u00e4sident sind mit ihren W\u00fcrdigungen dabei.<\/p>\t\t\t\t\t\t\t\t<\/div>\n\t\t\t\t<\/div>\n\t\t\t\t\t<\/div>\n\t\t<\/div>\n\t\t\t\t\t<\/div>\n\t\t<\/section>\n\t\t\t\t<\/div>\n\t\t","protected":false},"excerpt":{"rendered":"<p>Konzert zum Frauentag auf dem Freiheisplatz mit B\u00fcrgermeister und Regierungspr\u00e4sident Der Frauentag ist in Abchasien, wie in Russland ein besonderer Feiertag. Da er in diesem Jahr auf einen Samstag f\u00e4llt, der ja im allgemeinen arbeitsfrei ist, wird damit automatisch der folgende Montag ein arbeitsfreier Tag. Im Vorfeld sind viele Veranstaltungen und heute am 7.M\u00e4rz gibt es ein gro\u00dfes Estradenkonzert auf dem zentralen Platz in Suchumi, dem Freiheitsplatz. und wir mittendrin mit freundschaftlicher Geste Feuerwerk darf nicht fehlen Es kommt ziemlich viel Volk zusammen und B\u00fcrgermeister und der frisch gew\u00e4hlte Pr\u00e4sident sind mit ihren W\u00fcrdigungen dabei.<\/p>\n","protected":false},"author":1,"featured_media":0,"comment_status":"open","ping_status":"open","sticky":false,"template":"","format":"standard","meta":{"footnotes":""},"categories":[1],"tags":[],"class_list":["post-5428","post","type-post","status-publish","format-standard","hentry","category-allgemein"],"_links":{"self":[{"href":"https:\/\/neuekarawane.de\/de_de\/wp-json\/wp\/v2\/posts\/5428","targetHints":{"allow":["GET"]}}],"collection":[{"href":"https:\/\/neuekarawane.de\/de_de\/wp-json\/wp\/v2\/posts"}],"about":[{"href":"https:\/\/neuekarawane.de\/de_de\/wp-json\/wp\/v2\/types\/post"}],"author":[{"embeddable":true,"href":"https:\/\/neuekarawane.de\/de_de\/wp-json\/wp\/v2\/users\/1"}],"replies":[{"embeddable":true,"href":"https:\/\/neuekarawane.de\/de_de\/wp-json\/wp\/v2\/comments?post=5428"}],"version-history":[{"count":4,"href":"https:\/\/neuekarawane.de\/de_de\/wp-json\/wp\/v2\/posts\/5428\/revisions"}],"predecessor-version":[{"id":5438,"href":"https:\/\/neuekarawane.de\/de_de\/wp-json\/wp\/v2\/posts\/5428\/revisions\/5438"}],"wp:attachment":[{"href":"https:\/\/neuekarawane.de\/de_de\/wp-json\/wp\/v2\/media?parent=5428"}],"wp:term":[{"taxonomy":"category","embeddable":true,"href":"https:\/\/neuekarawane.de\/de_de\/wp-json\/wp\/v2\/categories?post=5428"},{"taxonomy":"post_tag","embeddable":true,"href":"https:\/\/neuekarawane.de\/de_de\/wp-json\/wp\/v2\/tags?post=5428"}],"curies":[{"name":"wp","href":"https:\/\/api.w.org\/{rel}","templated":true}]}}