{"id":5338,"date":"2023-10-06T11:23:35","date_gmt":"2023-10-06T09:23:35","guid":{"rendered":"https:\/\/neuekarawane.de\/?p=5338"},"modified":"2025-01-29T15:32:02","modified_gmt":"2025-01-29T14:32:02","slug":"einladung-nach-abchsien","status":"publish","type":"post","link":"https:\/\/neuekarawane.de\/de_de\/2023\/10\/06\/einladung-nach-abchsien\/","title":{"rendered":"Einladung nach Abchsien"},"content":{"rendered":"\t\t<div data-elementor-type=\"wp-post\" data-elementor-id=\"5338\" class=\"elementor elementor-5338\">\n\t\t\t\t\t\t<section class=\"elementor-section elementor-top-section elementor-element elementor-element-3b1f145 elementor-section-boxed elementor-section-height-default elementor-section-height-default wpr-particle-no wpr-jarallax-no wpr-parallax-no wpr-sticky-section-no wpr-equal-height-no\" data-id=\"3b1f145\" data-element_type=\"section\" data-e-type=\"section\">\n\t\t\t\t\t\t<div class=\"elementor-container elementor-column-gap-default\">\n\t\t\t\t\t<div class=\"elementor-column elementor-col-100 elementor-top-column elementor-element elementor-element-618c87a\" data-id=\"618c87a\" data-element_type=\"column\" data-e-type=\"column\">\n\t\t\t<div class=\"elementor-widget-wrap elementor-element-populated\">\n\t\t\t\t\t\t<div class=\"elementor-element elementor-element-970e49c elementor-widget elementor-widget-text-editor\" data-id=\"970e49c\" data-element_type=\"widget\" data-e-type=\"widget\" data-widget_type=\"text-editor.default\">\n\t\t\t\t<div class=\"elementor-widget-container\">\n\t\t\t\t\t\t\t\t\t<p>Von Vital, Vorstandsmitglied einer privaten Stiftung werde ich nach Abchasien eingeladen. Mein russisches Visum ist kurz vor dem Ablaufen.<br \/>Die Reise auf der Seidenstra\u00dfe braucht eine Alternative, da der Weg in Richtung Sibirien durch das Kontinentalklima im Herbst und Winter f\u00fcr mich nicht m\u00f6glich ist, bzw. in Frage kommt. Da ist die Schwarzmeerk\u00fcste eine klimatische Alternative. S\u00fcdlich des Kaukasus liegt die Hauptstadt Suchumi und nicht weit davon in Eschera ist das Gel\u00e4nde der Stiftung ca. 200m \u00fcber der Stadt.<br \/>Wowa, der zur Zeit auf dem Gel\u00e4nde der Stiftung wohnt, empf\u00e4ngt mich und wir suchen einen sch\u00f6nen Standplatz f\u00fcr Lucie aus, alles ganz in der N\u00e4he, einWasseranschluss und eine Steckdose, falls das im Winter n\u00f6tig wird, da ich ja elektrisch &#8222;nur&#8220; von der Solaranlage lebe.<br \/>So lerne ich das Gel\u00e4nde der Stiftung kennen, typisch f\u00fcr Abchasien eng geschmiegt an das gebirgige Territorium des Kaukasus. So kann man das Gel\u00e4nde der Stiftung auch nur \u00fcber einen Gebirgsweg mit Haarnadelkurven erreichen, obwohl die Europastra\u00dfe oberhalb nahe vorbei f\u00fchrt. <br \/>Zweigest\u00f6ckige h\u00f6lzerne Wohn- und Aufenthaltsgeb\u00e4ude, ein gepflegter Gartenhang und rege Baut\u00e4tigkeit f\u00fcr weitere Werkstatt- und Wohngeb\u00e4ude. Wowa und Dima sind die guten Geister des Stiftunsgel\u00e4ndes.<\/p>\t\t\t\t\t\t\t\t<\/div>\n\t\t\t\t<\/div>\n\t\t\t\t<div class=\"elementor-element elementor-element-6e3916f elementor-widget elementor-widget-image-gallery\" data-id=\"6e3916f\" data-element_type=\"widget\" data-e-type=\"widget\" data-widget_type=\"image-gallery.default\">\n\t\t\t\t<div class=\"elementor-widget-container\">\n\t\t\t\t\t\t\t<div class=\"elementor-image-gallery\">\n\t\t\t<div id='gallery-1' class='gallery galleryid-5338 gallery-columns-3 gallery-size-medium'><figure class='gallery-item'>\n\t\t\t<div class='gallery-icon landscape'>\n\t\t\t\t<a data-elementor-open-lightbox=\"yes\" data-elementor-lightbox-slideshow=\"6e3916f\" data-elementor-lightbox-title=\"eine Einfahrt ins Gel\u00e4nde\" data-elementor-lightbox-description=\"eine Einfahrt ins Gel\u00e4nde\" data-e-action-hash=\"#elementor-action%3Aaction%3Dlightbox%26settings%3DeyJpZCI6NTM0NSwidXJsIjoiaHR0cHM6XC9cL25ldWVrYXJhd2FuZS5kZVwvd3AtY29udGVudFwvdXBsb2Fkc1wvMjAyNVwvMDFcL2VpbmUtRWluZmFocnQtaW5zLUdlbGFlbmRlLXNjYWxlZC5qcGciLCJzbGlkZXNob3ciOiI2ZTM5MTZmIn0%3D\" href='https:\/\/neuekarawane.de\/wp-content\/uploads\/2025\/01\/eine-Einfahrt-ins-Gelaende-scaled.jpg'><img fetchpriority=\"high\" decoding=\"async\" width=\"300\" height=\"300\" src=\"https:\/\/neuekarawane.de\/wp-content\/uploads\/2025\/01\/eine-Einfahrt-ins-Gelaende-300x300.jpg\" class=\"attachment-medium size-medium\" alt=\"eine Einfahrt ins Gel\u00e4nde\" aria-describedby=\"gallery-1-5345\" srcset=\"https:\/\/neuekarawane.de\/wp-content\/uploads\/2025\/01\/eine-Einfahrt-ins-Gelaende-300x300.jpg 300w, https:\/\/neuekarawane.de\/wp-content\/uploads\/2025\/01\/eine-Einfahrt-ins-Gelaende-1024x1024.jpg 1024w, https:\/\/neuekarawane.de\/wp-content\/uploads\/2025\/01\/eine-Einfahrt-ins-Gelaende-150x150.jpg 150w, https:\/\/neuekarawane.de\/wp-content\/uploads\/2025\/01\/eine-Einfahrt-ins-Gelaende-768x768.jpg 768w, https:\/\/neuekarawane.de\/wp-content\/uploads\/2025\/01\/eine-Einfahrt-ins-Gelaende-1536x1536.jpg 1536w, https:\/\/neuekarawane.de\/wp-content\/uploads\/2025\/01\/eine-Einfahrt-ins-Gelaende-2048x2048.jpg 2048w, https:\/\/neuekarawane.de\/wp-content\/uploads\/2025\/01\/eine-Einfahrt-ins-Gelaende-12x12.jpg 12w\" sizes=\"(max-width: 300px) 100vw, 300px\" \/><\/a>\n\t\t\t<\/div>\n\t\t\t\t<figcaption class='wp-caption-text gallery-caption' id='gallery-1-5345'>\n\t\t\t\teine Einfahrt ins Gel\u00e4nde\n\t\t\t\t<\/figcaption><\/figure><figure class='gallery-item'>\n\t\t\t<div class='gallery-icon landscape'>\n\t\t\t\t<a data-elementor-open-lightbox=\"yes\" data-elementor-lightbox-slideshow=\"6e3916f\" data-elementor-lightbox-title=\"Blick aus der T\u00fcr\" data-elementor-lightbox-description=\"Blick aus der T\u00fcr\" data-e-action-hash=\"#elementor-action%3Aaction%3Dlightbox%26settings%3DeyJpZCI6NTM0NiwidXJsIjoiaHR0cHM6XC9cL25ldWVrYXJhd2FuZS5kZVwvd3AtY29udGVudFwvdXBsb2Fkc1wvMjAyNVwvMDFcL0JsaWNrLWF1cy1kZXItVHVlci1zY2FsZWQuanBnIiwic2xpZGVzaG93IjoiNmUzOTE2ZiJ9\" href='https:\/\/neuekarawane.de\/wp-content\/uploads\/2025\/01\/Blick-aus-der-Tuer-scaled.jpg'><img decoding=\"async\" width=\"300\" height=\"300\" src=\"https:\/\/neuekarawane.de\/wp-content\/uploads\/2025\/01\/Blick-aus-der-Tuer-300x300.jpg\" class=\"attachment-medium size-medium\" alt=\"Blick aus der T\u00fcr\" aria-describedby=\"gallery-1-5346\" srcset=\"https:\/\/neuekarawane.de\/wp-content\/uploads\/2025\/01\/Blick-aus-der-Tuer-300x300.jpg 300w, https:\/\/neuekarawane.de\/wp-content\/uploads\/2025\/01\/Blick-aus-der-Tuer-1024x1024.jpg 1024w, https:\/\/neuekarawane.de\/wp-content\/uploads\/2025\/01\/Blick-aus-der-Tuer-150x150.jpg 150w, https:\/\/neuekarawane.de\/wp-content\/uploads\/2025\/01\/Blick-aus-der-Tuer-768x768.jpg 768w, https:\/\/neuekarawane.de\/wp-content\/uploads\/2025\/01\/Blick-aus-der-Tuer-1536x1536.jpg 1536w, https:\/\/neuekarawane.de\/wp-content\/uploads\/2025\/01\/Blick-aus-der-Tuer-2048x2048.jpg 2048w, https:\/\/neuekarawane.de\/wp-content\/uploads\/2025\/01\/Blick-aus-der-Tuer-12x12.jpg 12w\" sizes=\"(max-width: 300px) 100vw, 300px\" \/><\/a>\n\t\t\t<\/div>\n\t\t\t\t<figcaption class='wp-caption-text gallery-caption' id='gallery-1-5346'>\n\t\t\t\tBlick aus der T\u00fcr\n\t\t\t\t<\/figcaption><\/figure><figure class='gallery-item'>\n\t\t\t<div class='gallery-icon landscape'>\n\t\t\t\t<a data-elementor-open-lightbox=\"yes\" data-elementor-lightbox-slideshow=\"6e3916f\" data-elementor-lightbox-title=\"Blick von hier auf das Meer\" data-elementor-lightbox-description=\"Blick von hier auf das Meer\" data-e-action-hash=\"#elementor-action%3Aaction%3Dlightbox%26settings%3DeyJpZCI6NTM0NCwidXJsIjoiaHR0cHM6XC9cL25ldWVrYXJhd2FuZS5kZVwvd3AtY29udGVudFwvdXBsb2Fkc1wvMjAyNVwvMDFcL0JsaWNrLXZvbi1oaWVyLWF1LWRhcy1NZWVyLXNjYWxlZC5qcGciLCJzbGlkZXNob3ciOiI2ZTM5MTZmIn0%3D\" href='https:\/\/neuekarawane.de\/wp-content\/uploads\/2025\/01\/Blick-von-hier-au-das-Meer-scaled.jpg'><img decoding=\"async\" width=\"300\" height=\"300\" src=\"https:\/\/neuekarawane.de\/wp-content\/uploads\/2025\/01\/Blick-von-hier-au-das-Meer-300x300.jpg\" class=\"attachment-medium size-medium\" alt=\"Blick von hier auf das Meer\" aria-describedby=\"gallery-1-5344\" srcset=\"https:\/\/neuekarawane.de\/wp-content\/uploads\/2025\/01\/Blick-von-hier-au-das-Meer-300x300.jpg 300w, https:\/\/neuekarawane.de\/wp-content\/uploads\/2025\/01\/Blick-von-hier-au-das-Meer-1024x1024.jpg 1024w, https:\/\/neuekarawane.de\/wp-content\/uploads\/2025\/01\/Blick-von-hier-au-das-Meer-150x150.jpg 150w, https:\/\/neuekarawane.de\/wp-content\/uploads\/2025\/01\/Blick-von-hier-au-das-Meer-768x768.jpg 768w, https:\/\/neuekarawane.de\/wp-content\/uploads\/2025\/01\/Blick-von-hier-au-das-Meer-1536x1536.jpg 1536w, https:\/\/neuekarawane.de\/wp-content\/uploads\/2025\/01\/Blick-von-hier-au-das-Meer-2048x2048.jpg 2048w, https:\/\/neuekarawane.de\/wp-content\/uploads\/2025\/01\/Blick-von-hier-au-das-Meer-12x12.jpg 12w\" sizes=\"(max-width: 300px) 100vw, 300px\" \/><\/a>\n\t\t\t<\/div>\n\t\t\t\t<figcaption class='wp-caption-text gallery-caption' id='gallery-1-5344'>\n\t\t\t\tBlick von hier auf das Meer\n\t\t\t\t<\/figcaption><\/figure>\n\t\t<\/div>\n\t\t<\/div>\n\t\t\t\t\t\t<\/div>\n\t\t\t\t<\/div>\n\t\t\t\t<div class=\"elementor-element elementor-element-cd328f6 elementor-widget elementor-widget-text-editor\" data-id=\"cd328f6\" data-element_type=\"widget\" data-e-type=\"widget\" data-widget_type=\"text-editor.default\">\n\t\t\t\t<div class=\"elementor-widget-container\">\n\t\t\t\t\t\t\t\t\t<p>Urspr\u00fcnglich hatte sich ein investigativer Journalist aus der Schweiz hier f\u00fcr seinen Lebensabend niedergelassen. Seiner angeschlagenen Gesundheit war das Schwarzmeerklima sehr zutr\u00e4glich und er konnte noch einige Jahre hier journalistisch t\u00e4tig sein, bevor er 2021 an seiner Krankheit starb.<br \/>Ich hatte sein Grab am Rande des Grundst\u00fccks schon entdeckt, ein paar Blumen niedergelegt und das Herbstlaub ber\u00e4umt.<br \/>Manfred Petritsch, im Internet bekannt durch seinen Blog &#8222;Schall und Rauch&#8220;, schrieb dort unter dem Namen &#8222;Freeman&#8220;. Seine Blog war mir fr\u00fcher schon aufgefallen und ich hatte ihn immer wieder mal besucht.<\/p>\t\t\t\t\t\t\t\t<\/div>\n\t\t\t\t<\/div>\n\t\t\t\t<div class=\"elementor-element elementor-element-8b69720 elementor-widget elementor-widget-image-gallery\" data-id=\"8b69720\" data-element_type=\"widget\" data-e-type=\"widget\" data-widget_type=\"image-gallery.default\">\n\t\t\t\t<div class=\"elementor-widget-container\">\n\t\t\t\t\t\t\t<div class=\"elementor-image-gallery\">\n\t\t\t<div id='gallery-2' class='gallery galleryid-5338 gallery-columns-3 gallery-size-medium'><figure class='gallery-item'>\n\t\t\t<div class='gallery-icon landscape'>\n\t\t\t\t<a data-elementor-open-lightbox=\"yes\" data-elementor-lightbox-slideshow=\"8b69720\" data-elementor-lightbox-title=\"Freemans Grab\" data-elementor-lightbox-description=\"Freemans Grab\" data-e-action-hash=\"#elementor-action%3Aaction%3Dlightbox%26settings%3DeyJpZCI6NTM0NywidXJsIjoiaHR0cHM6XC9cL25ldWVrYXJhd2FuZS5kZVwvd3AtY29udGVudFwvdXBsb2Fkc1wvMjAyNVwvMDFcL2ZyZWVtYW5zLUdyYWItc2NhbGVkLmpwZyIsInNsaWRlc2hvdyI6IjhiNjk3MjAifQ%3D%3D\" href='https:\/\/neuekarawane.de\/wp-content\/uploads\/2025\/01\/freemans-Grab-scaled.jpg'><img loading=\"lazy\" decoding=\"async\" width=\"300\" height=\"300\" src=\"https:\/\/neuekarawane.de\/wp-content\/uploads\/2025\/01\/freemans-Grab-300x300.jpg\" class=\"attachment-medium size-medium\" alt=\"Freemans Grab\" aria-describedby=\"gallery-2-5347\" srcset=\"https:\/\/neuekarawane.de\/wp-content\/uploads\/2025\/01\/freemans-Grab-300x300.jpg 300w, https:\/\/neuekarawane.de\/wp-content\/uploads\/2025\/01\/freemans-Grab-1024x1024.jpg 1024w, https:\/\/neuekarawane.de\/wp-content\/uploads\/2025\/01\/freemans-Grab-150x150.jpg 150w, https:\/\/neuekarawane.de\/wp-content\/uploads\/2025\/01\/freemans-Grab-768x768.jpg 768w, https:\/\/neuekarawane.de\/wp-content\/uploads\/2025\/01\/freemans-Grab-1536x1536.jpg 1536w, https:\/\/neuekarawane.de\/wp-content\/uploads\/2025\/01\/freemans-Grab-2048x2048.jpg 2048w, https:\/\/neuekarawane.de\/wp-content\/uploads\/2025\/01\/freemans-Grab-12x12.jpg 12w\" sizes=\"(max-width: 300px) 100vw, 300px\" \/><\/a>\n\t\t\t<\/div>\n\t\t\t\t<figcaption class='wp-caption-text gallery-caption' id='gallery-2-5347'>\n\t\t\t\tFreemans Grab\n\t\t\t\t<\/figcaption><\/figure><figure class='gallery-item'>\n\t\t\t<div class='gallery-icon landscape'>\n\t\t\t\t<a data-elementor-open-lightbox=\"yes\" data-elementor-lightbox-slideshow=\"8b69720\" data-elementor-lightbox-title=\"mein Helfer-Werkzeug\" data-elementor-lightbox-description=\"mein Helfer-Werkzeug\" data-e-action-hash=\"#elementor-action%3Aaction%3Dlightbox%26settings%3DeyJpZCI6NTM0OCwidXJsIjoiaHR0cHM6XC9cL25ldWVrYXJhd2FuZS5kZVwvd3AtY29udGVudFwvdXBsb2Fkc1wvMjAyNVwvMDFcL21laW4tSGVsZmVyLVdlcmt6ZXVnLXNjYWxlZC5qcGciLCJzbGlkZXNob3ciOiI4YjY5NzIwIn0%3D\" href='https:\/\/neuekarawane.de\/wp-content\/uploads\/2025\/01\/mein-Helfer-Werkzeug-scaled.jpg'><img loading=\"lazy\" decoding=\"async\" width=\"300\" height=\"300\" src=\"https:\/\/neuekarawane.de\/wp-content\/uploads\/2025\/01\/mein-Helfer-Werkzeug-300x300.jpg\" class=\"attachment-medium size-medium\" alt=\"mein Helfer-Werkzeug\" aria-describedby=\"gallery-2-5348\" srcset=\"https:\/\/neuekarawane.de\/wp-content\/uploads\/2025\/01\/mein-Helfer-Werkzeug-300x300.jpg 300w, https:\/\/neuekarawane.de\/wp-content\/uploads\/2025\/01\/mein-Helfer-Werkzeug-1024x1024.jpg 1024w, https:\/\/neuekarawane.de\/wp-content\/uploads\/2025\/01\/mein-Helfer-Werkzeug-150x150.jpg 150w, https:\/\/neuekarawane.de\/wp-content\/uploads\/2025\/01\/mein-Helfer-Werkzeug-768x768.jpg 768w, https:\/\/neuekarawane.de\/wp-content\/uploads\/2025\/01\/mein-Helfer-Werkzeug-1536x1536.jpg 1536w, https:\/\/neuekarawane.de\/wp-content\/uploads\/2025\/01\/mein-Helfer-Werkzeug-2048x2048.jpg 2048w, https:\/\/neuekarawane.de\/wp-content\/uploads\/2025\/01\/mein-Helfer-Werkzeug-12x12.jpg 12w\" sizes=\"(max-width: 300px) 100vw, 300px\" \/><\/a>\n\t\t\t<\/div>\n\t\t\t\t<figcaption class='wp-caption-text gallery-caption' id='gallery-2-5348'>\n\t\t\t\tmein Helfer-Werkzeug\n\t\t\t\t<\/figcaption><\/figure><figure class='gallery-item'>\n\t\t\t<div class='gallery-icon landscape'>\n\t\t\t\t<a data-elementor-open-lightbox=\"yes\" data-elementor-lightbox-slideshow=\"8b69720\" data-elementor-lightbox-title=\"Wowa bei der Arbeit\" data-elementor-lightbox-description=\"Wowa bei der Arbeit\" data-e-action-hash=\"#elementor-action%3Aaction%3Dlightbox%26settings%3DeyJpZCI6NTM0OSwidXJsIjoiaHR0cHM6XC9cL25ldWVrYXJhd2FuZS5kZVwvd3AtY29udGVudFwvdXBsb2Fkc1wvMjAyNVwvMDFcL1dvd2EtYmVpLWRlci1BcmJlaXQtc2NhbGVkLmpwZyIsInNsaWRlc2hvdyI6IjhiNjk3MjAifQ%3D%3D\" href='https:\/\/neuekarawane.de\/wp-content\/uploads\/2025\/01\/Wowa-bei-der-Arbeit-scaled.jpg'><img loading=\"lazy\" decoding=\"async\" width=\"300\" height=\"300\" src=\"https:\/\/neuekarawane.de\/wp-content\/uploads\/2025\/01\/Wowa-bei-der-Arbeit-300x300.jpg\" class=\"attachment-medium size-medium\" alt=\"Wowa bei der Arbeit\" aria-describedby=\"gallery-2-5349\" srcset=\"https:\/\/neuekarawane.de\/wp-content\/uploads\/2025\/01\/Wowa-bei-der-Arbeit-300x300.jpg 300w, https:\/\/neuekarawane.de\/wp-content\/uploads\/2025\/01\/Wowa-bei-der-Arbeit-1024x1024.jpg 1024w, https:\/\/neuekarawane.de\/wp-content\/uploads\/2025\/01\/Wowa-bei-der-Arbeit-150x150.jpg 150w, https:\/\/neuekarawane.de\/wp-content\/uploads\/2025\/01\/Wowa-bei-der-Arbeit-768x768.jpg 768w, https:\/\/neuekarawane.de\/wp-content\/uploads\/2025\/01\/Wowa-bei-der-Arbeit-1536x1536.jpg 1536w, https:\/\/neuekarawane.de\/wp-content\/uploads\/2025\/01\/Wowa-bei-der-Arbeit-2048x2048.jpg 2048w, https:\/\/neuekarawane.de\/wp-content\/uploads\/2025\/01\/Wowa-bei-der-Arbeit-12x12.jpg 12w\" sizes=\"(max-width: 300px) 100vw, 300px\" \/><\/a>\n\t\t\t<\/div>\n\t\t\t\t<figcaption class='wp-caption-text gallery-caption' id='gallery-2-5349'>\n\t\t\t\tWowa bei der Arbeit\n\t\t\t\t<\/figcaption><\/figure>\n\t\t<\/div>\n\t\t<\/div>\n\t\t\t\t\t\t<\/div>\n\t\t\t\t<\/div>\n\t\t\t\t<div class=\"elementor-element elementor-element-ae61b1c elementor-widget elementor-widget-text-editor\" data-id=\"ae61b1c\" data-element_type=\"widget\" data-e-type=\"widget\" data-widget_type=\"text-editor.default\">\n\t\t\t\t<div class=\"elementor-widget-container\">\n\t\t\t\t\t\t\t\t\t<p>Ich versuchte, Wowa und Dima bei ihrer Arbeit, das Grundst\u00fcck in Ordnung zu halten, als Ausgleich f\u00fcr ihre Gastfreundschaft ein bisschen zu unterst\u00fctzen.<br \/>Bald lerne ich auch Sergej kennen. Er ist Journalist im Ruhestand, hat eine eigene Zeitung in Suchum ausgegeben und ist auch Vorstandsmitglied der Stiftung und hat mir in Abchasien viel geholfen zurecht zu kommen.<br \/>Ich durfte auch einen Pkw der Stiftung nutzen um Eink\u00e4ufe im 10 km entfernten Suchum zu machen.<\/p>\t\t\t\t\t\t\t\t<\/div>\n\t\t\t\t<\/div>\n\t\t\t\t<div class=\"elementor-element elementor-element-344174e elementor-widget elementor-widget-image-gallery\" data-id=\"344174e\" data-element_type=\"widget\" data-e-type=\"widget\" data-widget_type=\"image-gallery.default\">\n\t\t\t\t<div class=\"elementor-widget-container\">\n\t\t\t\t\t\t\t<div class=\"elementor-image-gallery\">\n\t\t\t<div id='gallery-3' class='gallery galleryid-5338 gallery-columns-3 gallery-size-medium'><figure class='gallery-item'>\n\t\t\t<div class='gallery-icon landscape'>\n\t\t\t\t<a data-elementor-open-lightbox=\"yes\" data-elementor-lightbox-slideshow=\"344174e\" data-elementor-lightbox-title=\"Kultur an meinem Auto Essplatz\" data-elementor-lightbox-description=\"Kultur an meinem Auto Essplatz\" data-e-action-hash=\"#elementor-action%3Aaction%3Dlightbox%26settings%3DeyJpZCI6NTM1MiwidXJsIjoiaHR0cHM6XC9cL25ldWVrYXJhd2FuZS5kZVwvd3AtY29udGVudFwvdXBsb2Fkc1wvMjAyNVwvMDFcL0t1bHR1ci1hbS1Fc3NwbGF0ei1zY2FsZWQuanBnIiwic2xpZGVzaG93IjoiMzQ0MTc0ZSJ9\" href='https:\/\/neuekarawane.de\/wp-content\/uploads\/2025\/01\/Kultur-am-Essplatz-scaled.jpg'><img loading=\"lazy\" decoding=\"async\" width=\"300\" height=\"300\" src=\"https:\/\/neuekarawane.de\/wp-content\/uploads\/2025\/01\/Kultur-am-Essplatz-300x300.jpg\" class=\"attachment-medium size-medium\" alt=\"Kultur an meinem Auto Essplatz\" aria-describedby=\"gallery-3-5352\" srcset=\"https:\/\/neuekarawane.de\/wp-content\/uploads\/2025\/01\/Kultur-am-Essplatz-300x300.jpg 300w, https:\/\/neuekarawane.de\/wp-content\/uploads\/2025\/01\/Kultur-am-Essplatz-1024x1024.jpg 1024w, https:\/\/neuekarawane.de\/wp-content\/uploads\/2025\/01\/Kultur-am-Essplatz-150x150.jpg 150w, https:\/\/neuekarawane.de\/wp-content\/uploads\/2025\/01\/Kultur-am-Essplatz-768x768.jpg 768w, https:\/\/neuekarawane.de\/wp-content\/uploads\/2025\/01\/Kultur-am-Essplatz-1536x1536.jpg 1536w, https:\/\/neuekarawane.de\/wp-content\/uploads\/2025\/01\/Kultur-am-Essplatz-2048x2048.jpg 2048w, https:\/\/neuekarawane.de\/wp-content\/uploads\/2025\/01\/Kultur-am-Essplatz-12x12.jpg 12w\" sizes=\"(max-width: 300px) 100vw, 300px\" \/><\/a>\n\t\t\t<\/div>\n\t\t\t\t<figcaption class='wp-caption-text gallery-caption' id='gallery-3-5352'>\n\t\t\t\tKultur an meinem Auto Essplatz\n\t\t\t\t<\/figcaption><\/figure><figure class='gallery-item'>\n\t\t\t<div class='gallery-icon landscape'>\n\t\t\t\t<a data-elementor-open-lightbox=\"yes\" data-elementor-lightbox-slideshow=\"344174e\" data-elementor-lightbox-title=\"sie haben mich zum Essen eingeladen\" data-elementor-lightbox-description=\"sie haben mich zum Essen eingeladen\" data-e-action-hash=\"#elementor-action%3Aaction%3Dlightbox%26settings%3DeyJpZCI6NTM1MCwidXJsIjoiaHR0cHM6XC9cL25ldWVrYXJhd2FuZS5kZVwvd3AtY29udGVudFwvdXBsb2Fkc1wvMjAyNVwvMDFcL3NpZS1oYWJlbi1taWNoLXp1bS1Fc3Nlbi1laW5nZWxhZGVuLXNjYWxlZC5qcGciLCJzbGlkZXNob3ciOiIzNDQxNzRlIn0%3D\" href='https:\/\/neuekarawane.de\/wp-content\/uploads\/2025\/01\/sie-haben-mich-zum-Essen-eingeladen-scaled.jpg'><img loading=\"lazy\" decoding=\"async\" width=\"300\" height=\"300\" src=\"https:\/\/neuekarawane.de\/wp-content\/uploads\/2025\/01\/sie-haben-mich-zum-Essen-eingeladen-300x300.jpg\" class=\"attachment-medium size-medium\" alt=\"sie haben mich zum Essen eingeladen\" aria-describedby=\"gallery-3-5350\" srcset=\"https:\/\/neuekarawane.de\/wp-content\/uploads\/2025\/01\/sie-haben-mich-zum-Essen-eingeladen-300x300.jpg 300w, https:\/\/neuekarawane.de\/wp-content\/uploads\/2025\/01\/sie-haben-mich-zum-Essen-eingeladen-1024x1024.jpg 1024w, https:\/\/neuekarawane.de\/wp-content\/uploads\/2025\/01\/sie-haben-mich-zum-Essen-eingeladen-150x150.jpg 150w, https:\/\/neuekarawane.de\/wp-content\/uploads\/2025\/01\/sie-haben-mich-zum-Essen-eingeladen-768x768.jpg 768w, https:\/\/neuekarawane.de\/wp-content\/uploads\/2025\/01\/sie-haben-mich-zum-Essen-eingeladen-1536x1536.jpg 1536w, https:\/\/neuekarawane.de\/wp-content\/uploads\/2025\/01\/sie-haben-mich-zum-Essen-eingeladen-2048x2048.jpg 2048w, https:\/\/neuekarawane.de\/wp-content\/uploads\/2025\/01\/sie-haben-mich-zum-Essen-eingeladen-12x12.jpg 12w\" sizes=\"(max-width: 300px) 100vw, 300px\" \/><\/a>\n\t\t\t<\/div>\n\t\t\t\t<figcaption class='wp-caption-text gallery-caption' id='gallery-3-5350'>\n\t\t\t\tsie haben mich zum Essen eingeladen\n\t\t\t\t<\/figcaption><\/figure><figure class='gallery-item'>\n\t\t\t<div class='gallery-icon landscape'>\n\t\t\t\t<a data-elementor-open-lightbox=\"yes\" data-elementor-lightbox-slideshow=\"344174e\" data-elementor-lightbox-title=\"es gab Manti\" data-elementor-lightbox-description=\"es gab Manti\" data-e-action-hash=\"#elementor-action%3Aaction%3Dlightbox%26settings%3DeyJpZCI6NTM1MSwidXJsIjoiaHR0cHM6XC9cL25ldWVrYXJhd2FuZS5kZVwvd3AtY29udGVudFwvdXBsb2Fkc1wvMjAyNVwvMDFcL2VzLWdhYi1NYW50aS1zY2FsZWQuanBnIiwic2xpZGVzaG93IjoiMzQ0MTc0ZSJ9\" href='https:\/\/neuekarawane.de\/wp-content\/uploads\/2025\/01\/es-gab-Manti-scaled.jpg'><img loading=\"lazy\" decoding=\"async\" width=\"300\" height=\"300\" src=\"https:\/\/neuekarawane.de\/wp-content\/uploads\/2025\/01\/es-gab-Manti-300x300.jpg\" class=\"attachment-medium size-medium\" alt=\"es gab Manti\" aria-describedby=\"gallery-3-5351\" srcset=\"https:\/\/neuekarawane.de\/wp-content\/uploads\/2025\/01\/es-gab-Manti-300x300.jpg 300w, https:\/\/neuekarawane.de\/wp-content\/uploads\/2025\/01\/es-gab-Manti-1024x1024.jpg 1024w, https:\/\/neuekarawane.de\/wp-content\/uploads\/2025\/01\/es-gab-Manti-150x150.jpg 150w, https:\/\/neuekarawane.de\/wp-content\/uploads\/2025\/01\/es-gab-Manti-768x768.jpg 768w, https:\/\/neuekarawane.de\/wp-content\/uploads\/2025\/01\/es-gab-Manti-1536x1536.jpg 1536w, https:\/\/neuekarawane.de\/wp-content\/uploads\/2025\/01\/es-gab-Manti-2048x2048.jpg 2048w, https:\/\/neuekarawane.de\/wp-content\/uploads\/2025\/01\/es-gab-Manti-12x12.jpg 12w\" sizes=\"(max-width: 300px) 100vw, 300px\" \/><\/a>\n\t\t\t<\/div>\n\t\t\t\t<figcaption class='wp-caption-text gallery-caption' id='gallery-3-5351'>\n\t\t\t\tes gab Manti\n\t\t\t\t<\/figcaption><\/figure>\n\t\t<\/div>\n\t\t<\/div>\n\t\t\t\t\t\t<\/div>\n\t\t\t\t<\/div>\n\t\t\t\t\t<\/div>\n\t\t<\/div>\n\t\t\t\t\t<\/div>\n\t\t<\/section>\n\t\t\t\t<\/div>\n\t\t","protected":false},"excerpt":{"rendered":"<p>Von Vital, Vorstandsmitglied einer privaten Stiftung werde ich nach Abchasien eingeladen. Mein russisches Visum ist kurz vor dem Ablaufen.Die Reise auf der Seidenstra\u00dfe braucht eine Alternative, da der Weg in Richtung Sibirien durch das Kontinentalklima im Herbst und Winter f\u00fcr mich nicht m\u00f6glich ist, bzw. in Frage kommt. Da ist die Schwarzmeerk\u00fcste eine klimatische Alternative. S\u00fcdlich des Kaukasus liegt die Hauptstadt Suchumi und nicht weit davon in Eschera ist das Gel\u00e4nde der Stiftung ca. 200m \u00fcber der Stadt.Wowa, der zur Zeit auf dem Gel\u00e4nde der Stiftung wohnt, empf\u00e4ngt mich und wir suchen einen sch\u00f6nen Standplatz f\u00fcr Lucie aus, alles ganz in der N\u00e4he, einWasseranschluss und eine Steckdose, falls das im Winter n\u00f6tig wird, da ich ja elektrisch &#8222;nur&#8220; von der Solaranlage lebe.So lerne ich das Gel\u00e4nde der Stiftung kennen, typisch f\u00fcr Abchasien eng geschmiegt an das gebirgige Territorium des Kaukasus. So kann man das Gel\u00e4nde der Stiftung auch nur \u00fcber einen Gebirgsweg mit Haarnadelkurven erreichen, obwohl die Europastra\u00dfe oberhalb nahe vorbei f\u00fchrt. Zweigest\u00f6ckige h\u00f6lzerne Wohn- und Aufenthaltsgeb\u00e4ude, ein gepflegter Gartenhang und rege Baut\u00e4tigkeit f\u00fcr weitere Werkstatt- und Wohngeb\u00e4ude. Wowa und Dima sind die guten Geister des Stiftunsgel\u00e4ndes. eine Einfahrt ins Gel\u00e4nde Blick aus der T\u00fcr Blick von hier auf das Meer Urspr\u00fcnglich hatte sich ein investigativer Journalist aus der Schweiz hier f\u00fcr seinen Lebensabend niedergelassen. Seiner angeschlagenen Gesundheit war das Schwarzmeerklima sehr zutr\u00e4glich und er konnte noch einige Jahre hier journalistisch t\u00e4tig sein, bevor er 2021 an seiner Krankheit starb.Ich hatte sein Grab am Rande des Grundst\u00fccks schon entdeckt, ein paar Blumen niedergelegt und das Herbstlaub ber\u00e4umt.Manfred Petritsch, im Internet bekannt durch seinen Blog &#8222;Schall und Rauch&#8220;, schrieb dort unter dem Namen &#8222;Freeman&#8220;. Seine Blog war mir fr\u00fcher schon aufgefallen und ich hatte ihn immer wieder mal besucht. Freemans Grab mein Helfer-Werkzeug Wowa bei der Arbeit Ich versuchte, Wowa und Dima bei ihrer Arbeit, das Grundst\u00fcck in Ordnung zu halten, als Ausgleich f\u00fcr ihre Gastfreundschaft ein bisschen zu unterst\u00fctzen.Bald lerne ich auch Sergej kennen. Er ist Journalist im Ruhestand, hat eine eigene Zeitung in Suchum ausgegeben und ist auch Vorstandsmitglied der Stiftung und hat mir in Abchasien viel geholfen zurecht zu kommen.Ich durfte auch einen Pkw der Stiftung nutzen um Eink\u00e4ufe im 10 km entfernten Suchum zu machen. Kultur an meinem Auto Essplatz sie haben mich zum Essen eingeladen es gab Manti<\/p>\n","protected":false},"author":1,"featured_media":0,"comment_status":"open","ping_status":"open","sticky":false,"template":"","format":"standard","meta":{"footnotes":""},"categories":[1],"tags":[],"class_list":["post-5338","post","type-post","status-publish","format-standard","hentry","category-allgemein"],"_links":{"self":[{"href":"https:\/\/neuekarawane.de\/de_de\/wp-json\/wp\/v2\/posts\/5338","targetHints":{"allow":["GET"]}}],"collection":[{"href":"https:\/\/neuekarawane.de\/de_de\/wp-json\/wp\/v2\/posts"}],"about":[{"href":"https:\/\/neuekarawane.de\/de_de\/wp-json\/wp\/v2\/types\/post"}],"author":[{"embeddable":true,"href":"https:\/\/neuekarawane.de\/de_de\/wp-json\/wp\/v2\/users\/1"}],"replies":[{"embeddable":true,"href":"https:\/\/neuekarawane.de\/de_de\/wp-json\/wp\/v2\/comments?post=5338"}],"version-history":[{"count":10,"href":"https:\/\/neuekarawane.de\/de_de\/wp-json\/wp\/v2\/posts\/5338\/revisions"}],"predecessor-version":[{"id":5358,"href":"https:\/\/neuekarawane.de\/de_de\/wp-json\/wp\/v2\/posts\/5338\/revisions\/5358"}],"wp:attachment":[{"href":"https:\/\/neuekarawane.de\/de_de\/wp-json\/wp\/v2\/media?parent=5338"}],"wp:term":[{"taxonomy":"category","embeddable":true,"href":"https:\/\/neuekarawane.de\/de_de\/wp-json\/wp\/v2\/categories?post=5338"},{"taxonomy":"post_tag","embeddable":true,"href":"https:\/\/neuekarawane.de\/de_de\/wp-json\/wp\/v2\/tags?post=5338"}],"curies":[{"name":"wp","href":"https:\/\/api.w.org\/{rel}","templated":true}]}}