{"id":5312,"date":"2025-01-26T07:32:29","date_gmt":"2025-01-26T06:32:29","guid":{"rendered":"https:\/\/neuekarawane.de\/?p=5312"},"modified":"2025-01-29T07:36:35","modified_gmt":"2025-01-29T06:36:35","slug":"der-besuch-bei-natascha-und-iwan","status":"publish","type":"post","link":"https:\/\/neuekarawane.de\/de_de\/2025\/01\/26\/der-besuch-bei-natascha-und-iwan\/","title":{"rendered":"Der Besuch bei Natascha und Iwan"},"content":{"rendered":"\t\t<div data-elementor-type=\"wp-post\" data-elementor-id=\"5312\" class=\"elementor elementor-5312\">\n\t\t\t\t\t\t<section class=\"elementor-section elementor-top-section elementor-element elementor-element-4b79a67 elementor-section-boxed elementor-section-height-default elementor-section-height-default wpr-particle-no wpr-jarallax-no wpr-parallax-no wpr-sticky-section-no wpr-equal-height-no\" data-id=\"4b79a67\" data-element_type=\"section\" data-e-type=\"section\">\n\t\t\t\t\t\t<div class=\"elementor-container elementor-column-gap-default\">\n\t\t\t\t\t<div class=\"elementor-column elementor-col-100 elementor-top-column elementor-element elementor-element-256b753\" data-id=\"256b753\" data-element_type=\"column\" data-e-type=\"column\">\n\t\t\t<div class=\"elementor-widget-wrap elementor-element-populated\">\n\t\t\t\t\t\t<div class=\"elementor-element elementor-element-78aa2d9 elementor-widget elementor-widget-text-editor\" data-id=\"78aa2d9\" data-element_type=\"widget\" data-e-type=\"widget\" data-widget_type=\"text-editor.default\">\n\t\t\t\t<div class=\"elementor-widget-container\">\n\t\t\t\t\t\t\t\t\t<p>Wir erhielten die Nachricht, dass Nataschas Tochter uns f\u00fcr 2 Tage zu sich nach hause eingeladen hat und machten uns vormittags auf den Weg. Ich hatte geh\u00f6rt, dass es bis zu Nataschas Einfamilienhaus eine ziemlich weite Strecke ist. Wir fuhren also etwa die H\u00e4lfte der Strecke per Taxi durch das winterlich verschneite Nowosibirsk, dann holte uns Natascha von unterwegs mit ihrem Skoda ab, wir kauften noch etwas ein und waren dann quasi au\u00dferhalb der Stadt in Sibirien, denn rechts und links s\u00e4umten schon Birken- und Nadelw\u00e4lder die Stra\u00dfe.<br \/>Als ich nach dem Namen der Siedlung fragte, in der sie wohnen, wurde ich eines besseren belehrt, die Ortschaft ist noch Nowosibirsk, 30 km vom Zentrum entfernt.<br \/>Ein Holzverkleidetes Einfamilienhaus und Iwan (Nataschas Mann) und die 12-j\u00e4hrige Kira, ihre Tochter, erwarteten uns. Ein sehr freundlicher Empfang , viel Fragen und dann habe Mutter und Tochter, die beiden Nataschas, das Zimmer noch etwas gem\u00fctlicher beleuchtet und begonnen ein sch\u00f6nes Essen vor zu bereiten.<br \/>Nichtsdestotrotz wurden wir auch von den anderen Hausbewohnern be\u00e4ugt, beschnuppert und begr\u00fc\u00dft. Man sah ihnen an, dass sie auch gern gestreichelt werden wollten: Der Hund Ostin, die ziemlich gro\u00dfe Katze Flox und die kleinere Katze Jalta.<\/p>\t\t\t\t\t\t\t\t<\/div>\n\t\t\t\t<\/div>\n\t\t\t\t<div class=\"elementor-element elementor-element-4fd0132 elementor-widget elementor-widget-image-gallery\" data-id=\"4fd0132\" data-element_type=\"widget\" data-e-type=\"widget\" data-widget_type=\"image-gallery.default\">\n\t\t\t\t<div class=\"elementor-widget-container\">\n\t\t\t\t\t\t\t<div class=\"elementor-image-gallery\">\n\t\t\t<div id='gallery-1' class='gallery galleryid-5312 gallery-columns-3 gallery-size-medium'><figure class='gallery-item'>\n\t\t\t<div class='gallery-icon landscape'>\n\t\t\t\t<a data-elementor-open-lightbox=\"yes\" data-elementor-lightbox-slideshow=\"4fd0132\" data-elementor-lightbox-title=\"Wohnhaus von vorn\" data-elementor-lightbox-description=\"Wohnhaus von vorn\" data-e-action-hash=\"#elementor-action%3Aaction%3Dlightbox%26settings%3DeyJpZCI6NTMxNSwidXJsIjoiaHR0cHM6XC9cL25ldWVrYXJhd2FuZS5kZVwvd3AtY29udGVudFwvdXBsb2Fkc1wvMjAyNVwvMDFcL1dvaG5oYXVzLXZvbi12b3JuLXNjYWxlZC5qcGciLCJzbGlkZXNob3ciOiI0ZmQwMTMyIn0%3D\" href='https:\/\/neuekarawane.de\/wp-content\/uploads\/2025\/01\/Wohnhaus-von-vorn-scaled.jpg'><img fetchpriority=\"high\" decoding=\"async\" width=\"300\" height=\"300\" src=\"https:\/\/neuekarawane.de\/wp-content\/uploads\/2025\/01\/Wohnhaus-von-vorn-300x300.jpg\" class=\"attachment-medium size-medium\" alt=\"Wohnhaus von vorn\" aria-describedby=\"gallery-1-5315\" srcset=\"https:\/\/neuekarawane.de\/wp-content\/uploads\/2025\/01\/Wohnhaus-von-vorn-300x300.jpg 300w, https:\/\/neuekarawane.de\/wp-content\/uploads\/2025\/01\/Wohnhaus-von-vorn-1024x1024.jpg 1024w, https:\/\/neuekarawane.de\/wp-content\/uploads\/2025\/01\/Wohnhaus-von-vorn-150x150.jpg 150w, https:\/\/neuekarawane.de\/wp-content\/uploads\/2025\/01\/Wohnhaus-von-vorn-768x768.jpg 768w, https:\/\/neuekarawane.de\/wp-content\/uploads\/2025\/01\/Wohnhaus-von-vorn-1536x1536.jpg 1536w, https:\/\/neuekarawane.de\/wp-content\/uploads\/2025\/01\/Wohnhaus-von-vorn-2048x2048.jpg 2048w, https:\/\/neuekarawane.de\/wp-content\/uploads\/2025\/01\/Wohnhaus-von-vorn-12x12.jpg 12w\" sizes=\"(max-width: 300px) 100vw, 300px\" \/><\/a>\n\t\t\t<\/div>\n\t\t\t\t<figcaption class='wp-caption-text gallery-caption' id='gallery-1-5315'>\n\t\t\t\tWohnhaus von vorn\n\t\t\t\t<\/figcaption><\/figure><figure class='gallery-item'>\n\t\t\t<div class='gallery-icon landscape'>\n\t\t\t\t<a data-elementor-open-lightbox=\"yes\" data-elementor-lightbox-slideshow=\"4fd0132\" data-elementor-lightbox-title=\"Wohnhaus hinten\" data-elementor-lightbox-description=\"Wohnhaus hinten\" data-e-action-hash=\"#elementor-action%3Aaction%3Dlightbox%26settings%3DeyJpZCI6NTMxNiwidXJsIjoiaHR0cHM6XC9cL25ldWVrYXJhd2FuZS5kZVwvd3AtY29udGVudFwvdXBsb2Fkc1wvMjAyNVwvMDFcL1dvaG5oYXVzLWhpbnRlbi1zY2FsZWQuanBnIiwic2xpZGVzaG93IjoiNGZkMDEzMiJ9\" href='https:\/\/neuekarawane.de\/wp-content\/uploads\/2025\/01\/Wohnhaus-hinten-scaled.jpg'><img decoding=\"async\" width=\"300\" height=\"300\" src=\"https:\/\/neuekarawane.de\/wp-content\/uploads\/2025\/01\/Wohnhaus-hinten-300x300.jpg\" class=\"attachment-medium size-medium\" alt=\"Wohnhaus hinten\" aria-describedby=\"gallery-1-5316\" srcset=\"https:\/\/neuekarawane.de\/wp-content\/uploads\/2025\/01\/Wohnhaus-hinten-300x300.jpg 300w, https:\/\/neuekarawane.de\/wp-content\/uploads\/2025\/01\/Wohnhaus-hinten-1024x1024.jpg 1024w, https:\/\/neuekarawane.de\/wp-content\/uploads\/2025\/01\/Wohnhaus-hinten-150x150.jpg 150w, https:\/\/neuekarawane.de\/wp-content\/uploads\/2025\/01\/Wohnhaus-hinten-768x768.jpg 768w, https:\/\/neuekarawane.de\/wp-content\/uploads\/2025\/01\/Wohnhaus-hinten-1536x1536.jpg 1536w, https:\/\/neuekarawane.de\/wp-content\/uploads\/2025\/01\/Wohnhaus-hinten-2048x2048.jpg 2048w, https:\/\/neuekarawane.de\/wp-content\/uploads\/2025\/01\/Wohnhaus-hinten-12x12.jpg 12w\" sizes=\"(max-width: 300px) 100vw, 300px\" \/><\/a>\n\t\t\t<\/div>\n\t\t\t\t<figcaption class='wp-caption-text gallery-caption' id='gallery-1-5316'>\n\t\t\t\tWohnhaus hinten\n\t\t\t\t<\/figcaption><\/figure><figure class='gallery-item'>\n\t\t\t<div class='gallery-icon landscape'>\n\t\t\t\t<a data-elementor-open-lightbox=\"yes\" data-elementor-lightbox-slideshow=\"4fd0132\" data-elementor-lightbox-title=\"Garten mit Gew\u00e4chshaus\" data-elementor-lightbox-description=\"Garten mit Gew\u00e4chshaus\" data-e-action-hash=\"#elementor-action%3Aaction%3Dlightbox%26settings%3DeyJpZCI6NTMxNCwidXJsIjoiaHR0cHM6XC9cL25ldWVrYXJhd2FuZS5kZVwvd3AtY29udGVudFwvdXBsb2Fkc1wvMjAyNVwvMDFcL0dhcnRlbi1taXQtR2V3YWVjaHNoYXVzLXNjYWxlZC5qcGciLCJzbGlkZXNob3ciOiI0ZmQwMTMyIn0%3D\" href='https:\/\/neuekarawane.de\/wp-content\/uploads\/2025\/01\/Garten-mit-Gewaechshaus-scaled.jpg'><img decoding=\"async\" width=\"300\" height=\"300\" src=\"https:\/\/neuekarawane.de\/wp-content\/uploads\/2025\/01\/Garten-mit-Gewaechshaus-300x300.jpg\" class=\"attachment-medium size-medium\" alt=\"Garten mit Gew\u00e4chshaus\" aria-describedby=\"gallery-1-5314\" srcset=\"https:\/\/neuekarawane.de\/wp-content\/uploads\/2025\/01\/Garten-mit-Gewaechshaus-300x300.jpg 300w, https:\/\/neuekarawane.de\/wp-content\/uploads\/2025\/01\/Garten-mit-Gewaechshaus-1024x1024.jpg 1024w, https:\/\/neuekarawane.de\/wp-content\/uploads\/2025\/01\/Garten-mit-Gewaechshaus-150x150.jpg 150w, https:\/\/neuekarawane.de\/wp-content\/uploads\/2025\/01\/Garten-mit-Gewaechshaus-768x768.jpg 768w, https:\/\/neuekarawane.de\/wp-content\/uploads\/2025\/01\/Garten-mit-Gewaechshaus-1536x1536.jpg 1536w, https:\/\/neuekarawane.de\/wp-content\/uploads\/2025\/01\/Garten-mit-Gewaechshaus-2048x2048.jpg 2048w, https:\/\/neuekarawane.de\/wp-content\/uploads\/2025\/01\/Garten-mit-Gewaechshaus-12x12.jpg 12w\" sizes=\"(max-width: 300px) 100vw, 300px\" \/><\/a>\n\t\t\t<\/div>\n\t\t\t\t<figcaption class='wp-caption-text gallery-caption' id='gallery-1-5314'>\n\t\t\t\tGarten mit Gew\u00e4chshaus\n\t\t\t\t<\/figcaption><\/figure>\n\t\t<\/div>\n\t\t<\/div>\n\t\t\t\t\t\t<\/div>\n\t\t\t\t<\/div>\n\t\t\t\t<div class=\"elementor-element elementor-element-0d53419 elementor-widget elementor-widget-image-gallery\" data-id=\"0d53419\" data-element_type=\"widget\" data-e-type=\"widget\" data-widget_type=\"image-gallery.default\">\n\t\t\t\t<div class=\"elementor-widget-container\">\n\t\t\t\t\t\t\t<div class=\"elementor-image-gallery\">\n\t\t\t<div id='gallery-2' class='gallery galleryid-5312 gallery-columns-3 gallery-size-medium'><figure class='gallery-item'>\n\t\t\t<div class='gallery-icon landscape'>\n\t\t\t\t<a data-elementor-open-lightbox=\"yes\" data-elementor-lightbox-slideshow=\"0d53419\" data-elementor-lightbox-title=\"Flox\" data-elementor-lightbox-description=\"Flox\" data-e-action-hash=\"#elementor-action%3Aaction%3Dlightbox%26settings%3DeyJpZCI6NTMxNywidXJsIjoiaHR0cHM6XC9cL25ldWVrYXJhd2FuZS5kZVwvd3AtY29udGVudFwvdXBsb2Fkc1wvMjAyNVwvMDFcL0Zsb3gtc2NhbGVkLmpwZyIsInNsaWRlc2hvdyI6IjBkNTM0MTkifQ%3D%3D\" href='https:\/\/neuekarawane.de\/wp-content\/uploads\/2025\/01\/Flox-scaled.jpg'><img loading=\"lazy\" decoding=\"async\" width=\"300\" height=\"300\" src=\"https:\/\/neuekarawane.de\/wp-content\/uploads\/2025\/01\/Flox-300x300.jpg\" class=\"attachment-medium size-medium\" alt=\"Flox\" aria-describedby=\"gallery-2-5317\" srcset=\"https:\/\/neuekarawane.de\/wp-content\/uploads\/2025\/01\/Flox-300x300.jpg 300w, https:\/\/neuekarawane.de\/wp-content\/uploads\/2025\/01\/Flox-1024x1024.jpg 1024w, https:\/\/neuekarawane.de\/wp-content\/uploads\/2025\/01\/Flox-150x150.jpg 150w, https:\/\/neuekarawane.de\/wp-content\/uploads\/2025\/01\/Flox-768x768.jpg 768w, https:\/\/neuekarawane.de\/wp-content\/uploads\/2025\/01\/Flox-1536x1536.jpg 1536w, https:\/\/neuekarawane.de\/wp-content\/uploads\/2025\/01\/Flox-2048x2048.jpg 2048w, https:\/\/neuekarawane.de\/wp-content\/uploads\/2025\/01\/Flox-12x12.jpg 12w\" sizes=\"(max-width: 300px) 100vw, 300px\" \/><\/a>\n\t\t\t<\/div>\n\t\t\t\t<figcaption class='wp-caption-text gallery-caption' id='gallery-2-5317'>\n\t\t\t\tFlox\n\t\t\t\t<\/figcaption><\/figure><figure class='gallery-item'>\n\t\t\t<div class='gallery-icon landscape'>\n\t\t\t\t<a data-elementor-open-lightbox=\"yes\" data-elementor-lightbox-slideshow=\"0d53419\" data-elementor-lightbox-title=\"Ostin\" data-elementor-lightbox-description=\"Ostin\" data-e-action-hash=\"#elementor-action%3Aaction%3Dlightbox%26settings%3DeyJpZCI6NTMxOSwidXJsIjoiaHR0cHM6XC9cL25ldWVrYXJhd2FuZS5kZVwvd3AtY29udGVudFwvdXBsb2Fkc1wvMjAyNVwvMDFcL09zdGluLS1zY2FsZWQuanBnIiwic2xpZGVzaG93IjoiMGQ1MzQxOSJ9\" href='https:\/\/neuekarawane.de\/wp-content\/uploads\/2025\/01\/Ostin--scaled.jpg'><img loading=\"lazy\" decoding=\"async\" width=\"300\" height=\"300\" src=\"https:\/\/neuekarawane.de\/wp-content\/uploads\/2025\/01\/Ostin--300x300.jpg\" class=\"attachment-medium size-medium\" alt=\"Ostin\" aria-describedby=\"gallery-2-5319\" srcset=\"https:\/\/neuekarawane.de\/wp-content\/uploads\/2025\/01\/Ostin--300x300.jpg 300w, https:\/\/neuekarawane.de\/wp-content\/uploads\/2025\/01\/Ostin--1024x1024.jpg 1024w, https:\/\/neuekarawane.de\/wp-content\/uploads\/2025\/01\/Ostin--150x150.jpg 150w, https:\/\/neuekarawane.de\/wp-content\/uploads\/2025\/01\/Ostin--768x768.jpg 768w, https:\/\/neuekarawane.de\/wp-content\/uploads\/2025\/01\/Ostin--1536x1536.jpg 1536w, https:\/\/neuekarawane.de\/wp-content\/uploads\/2025\/01\/Ostin--2048x2048.jpg 2048w, https:\/\/neuekarawane.de\/wp-content\/uploads\/2025\/01\/Ostin--12x12.jpg 12w\" sizes=\"(max-width: 300px) 100vw, 300px\" \/><\/a>\n\t\t\t<\/div>\n\t\t\t\t<figcaption class='wp-caption-text gallery-caption' id='gallery-2-5319'>\n\t\t\t\tOstin\n\t\t\t\t<\/figcaption><\/figure><figure class='gallery-item'>\n\t\t\t<div class='gallery-icon landscape'>\n\t\t\t\t<a data-elementor-open-lightbox=\"yes\" data-elementor-lightbox-slideshow=\"0d53419\" data-elementor-lightbox-title=\"Jalta\" data-elementor-lightbox-description=\"Jalta\" data-e-action-hash=\"#elementor-action%3Aaction%3Dlightbox%26settings%3DeyJpZCI6NTMxOCwidXJsIjoiaHR0cHM6XC9cL25ldWVrYXJhd2FuZS5kZVwvd3AtY29udGVudFwvdXBsb2Fkc1wvMjAyNVwvMDFcL0phbHRhLXNjYWxlZC5qcGciLCJzbGlkZXNob3ciOiIwZDUzNDE5In0%3D\" href='https:\/\/neuekarawane.de\/wp-content\/uploads\/2025\/01\/Jalta-scaled.jpg'><img loading=\"lazy\" decoding=\"async\" width=\"300\" height=\"300\" src=\"https:\/\/neuekarawane.de\/wp-content\/uploads\/2025\/01\/Jalta-300x300.jpg\" class=\"attachment-medium size-medium\" alt=\"Jalta\" aria-describedby=\"gallery-2-5318\" srcset=\"https:\/\/neuekarawane.de\/wp-content\/uploads\/2025\/01\/Jalta-300x300.jpg 300w, https:\/\/neuekarawane.de\/wp-content\/uploads\/2025\/01\/Jalta-1024x1024.jpg 1024w, https:\/\/neuekarawane.de\/wp-content\/uploads\/2025\/01\/Jalta-150x150.jpg 150w, https:\/\/neuekarawane.de\/wp-content\/uploads\/2025\/01\/Jalta-768x768.jpg 768w, https:\/\/neuekarawane.de\/wp-content\/uploads\/2025\/01\/Jalta-1536x1536.jpg 1536w, https:\/\/neuekarawane.de\/wp-content\/uploads\/2025\/01\/Jalta-2048x2048.jpg 2048w, https:\/\/neuekarawane.de\/wp-content\/uploads\/2025\/01\/Jalta-12x12.jpg 12w\" sizes=\"(max-width: 300px) 100vw, 300px\" \/><\/a>\n\t\t\t<\/div>\n\t\t\t\t<figcaption class='wp-caption-text gallery-caption' id='gallery-2-5318'>\n\t\t\t\tJalta\n\t\t\t\t<\/figcaption><\/figure>\n\t\t<\/div>\n\t\t<\/div>\n\t\t\t\t\t\t<\/div>\n\t\t\t\t<\/div>\n\t\t\t\t<div class=\"elementor-element elementor-element-f30f747 elementor-widget elementor-widget-text-editor\" data-id=\"f30f747\" data-element_type=\"widget\" data-e-type=\"widget\" data-widget_type=\"text-editor.default\">\n\t\t\t\t<div class=\"elementor-widget-container\">\n\t\t\t\t\t\t\t\t\t<p>Was ich ebenso nicht bemerkt hatte, der Hund Ostin hatte durch eine Krankheit beide Augen verloren, sie sind einfach k\u00f6rperlich nicht mehr da. Das merkt man aber im Alltag kaum, er tollt mit den Katzen herum und schl\u00fcpft auch nach drau\u00dfen in den Garten, trotz 20 Grad Minus, wartet geduldig, bis ihm jemand die Haust\u00fcr wieder aufmacht. Die Katzen nat\u00fcrlich ganz \u00e4hnlich.<\/p>\t\t\t\t\t\t\t\t<\/div>\n\t\t\t\t<\/div>\n\t\t\t\t<div class=\"elementor-element elementor-element-8bf280a elementor-widget elementor-widget-image-gallery\" data-id=\"8bf280a\" data-element_type=\"widget\" data-e-type=\"widget\" data-widget_type=\"image-gallery.default\">\n\t\t\t\t<div class=\"elementor-widget-container\">\n\t\t\t\t\t\t\t<div class=\"elementor-image-gallery\">\n\t\t\t<div id='gallery-3' class='gallery galleryid-5312 gallery-columns-3 gallery-size-medium'><figure class='gallery-item'>\n\t\t\t<div class='gallery-icon landscape'>\n\t\t\t\t<a data-elementor-open-lightbox=\"yes\" data-elementor-lightbox-slideshow=\"8bf280a\" data-elementor-lightbox-title=\"die Banja\" data-elementor-lightbox-description=\"die Banja\" data-e-action-hash=\"#elementor-action%3Aaction%3Dlightbox%26settings%3DeyJpZCI6NTMyMCwidXJsIjoiaHR0cHM6XC9cL25ldWVrYXJhd2FuZS5kZVwvd3AtY29udGVudFwvdXBsb2Fkc1wvMjAyNVwvMDFcL2RpZS1CYW5qYS1zY2FsZWQuanBnIiwic2xpZGVzaG93IjoiOGJmMjgwYSJ9\" href='https:\/\/neuekarawane.de\/wp-content\/uploads\/2025\/01\/die-Banja-scaled.jpg'><img loading=\"lazy\" decoding=\"async\" width=\"300\" height=\"300\" src=\"https:\/\/neuekarawane.de\/wp-content\/uploads\/2025\/01\/die-Banja-300x300.jpg\" class=\"attachment-medium size-medium\" alt=\"die Banja\" aria-describedby=\"gallery-3-5320\" srcset=\"https:\/\/neuekarawane.de\/wp-content\/uploads\/2025\/01\/die-Banja-300x300.jpg 300w, https:\/\/neuekarawane.de\/wp-content\/uploads\/2025\/01\/die-Banja-1024x1024.jpg 1024w, https:\/\/neuekarawane.de\/wp-content\/uploads\/2025\/01\/die-Banja-150x150.jpg 150w, https:\/\/neuekarawane.de\/wp-content\/uploads\/2025\/01\/die-Banja-768x768.jpg 768w, https:\/\/neuekarawane.de\/wp-content\/uploads\/2025\/01\/die-Banja-1536x1536.jpg 1536w, https:\/\/neuekarawane.de\/wp-content\/uploads\/2025\/01\/die-Banja-2048x2048.jpg 2048w, https:\/\/neuekarawane.de\/wp-content\/uploads\/2025\/01\/die-Banja-12x12.jpg 12w\" sizes=\"(max-width: 300px) 100vw, 300px\" \/><\/a>\n\t\t\t<\/div>\n\t\t\t\t<figcaption class='wp-caption-text gallery-caption' id='gallery-3-5320'>\n\t\t\t\tdie Banja\n\t\t\t\t<\/figcaption><\/figure><figure class='gallery-item'>\n\t\t\t<div class='gallery-icon landscape'>\n\t\t\t\t<a data-elementor-open-lightbox=\"yes\" data-elementor-lightbox-slideshow=\"8bf280a\" data-elementor-lightbox-title=\"und Plumpe\" data-elementor-lightbox-description=\"und Plumpe\" data-e-action-hash=\"#elementor-action%3Aaction%3Dlightbox%26settings%3DeyJpZCI6NTMyMSwidXJsIjoiaHR0cHM6XC9cL25ldWVrYXJhd2FuZS5kZVwvd3AtY29udGVudFwvdXBsb2Fkc1wvMjAyNVwvMDFcL3VuZC1QbHVtcGUtc2NhbGVkLmpwZyIsInNsaWRlc2hvdyI6IjhiZjI4MGEifQ%3D%3D\" href='https:\/\/neuekarawane.de\/wp-content\/uploads\/2025\/01\/und-Plumpe-scaled.jpg'><img loading=\"lazy\" decoding=\"async\" width=\"300\" height=\"300\" src=\"https:\/\/neuekarawane.de\/wp-content\/uploads\/2025\/01\/und-Plumpe-300x300.jpg\" class=\"attachment-medium size-medium\" alt=\"und Plumpe\" aria-describedby=\"gallery-3-5321\" srcset=\"https:\/\/neuekarawane.de\/wp-content\/uploads\/2025\/01\/und-Plumpe-300x300.jpg 300w, https:\/\/neuekarawane.de\/wp-content\/uploads\/2025\/01\/und-Plumpe-1024x1024.jpg 1024w, https:\/\/neuekarawane.de\/wp-content\/uploads\/2025\/01\/und-Plumpe-150x150.jpg 150w, https:\/\/neuekarawane.de\/wp-content\/uploads\/2025\/01\/und-Plumpe-768x768.jpg 768w, https:\/\/neuekarawane.de\/wp-content\/uploads\/2025\/01\/und-Plumpe-1536x1536.jpg 1536w, https:\/\/neuekarawane.de\/wp-content\/uploads\/2025\/01\/und-Plumpe-2048x2048.jpg 2048w, https:\/\/neuekarawane.de\/wp-content\/uploads\/2025\/01\/und-Plumpe-12x12.jpg 12w\" sizes=\"(max-width: 300px) 100vw, 300px\" \/><\/a>\n\t\t\t<\/div>\n\t\t\t\t<figcaption class='wp-caption-text gallery-caption' id='gallery-3-5321'>\n\t\t\t\tdie Plumpe\n\t\t\t\t<\/figcaption><\/figure><figure class='gallery-item'>\n\t\t\t<div class='gallery-icon landscape'>\n\t\t\t\t<a data-elementor-open-lightbox=\"yes\" data-elementor-lightbox-slideshow=\"8bf280a\" data-elementor-lightbox-title=\"und auch ein Quad geh\u00f6rt dazu\" data-elementor-lightbox-description=\"und auch ein Quad geh\u00f6rt dazu\" data-e-action-hash=\"#elementor-action%3Aaction%3Dlightbox%26settings%3DeyJpZCI6NTMyMiwidXJsIjoiaHR0cHM6XC9cL25ldWVrYXJhd2FuZS5kZVwvd3AtY29udGVudFwvdXBsb2Fkc1wvMjAyNVwvMDFcL3VuZC1hdWNoLWVpbi1RdWFkLWdlaG9lcnQtZGF6dS1zY2FsZWQuanBnIiwic2xpZGVzaG93IjoiOGJmMjgwYSJ9\" href='https:\/\/neuekarawane.de\/wp-content\/uploads\/2025\/01\/und-auch-ein-Quad-gehoert-dazu-scaled.jpg'><img loading=\"lazy\" decoding=\"async\" width=\"300\" height=\"300\" src=\"https:\/\/neuekarawane.de\/wp-content\/uploads\/2025\/01\/und-auch-ein-Quad-gehoert-dazu-300x300.jpg\" class=\"attachment-medium size-medium\" alt=\"und auch ein Quad geh\u00f6rt dazu\" aria-describedby=\"gallery-3-5322\" srcset=\"https:\/\/neuekarawane.de\/wp-content\/uploads\/2025\/01\/und-auch-ein-Quad-gehoert-dazu-300x300.jpg 300w, https:\/\/neuekarawane.de\/wp-content\/uploads\/2025\/01\/und-auch-ein-Quad-gehoert-dazu-1024x1024.jpg 1024w, https:\/\/neuekarawane.de\/wp-content\/uploads\/2025\/01\/und-auch-ein-Quad-gehoert-dazu-150x150.jpg 150w, https:\/\/neuekarawane.de\/wp-content\/uploads\/2025\/01\/und-auch-ein-Quad-gehoert-dazu-768x768.jpg 768w, https:\/\/neuekarawane.de\/wp-content\/uploads\/2025\/01\/und-auch-ein-Quad-gehoert-dazu-1536x1536.jpg 1536w, https:\/\/neuekarawane.de\/wp-content\/uploads\/2025\/01\/und-auch-ein-Quad-gehoert-dazu-2048x2048.jpg 2048w, https:\/\/neuekarawane.de\/wp-content\/uploads\/2025\/01\/und-auch-ein-Quad-gehoert-dazu-12x12.jpg 12w\" sizes=\"(max-width: 300px) 100vw, 300px\" \/><\/a>\n\t\t\t<\/div>\n\t\t\t\t<figcaption class='wp-caption-text gallery-caption' id='gallery-3-5322'>\n\t\t\t\tund auch ein Quad geh\u00f6rt dazu\n\t\t\t\t<\/figcaption><\/figure>\n\t\t<\/div>\n\t\t<\/div>\n\t\t\t\t\t\t<\/div>\n\t\t\t\t<\/div>\n\t\t\t\t<div class=\"elementor-element elementor-element-af4d44f elementor-widget elementor-widget-text-editor\" data-id=\"af4d44f\" data-element_type=\"widget\" data-e-type=\"widget\" data-widget_type=\"text-editor.default\">\n\t\t\t\t<div class=\"elementor-widget-container\">\n\t\t\t\t\t\t\t\t\t<p>Nicht wirklich \u00fcberrascht war ich, als ich erfuhr, dass sich die Familie nat\u00fcrlich eine Banja gebaut hat. \u00dcberhaupt haben sie an und in ihrem Haus und Garten sehr viel selbst gebaut, quasi so, wie ich zu hause auch.<br \/>Dann wurde mir die gro\u00dfe Bedeutung der russischen Banja, das russische Badehaus, erkl\u00e4rt und wie wichtig es ist, w\u00f6chentlich nicht etwa nur den ganzen K\u00f6rper zu reinigen, sondern auch das Innere und die Seele gesund zu halten. Ich wurde nat\u00fcrlich gebeten, das Ganze auch noch auszuprobieren und mich davon zu \u00fcberzeugen. Die Banja war l\u00e4ngst mit Holz eingeheizt und ein Umkleideraum, ein Vorraum, von dem man dann die eigentliche Banja betritt. Ein Blick auf das Thermometer in Brusth\u00f6he ergab: knapp 70 Grad. Iwan gab sich M\u00fche mir Laien den genauen Ablauf der Prozedur und dessen Sinn zu erkl\u00e4ren. Er war quasi mein Bademeister. Auf unterer Stufe erst einmal erw\u00e4rmen, dann h\u00f6her und h\u00f6her und lockern, dass sich die Poren \u00f6ffnen. Wem es dann zu warm geworden war &#8230; im Umkleideraum wieder etwas reklimatisieren, etwas abtrocknen und schlie\u00dflich das ganze wieder von vorn.<\/p>\t\t\t\t\t\t\t\t<\/div>\n\t\t\t\t<\/div>\n\t\t\t\t<div class=\"elementor-element elementor-element-2e37767 elementor-widget elementor-widget-image-gallery\" data-id=\"2e37767\" data-element_type=\"widget\" data-e-type=\"widget\" data-widget_type=\"image-gallery.default\">\n\t\t\t\t<div class=\"elementor-widget-container\">\n\t\t\t\t\t\t\t<div class=\"elementor-image-gallery\">\n\t\t\t<div id='gallery-4' class='gallery galleryid-5312 gallery-columns-3 gallery-size-medium'><figure class='gallery-item'>\n\t\t\t<div class='gallery-icon landscape'>\n\t\t\t\t<a data-elementor-open-lightbox=\"yes\" data-elementor-lightbox-slideshow=\"2e37767\" data-elementor-lightbox-title=\"der Hausflur\" data-elementor-lightbox-description=\"der Hausflur\" data-e-action-hash=\"#elementor-action%3Aaction%3Dlightbox%26settings%3DeyJpZCI6NTMyNywidXJsIjoiaHR0cHM6XC9cL25ldWVrYXJhd2FuZS5kZVwvd3AtY29udGVudFwvdXBsb2Fkc1wvMjAyNVwvMDFcL2Rlci1IYXVzZmx1ci1zY2FsZWQuanBnIiwic2xpZGVzaG93IjoiMmUzNzc2NyJ9\" href='https:\/\/neuekarawane.de\/wp-content\/uploads\/2025\/01\/der-Hausflur-scaled.jpg'><img loading=\"lazy\" decoding=\"async\" width=\"300\" height=\"300\" src=\"https:\/\/neuekarawane.de\/wp-content\/uploads\/2025\/01\/der-Hausflur-300x300.jpg\" class=\"attachment-medium size-medium\" alt=\"der Hausflur\" aria-describedby=\"gallery-4-5327\" srcset=\"https:\/\/neuekarawane.de\/wp-content\/uploads\/2025\/01\/der-Hausflur-300x300.jpg 300w, https:\/\/neuekarawane.de\/wp-content\/uploads\/2025\/01\/der-Hausflur-1024x1024.jpg 1024w, https:\/\/neuekarawane.de\/wp-content\/uploads\/2025\/01\/der-Hausflur-150x150.jpg 150w, https:\/\/neuekarawane.de\/wp-content\/uploads\/2025\/01\/der-Hausflur-768x768.jpg 768w, https:\/\/neuekarawane.de\/wp-content\/uploads\/2025\/01\/der-Hausflur-1536x1536.jpg 1536w, https:\/\/neuekarawane.de\/wp-content\/uploads\/2025\/01\/der-Hausflur-2048x2048.jpg 2048w, https:\/\/neuekarawane.de\/wp-content\/uploads\/2025\/01\/der-Hausflur-12x12.jpg 12w\" sizes=\"(max-width: 300px) 100vw, 300px\" \/><\/a>\n\t\t\t<\/div>\n\t\t\t\t<figcaption class='wp-caption-text gallery-caption' id='gallery-4-5327'>\n\t\t\t\tder Hausflur\n\t\t\t\t<\/figcaption><\/figure><figure class='gallery-item'>\n\t\t\t<div class='gallery-icon landscape'>\n\t\t\t\t<a data-elementor-open-lightbox=\"yes\" data-elementor-lightbox-slideshow=\"2e37767\" data-elementor-lightbox-title=\"K\u00fcche\" data-elementor-lightbox-description=\"K\u00fcche\" data-e-action-hash=\"#elementor-action%3Aaction%3Dlightbox%26settings%3DeyJpZCI6NTMyNSwidXJsIjoiaHR0cHM6XC9cL25ldWVrYXJhd2FuZS5kZVwvd3AtY29udGVudFwvdXBsb2Fkc1wvMjAyNVwvMDFcL0t1ZWNoZS1zY2FsZWQuanBnIiwic2xpZGVzaG93IjoiMmUzNzc2NyJ9\" href='https:\/\/neuekarawane.de\/wp-content\/uploads\/2025\/01\/Kueche-scaled.jpg'><img loading=\"lazy\" decoding=\"async\" width=\"300\" height=\"300\" src=\"https:\/\/neuekarawane.de\/wp-content\/uploads\/2025\/01\/Kueche-300x300.jpg\" class=\"attachment-medium size-medium\" alt=\"K\u00fcche\" aria-describedby=\"gallery-4-5325\" srcset=\"https:\/\/neuekarawane.de\/wp-content\/uploads\/2025\/01\/Kueche-300x300.jpg 300w, https:\/\/neuekarawane.de\/wp-content\/uploads\/2025\/01\/Kueche-1024x1024.jpg 1024w, https:\/\/neuekarawane.de\/wp-content\/uploads\/2025\/01\/Kueche-150x150.jpg 150w, https:\/\/neuekarawane.de\/wp-content\/uploads\/2025\/01\/Kueche-768x768.jpg 768w, https:\/\/neuekarawane.de\/wp-content\/uploads\/2025\/01\/Kueche-1536x1536.jpg 1536w, https:\/\/neuekarawane.de\/wp-content\/uploads\/2025\/01\/Kueche-2048x2048.jpg 2048w, https:\/\/neuekarawane.de\/wp-content\/uploads\/2025\/01\/Kueche-12x12.jpg 12w\" sizes=\"(max-width: 300px) 100vw, 300px\" \/><\/a>\n\t\t\t<\/div>\n\t\t\t\t<figcaption class='wp-caption-text gallery-caption' id='gallery-4-5325'>\n\t\t\t\tK\u00fcche\n\t\t\t\t<\/figcaption><\/figure><figure class='gallery-item'>\n\t\t\t<div class='gallery-icon landscape'>\n\t\t\t\t<a data-elementor-open-lightbox=\"yes\" data-elementor-lightbox-slideshow=\"2e37767\" data-elementor-lightbox-title=\"mit Essplatz\" data-elementor-lightbox-description=\"mit Essplatz\" data-e-action-hash=\"#elementor-action%3Aaction%3Dlightbox%26settings%3DeyJpZCI6NTMyNiwidXJsIjoiaHR0cHM6XC9cL25ldWVrYXJhd2FuZS5kZVwvd3AtY29udGVudFwvdXBsb2Fkc1wvMjAyNVwvMDFcL21pdC1Fc3NwbGF0ei1zY2FsZWQuanBnIiwic2xpZGVzaG93IjoiMmUzNzc2NyJ9\" href='https:\/\/neuekarawane.de\/wp-content\/uploads\/2025\/01\/mit-Essplatz-scaled.jpg'><img loading=\"lazy\" decoding=\"async\" width=\"300\" height=\"300\" src=\"https:\/\/neuekarawane.de\/wp-content\/uploads\/2025\/01\/mit-Essplatz-300x300.jpg\" class=\"attachment-medium size-medium\" alt=\"mit Essplatz\" aria-describedby=\"gallery-4-5326\" srcset=\"https:\/\/neuekarawane.de\/wp-content\/uploads\/2025\/01\/mit-Essplatz-300x300.jpg 300w, https:\/\/neuekarawane.de\/wp-content\/uploads\/2025\/01\/mit-Essplatz-1024x1024.jpg 1024w, https:\/\/neuekarawane.de\/wp-content\/uploads\/2025\/01\/mit-Essplatz-150x150.jpg 150w, https:\/\/neuekarawane.de\/wp-content\/uploads\/2025\/01\/mit-Essplatz-768x768.jpg 768w, https:\/\/neuekarawane.de\/wp-content\/uploads\/2025\/01\/mit-Essplatz-1536x1536.jpg 1536w, https:\/\/neuekarawane.de\/wp-content\/uploads\/2025\/01\/mit-Essplatz-2048x2048.jpg 2048w, https:\/\/neuekarawane.de\/wp-content\/uploads\/2025\/01\/mit-Essplatz-12x12.jpg 12w\" sizes=\"(max-width: 300px) 100vw, 300px\" \/><\/a>\n\t\t\t<\/div>\n\t\t\t\t<figcaption class='wp-caption-text gallery-caption' id='gallery-4-5326'>\n\t\t\t\tmit Essplatz\n\t\t\t\t<\/figcaption><\/figure>\n\t\t<\/div>\n\t\t<\/div>\n\t\t\t\t\t\t<\/div>\n\t\t\t\t<\/div>\n\t\t\t\t<div class=\"elementor-element elementor-element-04ce410 elementor-widget elementor-widget-image-gallery\" data-id=\"04ce410\" data-element_type=\"widget\" data-e-type=\"widget\" data-widget_type=\"image-gallery.default\">\n\t\t\t\t<div class=\"elementor-widget-container\">\n\t\t\t\t\t\t\t<div class=\"elementor-image-gallery\">\n\t\t\t<div id='gallery-5' class='gallery galleryid-5312 gallery-columns-3 gallery-size-medium'><figure class='gallery-item'>\n\t\t\t<div class='gallery-icon landscape'>\n\t\t\t\t<a data-elementor-open-lightbox=\"yes\" data-elementor-lightbox-slideshow=\"04ce410\" data-elementor-lightbox-title=\"Wohnzimmer mit Doppelbettcouch\" data-elementor-lightbox-description=\"Wohnzimmer mit Doppelbettcouch\" data-e-action-hash=\"#elementor-action%3Aaction%3Dlightbox%26settings%3DeyJpZCI6NTMyNCwidXJsIjoiaHR0cHM6XC9cL25ldWVrYXJhd2FuZS5kZVwvd3AtY29udGVudFwvdXBsb2Fkc1wvMjAyNVwvMDFcL1dvaG56aW1tZXItbWl0LURvcHBlbGJldHRjb3VjaC1zY2FsZWQuanBnIiwic2xpZGVzaG93IjoiMDRjZTQxMCJ9\" href='https:\/\/neuekarawane.de\/wp-content\/uploads\/2025\/01\/Wohnzimmer-mit-Doppelbettcouch-scaled.jpg'><img loading=\"lazy\" decoding=\"async\" width=\"300\" height=\"300\" src=\"https:\/\/neuekarawane.de\/wp-content\/uploads\/2025\/01\/Wohnzimmer-mit-Doppelbettcouch-300x300.jpg\" class=\"attachment-medium size-medium\" alt=\"Wohnzimmer mit Doppelbettcouch\" aria-describedby=\"gallery-5-5324\" srcset=\"https:\/\/neuekarawane.de\/wp-content\/uploads\/2025\/01\/Wohnzimmer-mit-Doppelbettcouch-300x300.jpg 300w, https:\/\/neuekarawane.de\/wp-content\/uploads\/2025\/01\/Wohnzimmer-mit-Doppelbettcouch-1024x1024.jpg 1024w, https:\/\/neuekarawane.de\/wp-content\/uploads\/2025\/01\/Wohnzimmer-mit-Doppelbettcouch-150x150.jpg 150w, https:\/\/neuekarawane.de\/wp-content\/uploads\/2025\/01\/Wohnzimmer-mit-Doppelbettcouch-768x768.jpg 768w, https:\/\/neuekarawane.de\/wp-content\/uploads\/2025\/01\/Wohnzimmer-mit-Doppelbettcouch-1536x1536.jpg 1536w, https:\/\/neuekarawane.de\/wp-content\/uploads\/2025\/01\/Wohnzimmer-mit-Doppelbettcouch-2048x2048.jpg 2048w, https:\/\/neuekarawane.de\/wp-content\/uploads\/2025\/01\/Wohnzimmer-mit-Doppelbettcouch-12x12.jpg 12w\" sizes=\"(max-width: 300px) 100vw, 300px\" \/><\/a>\n\t\t\t<\/div>\n\t\t\t\t<figcaption class='wp-caption-text gallery-caption' id='gallery-5-5324'>\n\t\t\t\tWohnzimmer mit Doppelbettcouch\n\t\t\t\t<\/figcaption><\/figure><figure class='gallery-item'>\n\t\t\t<div class='gallery-icon landscape'>\n\t\t\t\t<a data-elementor-open-lightbox=\"yes\" data-elementor-lightbox-slideshow=\"04ce410\" data-elementor-lightbox-title=\"der Weihnachtsbaum steht noch\" data-elementor-lightbox-description=\"der Weihnachtsbaum steht noch\" data-e-action-hash=\"#elementor-action%3Aaction%3Dlightbox%26settings%3DeyJpZCI6NTMyMywidXJsIjoiaHR0cHM6XC9cL25ldWVrYXJhd2FuZS5kZVwvd3AtY29udGVudFwvdXBsb2Fkc1wvMjAyNVwvMDFcL2Rlci1XZWlobmFjaHRzYmF1bS1zdGVodC1ub2NoLXNjYWxlZC5qcGciLCJzbGlkZXNob3ciOiIwNGNlNDEwIn0%3D\" href='https:\/\/neuekarawane.de\/wp-content\/uploads\/2025\/01\/der-Weihnachtsbaum-steht-noch-scaled.jpg'><img loading=\"lazy\" decoding=\"async\" width=\"300\" height=\"300\" src=\"https:\/\/neuekarawane.de\/wp-content\/uploads\/2025\/01\/der-Weihnachtsbaum-steht-noch-300x300.jpg\" class=\"attachment-medium size-medium\" alt=\"der Weihnachtsbaum steht noch\" aria-describedby=\"gallery-5-5323\" srcset=\"https:\/\/neuekarawane.de\/wp-content\/uploads\/2025\/01\/der-Weihnachtsbaum-steht-noch-300x300.jpg 300w, https:\/\/neuekarawane.de\/wp-content\/uploads\/2025\/01\/der-Weihnachtsbaum-steht-noch-1024x1024.jpg 1024w, https:\/\/neuekarawane.de\/wp-content\/uploads\/2025\/01\/der-Weihnachtsbaum-steht-noch-150x150.jpg 150w, https:\/\/neuekarawane.de\/wp-content\/uploads\/2025\/01\/der-Weihnachtsbaum-steht-noch-768x768.jpg 768w, https:\/\/neuekarawane.de\/wp-content\/uploads\/2025\/01\/der-Weihnachtsbaum-steht-noch-1536x1536.jpg 1536w, https:\/\/neuekarawane.de\/wp-content\/uploads\/2025\/01\/der-Weihnachtsbaum-steht-noch-2048x2048.jpg 2048w, https:\/\/neuekarawane.de\/wp-content\/uploads\/2025\/01\/der-Weihnachtsbaum-steht-noch-12x12.jpg 12w\" sizes=\"(max-width: 300px) 100vw, 300px\" \/><\/a>\n\t\t\t<\/div>\n\t\t\t\t<figcaption class='wp-caption-text gallery-caption' id='gallery-5-5323'>\n\t\t\t\tder Weihnachtsbaum steht noch\n\t\t\t\t<\/figcaption><\/figure><figure class='gallery-item'>\n\t\t\t<div class='gallery-icon landscape'>\n\t\t\t\t<a data-elementor-open-lightbox=\"yes\" data-elementor-lightbox-slideshow=\"04ce410\" data-elementor-lightbox-title=\"Hauswirtschaftsraum mit Fissmannheizung\" data-elementor-lightbox-description=\"Hauswirtschaftsraum mit Fissmannheizung\" data-e-action-hash=\"#elementor-action%3Aaction%3Dlightbox%26settings%3DeyJpZCI6NTMyOCwidXJsIjoiaHR0cHM6XC9cL25ldWVrYXJhd2FuZS5kZVwvd3AtY29udGVudFwvdXBsb2Fkc1wvMjAyNVwvMDFcL0hhdXN3aXJ0c2NoYWZ0c3JhdW0tbWl0LUZpc3NtYW5uaGVpenVuZy1zY2FsZWQuanBnIiwic2xpZGVzaG93IjoiMDRjZTQxMCJ9\" href='https:\/\/neuekarawane.de\/wp-content\/uploads\/2025\/01\/Hauswirtschaftsraum-mit-Fissmannheizung-scaled.jpg'><img loading=\"lazy\" decoding=\"async\" width=\"300\" height=\"300\" src=\"https:\/\/neuekarawane.de\/wp-content\/uploads\/2025\/01\/Hauswirtschaftsraum-mit-Fissmannheizung-300x300.jpg\" class=\"attachment-medium size-medium\" alt=\"Hauswirtschaftsraum mit Fissmannheizung\" aria-describedby=\"gallery-5-5328\" srcset=\"https:\/\/neuekarawane.de\/wp-content\/uploads\/2025\/01\/Hauswirtschaftsraum-mit-Fissmannheizung-300x300.jpg 300w, https:\/\/neuekarawane.de\/wp-content\/uploads\/2025\/01\/Hauswirtschaftsraum-mit-Fissmannheizung-1024x1024.jpg 1024w, https:\/\/neuekarawane.de\/wp-content\/uploads\/2025\/01\/Hauswirtschaftsraum-mit-Fissmannheizung-150x150.jpg 150w, https:\/\/neuekarawane.de\/wp-content\/uploads\/2025\/01\/Hauswirtschaftsraum-mit-Fissmannheizung-768x768.jpg 768w, https:\/\/neuekarawane.de\/wp-content\/uploads\/2025\/01\/Hauswirtschaftsraum-mit-Fissmannheizung-1536x1536.jpg 1536w, https:\/\/neuekarawane.de\/wp-content\/uploads\/2025\/01\/Hauswirtschaftsraum-mit-Fissmannheizung-2048x2048.jpg 2048w, https:\/\/neuekarawane.de\/wp-content\/uploads\/2025\/01\/Hauswirtschaftsraum-mit-Fissmannheizung-12x12.jpg 12w\" sizes=\"(max-width: 300px) 100vw, 300px\" \/><\/a>\n\t\t\t<\/div>\n\t\t\t\t<figcaption class='wp-caption-text gallery-caption' id='gallery-5-5328'>\n\t\t\t\tHauswirtschaftsraum mit Fissmannheizung\n\t\t\t\t<\/figcaption><\/figure>\n\t\t<\/div>\n\t\t<\/div>\n\t\t\t\t\t\t<\/div>\n\t\t\t\t<\/div>\n\t\t\t\t<div class=\"elementor-element elementor-element-3a3b9ab elementor-widget elementor-widget-text-editor\" data-id=\"3a3b9ab\" data-element_type=\"widget\" data-e-type=\"widget\" data-widget_type=\"text-editor.default\">\n\t\t\t\t<div class=\"elementor-widget-container\">\n\t\t\t\t\t\t\t\t\t<p>In den Reklimatisierungspause war viel Zeit zum unterhalten. Wir tauschten uns \u00fcber Krieg, V\u00f6lkerfreundschaft und Frieden aus. Am Ende bat mich Iwan ausdr\u00fccklich in meinem Blog noch einmal darauf hinzuweisen: Die russische Kultur, das russische Volk hat kein Interesse an einem \u00dcberfall auf andere L\u00e4nder und Krieg, im Gegenteil. Was aber im russischen Volk tief verwurzelt ist, die Angst vor dem wieder aufkommenden Faschismus, das vergisst hier niemand und dagegen wehrt man sich.<br \/>Am n\u00e4chsten Tag blieben wir dann noch fast bis zum Dunkelwerden als uns Natascha wieder weit in Richtung Innenstadt fuhr. Wir hielten an einer Metrostation, die in Richtung nach hause zu ihrer Schwester fuhr und so lernte ich auch noch einmal die Nowosibirsker Metro kennen. Das letzte St\u00fcck eine Marschrutka Nr. 364, ein Kleinbus, 10 km f\u00fcr umgerechnet 60 Cent.<\/p>\t\t\t\t\t\t\t\t<\/div>\n\t\t\t\t<\/div>\n\t\t\t\t<div class=\"elementor-element elementor-element-6a8c52c elementor-widget elementor-widget-image-gallery\" data-id=\"6a8c52c\" data-element_type=\"widget\" data-e-type=\"widget\" data-widget_type=\"image-gallery.default\">\n\t\t\t\t<div class=\"elementor-widget-container\">\n\t\t\t\t\t\t\t<div class=\"elementor-image-gallery\">\n\t\t\t<div id='gallery-6' class='gallery galleryid-5312 gallery-columns-3 gallery-size-medium'><figure class='gallery-item'>\n\t\t\t<div class='gallery-icon landscape'>\n\t\t\t\t<a data-elementor-open-lightbox=\"yes\" data-elementor-lightbox-slideshow=\"6a8c52c\" data-elementor-lightbox-title=\"runter in die U-Bahn\" data-elementor-lightbox-description=\"runter in die U-Bahn\" data-e-action-hash=\"#elementor-action%3Aaction%3Dlightbox%26settings%3DeyJpZCI6NTMzMSwidXJsIjoiaHR0cHM6XC9cL25ldWVrYXJhd2FuZS5kZVwvd3AtY29udGVudFwvdXBsb2Fkc1wvMjAyNVwvMDFcL3J1bnRlci1pbi1kaWUtVS1CYWhuLXNjYWxlZC5qcGciLCJzbGlkZXNob3ciOiI2YThjNTJjIn0%3D\" href='https:\/\/neuekarawane.de\/wp-content\/uploads\/2025\/01\/runter-in-die-U-Bahn-scaled.jpg'><img loading=\"lazy\" decoding=\"async\" width=\"300\" height=\"300\" src=\"https:\/\/neuekarawane.de\/wp-content\/uploads\/2025\/01\/runter-in-die-U-Bahn-300x300.jpg\" class=\"attachment-medium size-medium\" alt=\"runter in die U-Bahn\" aria-describedby=\"gallery-6-5331\" srcset=\"https:\/\/neuekarawane.de\/wp-content\/uploads\/2025\/01\/runter-in-die-U-Bahn-300x300.jpg 300w, https:\/\/neuekarawane.de\/wp-content\/uploads\/2025\/01\/runter-in-die-U-Bahn-1024x1024.jpg 1024w, https:\/\/neuekarawane.de\/wp-content\/uploads\/2025\/01\/runter-in-die-U-Bahn-150x150.jpg 150w, https:\/\/neuekarawane.de\/wp-content\/uploads\/2025\/01\/runter-in-die-U-Bahn-768x768.jpg 768w, https:\/\/neuekarawane.de\/wp-content\/uploads\/2025\/01\/runter-in-die-U-Bahn-1536x1536.jpg 1536w, https:\/\/neuekarawane.de\/wp-content\/uploads\/2025\/01\/runter-in-die-U-Bahn-2048x2048.jpg 2048w, https:\/\/neuekarawane.de\/wp-content\/uploads\/2025\/01\/runter-in-die-U-Bahn-12x12.jpg 12w\" sizes=\"(max-width: 300px) 100vw, 300px\" \/><\/a>\n\t\t\t<\/div>\n\t\t\t\t<figcaption class='wp-caption-text gallery-caption' id='gallery-6-5331'>\n\t\t\t\trunter in die U-Bahn\n\t\t\t\t<\/figcaption><\/figure><figure class='gallery-item'>\n\t\t\t<div class='gallery-icon landscape'>\n\t\t\t\t<a data-elementor-open-lightbox=\"yes\" data-elementor-lightbox-slideshow=\"6a8c52c\" data-elementor-lightbox-title=\"in der Station\" data-elementor-lightbox-description=\"in der Station\" data-e-action-hash=\"#elementor-action%3Aaction%3Dlightbox%26settings%3DeyJpZCI6NTMzMCwidXJsIjoiaHR0cHM6XC9cL25ldWVrYXJhd2FuZS5kZVwvd3AtY29udGVudFwvdXBsb2Fkc1wvMjAyNVwvMDFcL2luLWRlci1TdGF0aW9uLXNjYWxlZC5qcGciLCJzbGlkZXNob3ciOiI2YThjNTJjIn0%3D\" href='https:\/\/neuekarawane.de\/wp-content\/uploads\/2025\/01\/in-der-Station-scaled.jpg'><img loading=\"lazy\" decoding=\"async\" width=\"300\" height=\"225\" src=\"https:\/\/neuekarawane.de\/wp-content\/uploads\/2025\/01\/in-der-Station-300x225.jpg\" class=\"attachment-medium size-medium\" alt=\"in der Station\" aria-describedby=\"gallery-6-5330\" srcset=\"https:\/\/neuekarawane.de\/wp-content\/uploads\/2025\/01\/in-der-Station-300x225.jpg 300w, https:\/\/neuekarawane.de\/wp-content\/uploads\/2025\/01\/in-der-Station-1024x768.jpg 1024w, https:\/\/neuekarawane.de\/wp-content\/uploads\/2025\/01\/in-der-Station-768x576.jpg 768w, https:\/\/neuekarawane.de\/wp-content\/uploads\/2025\/01\/in-der-Station-1536x1152.jpg 1536w, https:\/\/neuekarawane.de\/wp-content\/uploads\/2025\/01\/in-der-Station-2048x1536.jpg 2048w, https:\/\/neuekarawane.de\/wp-content\/uploads\/2025\/01\/in-der-Station-16x12.jpg 16w\" sizes=\"(max-width: 300px) 100vw, 300px\" \/><\/a>\n\t\t\t<\/div>\n\t\t\t\t<figcaption class='wp-caption-text gallery-caption' id='gallery-6-5330'>\n\t\t\t\tin der Station\n\t\t\t\t<\/figcaption><\/figure><figure class='gallery-item'>\n\t\t\t<div class='gallery-icon landscape'>\n\t\t\t\t<a data-elementor-open-lightbox=\"yes\" data-elementor-lightbox-slideshow=\"6a8c52c\" data-elementor-lightbox-title=\"kurz vor der Abfahrt\" data-elementor-lightbox-description=\"kurz vor der Abfahrt\" data-e-action-hash=\"#elementor-action%3Aaction%3Dlightbox%26settings%3DeyJpZCI6NTMyOSwidXJsIjoiaHR0cHM6XC9cL25ldWVrYXJhd2FuZS5kZVwvd3AtY29udGVudFwvdXBsb2Fkc1wvMjAyNVwvMDFcL2t1cnotdm9yLWRlci1BYmZhaHJ0LXNjYWxlZC5qcGciLCJzbGlkZXNob3ciOiI2YThjNTJjIn0%3D\" href='https:\/\/neuekarawane.de\/wp-content\/uploads\/2025\/01\/kurz-vor-der-Abfahrt-scaled.jpg'><img loading=\"lazy\" decoding=\"async\" width=\"300\" height=\"300\" src=\"https:\/\/neuekarawane.de\/wp-content\/uploads\/2025\/01\/kurz-vor-der-Abfahrt-300x300.jpg\" class=\"attachment-medium size-medium\" alt=\"kurz vor der Abfahrt\" aria-describedby=\"gallery-6-5329\" srcset=\"https:\/\/neuekarawane.de\/wp-content\/uploads\/2025\/01\/kurz-vor-der-Abfahrt-300x300.jpg 300w, https:\/\/neuekarawane.de\/wp-content\/uploads\/2025\/01\/kurz-vor-der-Abfahrt-1024x1024.jpg 1024w, https:\/\/neuekarawane.de\/wp-content\/uploads\/2025\/01\/kurz-vor-der-Abfahrt-150x150.jpg 150w, https:\/\/neuekarawane.de\/wp-content\/uploads\/2025\/01\/kurz-vor-der-Abfahrt-768x768.jpg 768w, https:\/\/neuekarawane.de\/wp-content\/uploads\/2025\/01\/kurz-vor-der-Abfahrt-1536x1536.jpg 1536w, https:\/\/neuekarawane.de\/wp-content\/uploads\/2025\/01\/kurz-vor-der-Abfahrt-2048x2048.jpg 2048w, https:\/\/neuekarawane.de\/wp-content\/uploads\/2025\/01\/kurz-vor-der-Abfahrt-12x12.jpg 12w\" sizes=\"(max-width: 300px) 100vw, 300px\" \/><\/a>\n\t\t\t<\/div>\n\t\t\t\t<figcaption class='wp-caption-text gallery-caption' id='gallery-6-5329'>\n\t\t\t\tkurz vor der Abfahrt\n\t\t\t\t<\/figcaption><\/figure>\n\t\t<\/div>\n\t\t<\/div>\n\t\t\t\t\t\t<\/div>\n\t\t\t\t<\/div>\n\t\t\t\t\t<\/div>\n\t\t<\/div>\n\t\t\t\t\t<\/div>\n\t\t<\/section>\n\t\t\t\t<\/div>\n\t\t","protected":false},"excerpt":{"rendered":"<p>Wir erhielten die Nachricht, dass Nataschas Tochter uns f\u00fcr 2 Tage zu sich nach hause eingeladen hat und machten uns vormittags auf den Weg. Ich hatte geh\u00f6rt, dass es bis zu Nataschas Einfamilienhaus eine ziemlich weite Strecke ist. Wir fuhren also etwa die H\u00e4lfte der Strecke per Taxi durch das winterlich verschneite Nowosibirsk, dann holte uns Natascha von unterwegs mit ihrem Skoda ab, wir kauften noch etwas ein und waren dann quasi au\u00dferhalb der Stadt in Sibirien, denn rechts und links s\u00e4umten schon Birken- und Nadelw\u00e4lder die Stra\u00dfe.Als ich nach dem Namen der Siedlung fragte, in der sie wohnen, wurde ich eines besseren belehrt, die Ortschaft ist noch Nowosibirsk, 30 km vom Zentrum entfernt.Ein Holzverkleidetes Einfamilienhaus und Iwan (Nataschas Mann) und die 12-j\u00e4hrige Kira, ihre Tochter, erwarteten uns. Ein sehr freundlicher Empfang , viel Fragen und dann habe Mutter und Tochter, die beiden Nataschas, das Zimmer noch etwas gem\u00fctlicher beleuchtet und begonnen ein sch\u00f6nes Essen vor zu bereiten.Nichtsdestotrotz wurden wir auch von den anderen Hausbewohnern be\u00e4ugt, beschnuppert und begr\u00fc\u00dft. Man sah ihnen an, dass sie auch gern gestreichelt werden wollten: Der Hund Ostin, die ziemlich gro\u00dfe Katze Flox und die kleinere Katze Jalta. Wohnhaus von vorn Wohnhaus hinten Garten mit Gew\u00e4chshaus Flox Ostin Jalta Was ich ebenso nicht bemerkt hatte, der Hund Ostin hatte durch eine Krankheit beide Augen verloren, sie sind einfach k\u00f6rperlich nicht mehr da. Das merkt man aber im Alltag kaum, er tollt mit den Katzen herum und schl\u00fcpft auch nach drau\u00dfen in den Garten, trotz 20 Grad Minus, wartet geduldig, bis ihm jemand die Haust\u00fcr wieder aufmacht. Die Katzen nat\u00fcrlich ganz \u00e4hnlich. die Banja die Plumpe und auch ein Quad geh\u00f6rt dazu Nicht wirklich \u00fcberrascht war ich, als ich erfuhr, dass sich die Familie nat\u00fcrlich eine Banja gebaut hat. \u00dcberhaupt haben sie an und in ihrem Haus und Garten sehr viel selbst gebaut, quasi so, wie ich zu hause auch.Dann wurde mir die gro\u00dfe Bedeutung der russischen Banja, das russische Badehaus, erkl\u00e4rt und wie wichtig es ist, w\u00f6chentlich nicht etwa nur den ganzen K\u00f6rper zu reinigen, sondern auch das Innere und die Seele gesund zu halten. Ich wurde nat\u00fcrlich gebeten, das Ganze auch noch auszuprobieren und mich davon zu \u00fcberzeugen. Die Banja war l\u00e4ngst mit Holz eingeheizt und ein Umkleideraum, ein Vorraum, von dem man dann die eigentliche Banja betritt. Ein Blick auf das Thermometer in Brusth\u00f6he ergab: knapp 70 Grad. Iwan gab sich M\u00fche mir Laien den genauen Ablauf der Prozedur und dessen Sinn zu erkl\u00e4ren. Er war quasi mein Bademeister. Auf unterer Stufe erst einmal erw\u00e4rmen, dann h\u00f6her und h\u00f6her und lockern, dass sich die Poren \u00f6ffnen. Wem es dann zu warm geworden war &#8230; im Umkleideraum wieder etwas reklimatisieren, etwas abtrocknen und schlie\u00dflich das ganze wieder von vorn. der Hausflur K\u00fcche mit Essplatz Wohnzimmer mit Doppelbettcouch der Weihnachtsbaum steht noch Hauswirtschaftsraum mit Fissmannheizung In den Reklimatisierungspause war viel Zeit zum unterhalten. Wir tauschten uns \u00fcber Krieg, V\u00f6lkerfreundschaft und Frieden aus. Am Ende bat mich Iwan ausdr\u00fccklich in meinem Blog noch einmal darauf hinzuweisen: Die russische Kultur, das russische Volk hat kein Interesse an einem \u00dcberfall auf andere L\u00e4nder und Krieg, im Gegenteil. Was aber im russischen Volk tief verwurzelt ist, die Angst vor dem wieder aufkommenden Faschismus, das vergisst hier niemand und dagegen wehrt man sich.Am n\u00e4chsten Tag blieben wir dann noch fast bis zum Dunkelwerden als uns Natascha wieder weit in Richtung Innenstadt fuhr. Wir hielten an einer Metrostation, die in Richtung nach hause zu ihrer Schwester fuhr und so lernte ich auch noch einmal die Nowosibirsker Metro kennen. Das letzte St\u00fcck eine Marschrutka Nr. 364, ein Kleinbus, 10 km f\u00fcr umgerechnet 60 Cent. runter in die U-Bahn in der Station kurz vor der Abfahrt<\/p>\n","protected":false},"author":1,"featured_media":0,"comment_status":"open","ping_status":"open","sticky":false,"template":"","format":"standard","meta":{"footnotes":""},"categories":[1],"tags":[],"class_list":["post-5312","post","type-post","status-publish","format-standard","hentry","category-allgemein"],"_links":{"self":[{"href":"https:\/\/neuekarawane.de\/de_de\/wp-json\/wp\/v2\/posts\/5312","targetHints":{"allow":["GET"]}}],"collection":[{"href":"https:\/\/neuekarawane.de\/de_de\/wp-json\/wp\/v2\/posts"}],"about":[{"href":"https:\/\/neuekarawane.de\/de_de\/wp-json\/wp\/v2\/types\/post"}],"author":[{"embeddable":true,"href":"https:\/\/neuekarawane.de\/de_de\/wp-json\/wp\/v2\/users\/1"}],"replies":[{"embeddable":true,"href":"https:\/\/neuekarawane.de\/de_de\/wp-json\/wp\/v2\/comments?post=5312"}],"version-history":[{"count":7,"href":"https:\/\/neuekarawane.de\/de_de\/wp-json\/wp\/v2\/posts\/5312\/revisions"}],"predecessor-version":[{"id":5337,"href":"https:\/\/neuekarawane.de\/de_de\/wp-json\/wp\/v2\/posts\/5312\/revisions\/5337"}],"wp:attachment":[{"href":"https:\/\/neuekarawane.de\/de_de\/wp-json\/wp\/v2\/media?parent=5312"}],"wp:term":[{"taxonomy":"category","embeddable":true,"href":"https:\/\/neuekarawane.de\/de_de\/wp-json\/wp\/v2\/categories?post=5312"},{"taxonomy":"post_tag","embeddable":true,"href":"https:\/\/neuekarawane.de\/de_de\/wp-json\/wp\/v2\/tags?post=5312"}],"curies":[{"name":"wp","href":"https:\/\/api.w.org\/{rel}","templated":true}]}}