{"id":4684,"date":"2024-09-04T14:18:39","date_gmt":"2024-09-04T12:18:39","guid":{"rendered":"https:\/\/neuekarawane.de\/?p=4684"},"modified":"2024-12-30T14:34:10","modified_gmt":"2024-12-30T13:34:10","slug":"am-stausee","status":"publish","type":"post","link":"https:\/\/neuekarawane.de\/de_de\/2024\/09\/04\/am-stausee\/","title":{"rendered":"Am Stausee"},"content":{"rendered":"<p>Da wir die meiste Zeit am Meer verbracht hatten, beschloss ich auch einmal ins t\u00fcrkische Gebirge zu fahren und entdeckte auf der Karte einen Stausee mitten darin. Wieder ziemlich steile Anstiege und Haarnadelkurven, es zog sich hin. Der Stausee zwischen den steilen Bergen lag malerisch aber ein Standplatz f\u00fcr den Lkw an der schmalen Stra\u00dfe war rar. Wir quetschten uns zwischen Stausee, Stra\u00dfe und Felsen. November, die Temperaturen noch einigerma\u00dfen angenehm aber es wurde schon schnell dunkel, wir beschlossen hier zu \u00fcbernachten. Kaum ins Bett gegangen klopfte es an T\u00fcr &#8211; Polizei.<\/p>\n<p>Schnell wieder angezogen, dann das Problem mit der Sprache, also Deepl-\u00dcbersetzer mit Handy &#8211; Was ist los?<\/p>\n<figure class='gallery-item'>\n\t\t\t\t<a data-elementor-open-lightbox=\"yes\" data-elementor-lightbox-slideshow=\"f5e7a8b\" data-elementor-lightbox-title=\"in 700m H\u00f6he\" data-e-action-hash=\"#elementor-action%3Aaction%3Dlightbox%26settings%3DeyJpZCI6NDY4OCwidXJsIjoiaHR0cHM6XC9cL25ldWVrYXJhd2FuZS5kZVwvd3AtY29udGVudFwvdXBsb2Fkc1wvMjAyNFwvMTJcL2luLTcwMG0tSG9laGUtc2NhbGVkLmpwZyIsInNsaWRlc2hvdyI6ImY1ZTdhOGIifQ%3D%3D\" href='https:\/\/neuekarawane.de\/wp-content\/uploads\/2024\/12\/in-700m-Hoehe-scaled.jpg'><img fetchpriority=\"high\" width=\"300\" height=\"300\" src=\"https:\/\/neuekarawane.de\/wp-content\/uploads\/2024\/12\/in-700m-Hoehe-300x300.jpg\" alt=\"\" aria-describedby=\"gallery-1-4688\" decoding=\"async\" srcset=\"https:\/\/neuekarawane.de\/wp-content\/uploads\/2024\/12\/in-700m-Hoehe-300x300.jpg 300w, https:\/\/neuekarawane.de\/wp-content\/uploads\/2024\/12\/in-700m-Hoehe-1024x1024.jpg 1024w, https:\/\/neuekarawane.de\/wp-content\/uploads\/2024\/12\/in-700m-Hoehe-150x150.jpg 150w, https:\/\/neuekarawane.de\/wp-content\/uploads\/2024\/12\/in-700m-Hoehe-768x768.jpg 768w, https:\/\/neuekarawane.de\/wp-content\/uploads\/2024\/12\/in-700m-Hoehe-1536x1536.jpg 1536w, https:\/\/neuekarawane.de\/wp-content\/uploads\/2024\/12\/in-700m-Hoehe-2048x2048.jpg 2048w, https:\/\/neuekarawane.de\/wp-content\/uploads\/2024\/12\/in-700m-Hoehe-12x12.jpg 12w\" sizes=\"(max-width: 300px) 100vw, 300px\" \/><\/a><figcaption class='wp-caption-text gallery-caption' id='gallery-1-4688'>\n\t\t\t\tin 700m H\u00f6he<br \/>\n\t\t\t\t<\/figcaption><\/figure>\n<figure class='gallery-item'>\n\t\t\t\t<a data-elementor-open-lightbox=\"yes\" data-elementor-lightbox-slideshow=\"f5e7a8b\" data-elementor-lightbox-title=\"und ziemlich lang\" data-e-action-hash=\"#elementor-action%3Aaction%3Dlightbox%26settings%3DeyJpZCI6NDY4NywidXJsIjoiaHR0cHM6XC9cL25ldWVrYXJhd2FuZS5kZVwvd3AtY29udGVudFwvdXBsb2Fkc1wvMjAyNFwvMTJcL3VuZC16aWVtbGljaC1sYW5nLXNjYWxlZC5qcGciLCJzbGlkZXNob3ciOiJmNWU3YThiIn0%3D\" href='https:\/\/neuekarawane.de\/wp-content\/uploads\/2024\/12\/und-ziemlich-lang-scaled.jpg'><img width=\"300\" height=\"300\" src=\"https:\/\/neuekarawane.de\/wp-content\/uploads\/2024\/12\/und-ziemlich-lang-300x300.jpg\" alt=\"\" aria-describedby=\"gallery-1-4687\" decoding=\"async\" srcset=\"https:\/\/neuekarawane.de\/wp-content\/uploads\/2024\/12\/und-ziemlich-lang-300x300.jpg 300w, https:\/\/neuekarawane.de\/wp-content\/uploads\/2024\/12\/und-ziemlich-lang-1024x1024.jpg 1024w, https:\/\/neuekarawane.de\/wp-content\/uploads\/2024\/12\/und-ziemlich-lang-150x150.jpg 150w, https:\/\/neuekarawane.de\/wp-content\/uploads\/2024\/12\/und-ziemlich-lang-768x768.jpg 768w, https:\/\/neuekarawane.de\/wp-content\/uploads\/2024\/12\/und-ziemlich-lang-1536x1536.jpg 1536w, https:\/\/neuekarawane.de\/wp-content\/uploads\/2024\/12\/und-ziemlich-lang-2048x2048.jpg 2048w, https:\/\/neuekarawane.de\/wp-content\/uploads\/2024\/12\/und-ziemlich-lang-12x12.jpg 12w\" sizes=\"(max-width: 300px) 100vw, 300px\" \/><\/a><figcaption class='wp-caption-text gallery-caption' id='gallery-1-4687'>\n\t\t\t\tund ziemlich lang<br \/>\n\t\t\t\t<\/figcaption><\/figure>\n<figure class='gallery-item'>\n\t\t\t\t<a data-elementor-open-lightbox=\"yes\" data-elementor-lightbox-slideshow=\"f5e7a8b\" data-elementor-lightbox-title=\"eingebettete Wohnh\u00e4user\" data-e-action-hash=\"#elementor-action%3Aaction%3Dlightbox%26settings%3DeyJpZCI6NDY4OSwidXJsIjoiaHR0cHM6XC9cL25ldWVrYXJhd2FuZS5kZVwvd3AtY29udGVudFwvdXBsb2Fkc1wvMjAyNFwvMTJcL2VpbmdlYmV0dGV0ZS1Xb2huaGFldXNlci1zY2FsZWQuanBnIiwic2xpZGVzaG93IjoiZjVlN2E4YiJ9\" href='https:\/\/neuekarawane.de\/wp-content\/uploads\/2024\/12\/eingebettete-Wohnhaeuser-scaled.jpg'><img width=\"300\" height=\"300\" src=\"https:\/\/neuekarawane.de\/wp-content\/uploads\/2024\/12\/eingebettete-Wohnhaeuser-300x300.jpg\" alt=\"\" aria-describedby=\"gallery-1-4689\" decoding=\"async\" srcset=\"https:\/\/neuekarawane.de\/wp-content\/uploads\/2024\/12\/eingebettete-Wohnhaeuser-300x300.jpg 300w, https:\/\/neuekarawane.de\/wp-content\/uploads\/2024\/12\/eingebettete-Wohnhaeuser-1024x1024.jpg 1024w, https:\/\/neuekarawane.de\/wp-content\/uploads\/2024\/12\/eingebettete-Wohnhaeuser-150x150.jpg 150w, https:\/\/neuekarawane.de\/wp-content\/uploads\/2024\/12\/eingebettete-Wohnhaeuser-768x768.jpg 768w, https:\/\/neuekarawane.de\/wp-content\/uploads\/2024\/12\/eingebettete-Wohnhaeuser-1536x1536.jpg 1536w, https:\/\/neuekarawane.de\/wp-content\/uploads\/2024\/12\/eingebettete-Wohnhaeuser-2048x2048.jpg 2048w, https:\/\/neuekarawane.de\/wp-content\/uploads\/2024\/12\/eingebettete-Wohnhaeuser-12x12.jpg 12w\" sizes=\"(max-width: 300px) 100vw, 300px\" \/><\/a><figcaption class='wp-caption-text gallery-caption' id='gallery-1-4689'>\n\t\t\t\teingebettete Wohnh\u00e4user<br \/>\n\t\t\t\t<\/figcaption><\/figure>\n<p>Hier d\u00fcrfen wir nicht bleiben &#8211; was habe ich falsch gemacht, ich habe kein Parkverbots-Schild gesehen? Richtig, ich habe nichts falsch gemacht, aber trotzdem Parken ist hier nicht erlaubt &#8211; reicht es, wenn wir morgen fr\u00fch im Hellen weiterfahren? Nein, es muss gleich sein. Sie halfen im Dunkeln auf der schmalen Stra\u00dfe zu wenden und unlustig ging es wieder zur\u00fcck, raus aus dem Gebirge und unten zwischen den Lkws eingeparkt &#8211; Nachtruhe!<br \/>Der Ruf des Muhetins mit seinem Gesang aus den Druckkammer-Lautsprechern der Minarette hat uns geweckt. Moscheen und Minarette und Muhezine sind ja in der T\u00fcrkei an allen Ecken und Enden &#8230;<br \/>Kleine Gesch\u00e4fte gleich gegen\u00fcber unseres Standplatzes, also erst mal einkaufen. Wir kommen ins Gespr\u00e4ch mit den Ladenleuten. Da k\u00f6nnte ich doch gleich mal fragen &#8230; unser Trinkwasservorrat ging zur Neige. Ja, Trinkwasser k\u00f6nnen wir bekommen und schon bem\u00fchten sich 3 t\u00fcrkische M\u00e4nner uns einen langen Wasserschlauch zu besorgen und an ihren Hahn anzuschlie\u00dfen. Fast 300 Liter dauern eine Weile, derweil eine kleine Unterhaltung mit \u00dcbersetzungsprogramm vom Handy. Neugierig lie\u00dfen sie sich das Innere des Wohncontainers zeigen. Schlie\u00dflich verabschiedeten wir uns alle fr\u00f6hlich und wir hatten gleich am fr\u00fchen Morgen eine gute Stimmung.<\/p>\n<figure class='gallery-item'>\n\t\t\t\t<a data-elementor-open-lightbox=\"yes\" data-elementor-lightbox-slideshow=\"e58fe70\" data-elementor-lightbox-title=\"mit Dieter\" data-e-action-hash=\"#elementor-action%3Aaction%3Dlightbox%26settings%3DeyJpZCI6NDY5MSwidXJsIjoiaHR0cHM6XC9cL25ldWVrYXJhd2FuZS5kZVwvd3AtY29udGVudFwvdXBsb2Fkc1wvMjAyNFwvMTJcL21pdC1EaWV0ZXIuanBnIiwic2xpZGVzaG93IjoiZTU4ZmU3MCJ9\" href='https:\/\/neuekarawane.de\/wp-content\/uploads\/2024\/12\/mit-Dieter.jpg'><img loading=\"lazy\" width=\"226\" height=\"300\" src=\"https:\/\/neuekarawane.de\/wp-content\/uploads\/2024\/12\/mit-Dieter-226x300.jpg\" alt=\"\" aria-describedby=\"gallery-2-4691\" decoding=\"async\" srcset=\"https:\/\/neuekarawane.de\/wp-content\/uploads\/2024\/12\/mit-Dieter-226x300.jpg 226w, https:\/\/neuekarawane.de\/wp-content\/uploads\/2024\/12\/mit-Dieter-771x1024.jpg 771w, https:\/\/neuekarawane.de\/wp-content\/uploads\/2024\/12\/mit-Dieter-768x1020.jpg 768w, https:\/\/neuekarawane.de\/wp-content\/uploads\/2024\/12\/mit-Dieter-9x12.jpg 9w, https:\/\/neuekarawane.de\/wp-content\/uploads\/2024\/12\/mit-Dieter.jpg 964w\" sizes=\"(max-width: 226px) 100vw, 226px\" \/><\/a><figcaption class='wp-caption-text gallery-caption' id='gallery-2-4691'>\n\t\t\t\tmit Dieter<br \/>\n\t\t\t\t<\/figcaption><\/figure>\n<figure class='gallery-item'>\n\t\t\t\t<a data-elementor-open-lightbox=\"yes\" data-elementor-lightbox-slideshow=\"e58fe70\" data-elementor-lightbox-title=\"die Helfer\" data-e-action-hash=\"#elementor-action%3Aaction%3Dlightbox%26settings%3DeyJpZCI6NDY5MCwidXJsIjoiaHR0cHM6XC9cL25ldWVrYXJhd2FuZS5kZVwvd3AtY29udGVudFwvdXBsb2Fkc1wvMjAyNFwvMTJcL2RpZS1IZWxmZXIuanBnIiwic2xpZGVzaG93IjoiZTU4ZmU3MCJ9\" href='https:\/\/neuekarawane.de\/wp-content\/uploads\/2024\/12\/die-Helfer.jpg'><img loading=\"lazy\" width=\"300\" height=\"226\" src=\"https:\/\/neuekarawane.de\/wp-content\/uploads\/2024\/12\/die-Helfer-300x226.jpg\" alt=\"\" aria-describedby=\"gallery-2-4690\" decoding=\"async\" srcset=\"https:\/\/neuekarawane.de\/wp-content\/uploads\/2024\/12\/die-Helfer-300x226.jpg 300w, https:\/\/neuekarawane.de\/wp-content\/uploads\/2024\/12\/die-Helfer-1024x771.jpg 1024w, https:\/\/neuekarawane.de\/wp-content\/uploads\/2024\/12\/die-Helfer-768x578.jpg 768w, https:\/\/neuekarawane.de\/wp-content\/uploads\/2024\/12\/die-Helfer-16x12.jpg 16w, https:\/\/neuekarawane.de\/wp-content\/uploads\/2024\/12\/die-Helfer.jpg 1280w\" sizes=\"(max-width: 300px) 100vw, 300px\" \/><\/a><figcaption class='wp-caption-text gallery-caption' id='gallery-2-4690'>\n\t\t\t\tdie Helfer<br \/>\n\t\t\t\t<\/figcaption><\/figure>\n<figure class='gallery-item'>\n\t\t\t\t<a data-elementor-open-lightbox=\"yes\" data-elementor-lightbox-slideshow=\"e58fe70\" data-elementor-lightbox-title=\"und Natascha\" data-e-action-hash=\"#elementor-action%3Aaction%3Dlightbox%26settings%3DeyJpZCI6NDY5MiwidXJsIjoiaHR0cHM6XC9cL25ldWVrYXJhd2FuZS5kZVwvd3AtY29udGVudFwvdXBsb2Fkc1wvMjAyNFwvMTJcL3VuZC1OYXRhc2NoYS1zY2FsZWQuanBnIiwic2xpZGVzaG93IjoiZTU4ZmU3MCJ9\" href='https:\/\/neuekarawane.de\/wp-content\/uploads\/2024\/12\/und-Natascha-scaled.jpg'><img loading=\"lazy\" width=\"300\" height=\"300\" src=\"https:\/\/neuekarawane.de\/wp-content\/uploads\/2024\/12\/und-Natascha-300x300.jpg\" alt=\"\" aria-describedby=\"gallery-2-4692\" decoding=\"async\" srcset=\"https:\/\/neuekarawane.de\/wp-content\/uploads\/2024\/12\/und-Natascha-300x300.jpg 300w, https:\/\/neuekarawane.de\/wp-content\/uploads\/2024\/12\/und-Natascha-1024x1024.jpg 1024w, https:\/\/neuekarawane.de\/wp-content\/uploads\/2024\/12\/und-Natascha-150x150.jpg 150w, https:\/\/neuekarawane.de\/wp-content\/uploads\/2024\/12\/und-Natascha-768x768.jpg 768w, https:\/\/neuekarawane.de\/wp-content\/uploads\/2024\/12\/und-Natascha-1536x1536.jpg 1536w, https:\/\/neuekarawane.de\/wp-content\/uploads\/2024\/12\/und-Natascha-2048x2048.jpg 2048w, https:\/\/neuekarawane.de\/wp-content\/uploads\/2024\/12\/und-Natascha-12x12.jpg 12w\" sizes=\"(max-width: 300px) 100vw, 300px\" \/><\/a><figcaption class='wp-caption-text gallery-caption' id='gallery-2-4692'>\n\t\t\t\tund Natascha<br \/>\n\t\t\t\t<\/figcaption><\/figure>\n","protected":false},"excerpt":{"rendered":"<p>Da wir die meiste Zeit am Meer verbracht hatten, beschloss ich auch einmal ins t\u00fcrkische Gebirge zu fahren und entdeckte auf der Karte einen Stausee mitten darin. Wieder ziemlich steile Anstiege und Haarnadelkurven, es zog sich hin. Der Stausee zwischen den steilen Bergen lag malerisch aber ein Standplatz f\u00fcr den Lkw an der schmalen Stra\u00dfe war rar. Wir quetschten uns zwischen Stausee, Stra\u00dfe und Felsen. November, die Temperaturen noch einigerma\u00dfen angenehm aber es wurde schon schnell dunkel, wir beschlossen hier zu \u00fcbernachten. Kaum ins Bett gegangen klopfte es an T\u00fcr &#8211; Polizei. Schnell wieder angezogen, dann das Problem mit der Sprache, also Deepl-\u00dcbersetzer mit Handy &#8211; Was ist los? in 700m H\u00f6he und ziemlich lang eingebettete Wohnh\u00e4user Hier d\u00fcrfen wir nicht bleiben &#8211; was habe ich falsch gemacht, ich habe kein Parkverbots-Schild gesehen? Richtig, ich habe nichts falsch gemacht, aber trotzdem Parken ist hier nicht erlaubt &#8211; reicht es, wenn wir morgen fr\u00fch im Hellen weiterfahren? Nein, es muss gleich sein. Sie halfen im Dunkeln auf der schmalen Stra\u00dfe zu wenden und unlustig ging es wieder zur\u00fcck, raus aus dem Gebirge und unten zwischen den Lkws eingeparkt &#8211; Nachtruhe!Der Ruf des Muhetins mit seinem Gesang aus den Druckkammer-Lautsprechern der Minarette hat uns geweckt. Moscheen und Minarette und Muhezine sind ja in der T\u00fcrkei an allen Ecken und Enden &#8230;Kleine Gesch\u00e4fte gleich gegen\u00fcber unseres Standplatzes, also erst mal einkaufen. Wir kommen ins Gespr\u00e4ch mit den Ladenleuten. Da k\u00f6nnte ich doch gleich mal fragen &#8230; unser Trinkwasservorrat ging zur Neige. Ja, Trinkwasser k\u00f6nnen wir bekommen und schon bem\u00fchten sich 3 t\u00fcrkische M\u00e4nner uns einen langen Wasserschlauch zu besorgen und an ihren Hahn anzuschlie\u00dfen. Fast 300 Liter dauern eine Weile, derweil eine kleine Unterhaltung mit \u00dcbersetzungsprogramm vom Handy. Neugierig lie\u00dfen sie sich das Innere des Wohncontainers zeigen. Schlie\u00dflich verabschiedeten wir uns alle fr\u00f6hlich und wir hatten gleich am fr\u00fchen Morgen eine gute Stimmung. mit Dieter die Helfer und Natascha<\/p>\n","protected":false},"author":1,"featured_media":0,"comment_status":"open","ping_status":"open","sticky":false,"template":"","format":"standard","meta":{"footnotes":""},"categories":[1],"tags":[],"class_list":["post-4684","post","type-post","status-publish","format-standard","hentry","category-allgemein"],"_links":{"self":[{"href":"https:\/\/neuekarawane.de\/de_de\/wp-json\/wp\/v2\/posts\/4684","targetHints":{"allow":["GET"]}}],"collection":[{"href":"https:\/\/neuekarawane.de\/de_de\/wp-json\/wp\/v2\/posts"}],"about":[{"href":"https:\/\/neuekarawane.de\/de_de\/wp-json\/wp\/v2\/types\/post"}],"author":[{"embeddable":true,"href":"https:\/\/neuekarawane.de\/de_de\/wp-json\/wp\/v2\/users\/1"}],"replies":[{"embeddable":true,"href":"https:\/\/neuekarawane.de\/de_de\/wp-json\/wp\/v2\/comments?post=4684"}],"version-history":[{"count":4,"href":"https:\/\/neuekarawane.de\/de_de\/wp-json\/wp\/v2\/posts\/4684\/revisions"}],"predecessor-version":[{"id":4695,"href":"https:\/\/neuekarawane.de\/de_de\/wp-json\/wp\/v2\/posts\/4684\/revisions\/4695"}],"wp:attachment":[{"href":"https:\/\/neuekarawane.de\/de_de\/wp-json\/wp\/v2\/media?parent=4684"}],"wp:term":[{"taxonomy":"category","embeddable":true,"href":"https:\/\/neuekarawane.de\/de_de\/wp-json\/wp\/v2\/categories?post=4684"},{"taxonomy":"post_tag","embeddable":true,"href":"https:\/\/neuekarawane.de\/de_de\/wp-json\/wp\/v2\/tags?post=4684"}],"curies":[{"name":"wp","href":"https:\/\/api.w.org\/{rel}","templated":true}]}}