{"id":3590,"date":"2023-08-09T11:33:45","date_gmt":"2023-08-09T09:33:45","guid":{"rendered":"https:\/\/neuekarawane.de\/?p=3590"},"modified":"2023-08-09T11:33:45","modified_gmt":"2023-08-09T09:33:45","slug":"sascha-und-mascha","status":"publish","type":"post","link":"https:\/\/neuekarawane.de\/de_de\/2023\/08\/09\/sascha-und-mascha\/","title":{"rendered":"Sascha und Mascha"},"content":{"rendered":"\t\t<div data-elementor-type=\"wp-post\" data-elementor-id=\"3590\" class=\"elementor elementor-3590\">\n\t\t\t\t\t\t<section class=\"elementor-section elementor-top-section elementor-element elementor-element-521220f elementor-section-boxed elementor-section-height-default elementor-section-height-default wpr-particle-no wpr-jarallax-no wpr-parallax-no wpr-sticky-section-no wpr-equal-height-no\" data-id=\"521220f\" data-element_type=\"section\" data-e-type=\"section\">\n\t\t\t\t\t\t<div class=\"elementor-container elementor-column-gap-default\">\n\t\t\t\t\t<div class=\"elementor-column elementor-col-100 elementor-top-column elementor-element elementor-element-7f1eddf\" data-id=\"7f1eddf\" data-element_type=\"column\" data-e-type=\"column\">\n\t\t\t<div class=\"elementor-widget-wrap elementor-element-populated\">\n\t\t\t\t\t\t<div class=\"elementor-element elementor-element-14b45b7 elementor-widget elementor-widget-text-editor\" data-id=\"14b45b7\" data-element_type=\"widget\" data-e-type=\"widget\" data-widget_type=\"text-editor.default\">\n\t\t\t\t<div class=\"elementor-widget-container\">\n\t\t\t\t\t\t\t\t\t<p>Eine Begegnung wie so viele, es k\u00f6nnte der 8.August 2023 gewesen sein, spricht mich Alexander an. <br \/>An meinem Auto ist die geplante Reisestrecke aufgeklebt (\u043c\u0430\u0440\u0448\u0440\u0443\u0442), er guckt mich etwas ungl\u00e4ubig an. Ich erz\u00e4hle ihm von der neuen Seidenstra\u00dfe (die ist ihm bekannt) und von meiner Auffassung zur V\u00f6lkerfreundschaft aller L\u00e4nder dieser Welt. Aus meiner Geschichtskenntnis ist V\u00f6lkerfreundschaft die Grundlage von Frieden und V\u00f6lkerhass eine Voraussetzung von Kriegen. Alexander stimmt mir zu und beim Gespr\u00e4ch erfahre ich, dass er in der Schule auch einmal Deutschunterricht hatte. Er versucht immer wieder sich an einzelne Worte zu erinnern. <br \/>Wir machen also lustigerweise im Gespr\u00e4ch das Gleiche, nur eben jeder in der Sprache des Anderen. Bei der Verabschiedung verspricht er mir: &#8222;Ich werde dich wieder besuchen&#8220;.<\/p>\t\t\t\t\t\t\t\t<\/div>\n\t\t\t\t<\/div>\n\t\t\t\t\t<\/div>\n\t\t<\/div>\n\t\t\t\t\t<\/div>\n\t\t<\/section>\n\t\t\t\t<section class=\"elementor-section elementor-top-section elementor-element elementor-element-bb17727 elementor-section-boxed elementor-section-height-default elementor-section-height-default wpr-particle-no wpr-jarallax-no wpr-parallax-no wpr-sticky-section-no wpr-equal-height-no\" data-id=\"bb17727\" data-element_type=\"section\" data-e-type=\"section\">\n\t\t\t\t\t\t<div class=\"elementor-container elementor-column-gap-default\">\n\t\t\t\t\t<div class=\"elementor-column elementor-col-50 elementor-top-column elementor-element elementor-element-90e239f\" data-id=\"90e239f\" data-element_type=\"column\" data-e-type=\"column\">\n\t\t\t<div class=\"elementor-widget-wrap elementor-element-populated\">\n\t\t\t\t\t\t<div class=\"elementor-element elementor-element-e3ed10b elementor-widget elementor-widget-image-gallery\" data-id=\"e3ed10b\" data-element_type=\"widget\" data-e-type=\"widget\" data-widget_type=\"image-gallery.default\">\n\t\t\t\t<div class=\"elementor-widget-container\">\n\t\t\t\t\t\t\t<div class=\"elementor-image-gallery\">\n\t\t\t<div id='gallery-1' class='gallery galleryid-3590 gallery-columns-1 gallery-size-thumbnail'><figure class='gallery-item'>\n\t\t\t<div class='gallery-icon portrait'>\n\t\t\t\t<a data-elementor-open-lightbox=\"yes\" data-elementor-lightbox-slideshow=\"e3ed10b\" data-elementor-lightbox-title=\"die erste Begegnung\" data-e-action-hash=\"#elementor-action%3Aaction%3Dlightbox%26settings%3DeyJpZCI6MzU5MywidXJsIjoiaHR0cHM6XC9cL25ldWVrYXJhd2FuZS5kZVwvd3AtY29udGVudFwvdXBsb2Fkc1wvMjAyM1wvMTBcL2RpZS1lcnN0ZS1CZWdlZ251bmctc2NhbGVkLmpwZyIsInNsaWRlc2hvdyI6ImUzZWQxMGIifQ%3D%3D\" href='https:\/\/neuekarawane.de\/wp-content\/uploads\/2023\/10\/die-erste-Begegnung-scaled.jpg'><img decoding=\"async\" width=\"150\" height=\"150\" src=\"https:\/\/neuekarawane.de\/wp-content\/uploads\/2023\/10\/die-erste-Begegnung-150x150.jpg\" class=\"attachment-thumbnail size-thumbnail\" alt=\"\" aria-describedby=\"gallery-1-3593\" \/><\/a>\n\t\t\t<\/div>\n\t\t\t\t<figcaption class='wp-caption-text gallery-caption' id='gallery-1-3593'>\n\t\t\t\tdie erste Begegnung \n\t\t\t\t<\/figcaption><\/figure>\n\t\t<\/div>\n\t\t<\/div>\n\t\t\t\t\t\t<\/div>\n\t\t\t\t<\/div>\n\t\t\t\t\t<\/div>\n\t\t<\/div>\n\t\t\t\t<div class=\"elementor-column elementor-col-50 elementor-top-column elementor-element elementor-element-6711989\" data-id=\"6711989\" data-element_type=\"column\" data-e-type=\"column\">\n\t\t\t<div class=\"elementor-widget-wrap elementor-element-populated\">\n\t\t\t\t\t\t<div class=\"elementor-element elementor-element-0783eb8 elementor-widget elementor-widget-image-gallery\" data-id=\"0783eb8\" data-element_type=\"widget\" data-e-type=\"widget\" data-widget_type=\"image-gallery.default\">\n\t\t\t\t<div class=\"elementor-widget-container\">\n\t\t\t\t\t\t\t<div class=\"elementor-image-gallery\">\n\t\t\t<div id='gallery-2' class='gallery galleryid-3590 gallery-columns-1 gallery-size-thumbnail'><figure class='gallery-item'>\n\t\t\t<div class='gallery-icon landscape'>\n\t\t\t\t<a data-elementor-open-lightbox=\"yes\" data-elementor-lightbox-slideshow=\"0783eb8\" data-elementor-lightbox-title=\"Fr\u00fchst\u00fcck mit Sascha\" data-e-action-hash=\"#elementor-action%3Aaction%3Dlightbox%26settings%3DeyJpZCI6MzU5MiwidXJsIjoiaHR0cHM6XC9cL25ldWVrYXJhd2FuZS5kZVwvd3AtY29udGVudFwvdXBsb2Fkc1wvMjAyM1wvMTBcL0ZydWVoc3R1ZWNrLW1pdC1TYXNjaGEuanBnIiwic2xpZGVzaG93IjoiMDc4M2ViOCJ9\" href='https:\/\/neuekarawane.de\/wp-content\/uploads\/2023\/10\/Fruehstueck-mit-Sascha.jpg'><img decoding=\"async\" width=\"150\" height=\"150\" src=\"https:\/\/neuekarawane.de\/wp-content\/uploads\/2023\/10\/Fruehstueck-mit-Sascha-150x150.jpg\" class=\"attachment-thumbnail size-thumbnail\" alt=\"\" aria-describedby=\"gallery-2-3592\" \/><\/a>\n\t\t\t<\/div>\n\t\t\t\t<figcaption class='wp-caption-text gallery-caption' id='gallery-2-3592'>\n\t\t\t\tFr\u00fchst\u00fcck mit Sascha \n\t\t\t\t<\/figcaption><\/figure>\n\t\t<\/div>\n\t\t<\/div>\n\t\t\t\t\t\t<\/div>\n\t\t\t\t<\/div>\n\t\t\t\t\t<\/div>\n\t\t<\/div>\n\t\t\t\t\t<\/div>\n\t\t<\/section>\n\t\t\t\t<section class=\"elementor-section elementor-top-section elementor-element elementor-element-e1b6a99 elementor-section-boxed elementor-section-height-default elementor-section-height-default wpr-particle-no wpr-jarallax-no wpr-parallax-no wpr-sticky-section-no wpr-equal-height-no\" data-id=\"e1b6a99\" data-element_type=\"section\" data-e-type=\"section\">\n\t\t\t\t\t\t<div class=\"elementor-container elementor-column-gap-default\">\n\t\t\t\t\t<div class=\"elementor-column elementor-col-100 elementor-top-column elementor-element elementor-element-d922dd6\" data-id=\"d922dd6\" data-element_type=\"column\" data-e-type=\"column\">\n\t\t\t<div class=\"elementor-widget-wrap elementor-element-populated\">\n\t\t\t\t\t\t<div class=\"elementor-element elementor-element-dd1ecb9 elementor-widget elementor-widget-text-editor\" data-id=\"dd1ecb9\" data-element_type=\"widget\" data-e-type=\"widget\" data-widget_type=\"text-editor.default\">\n\t\t\t\t<div class=\"elementor-widget-container\">\n\t\t\t\t\t\t\t\t\t<p>Und wirklich, beim n\u00e4chsten mal bringt er seine Frau Maria (und 2 Campingst\u00fchle) mit und wir haben ein langes Gespr\u00e4ch.<br \/>Das sollte sich noch viele Male wiederholen, schlie\u00dflich schaut er fast jeden Tag nach seiner Arbeit bei mir vorbei, er hat seinen Arbeitsweg etwas ver\u00e4ndert, so dass der nun nachmittags bei mir vorbei f\u00fchrt.<br \/>Ich lerne wie russische Namensk\u00fcrzel zustande kommen &#8211; Alexander wird Sascha genannt, Maria ist f\u00fcr ihn immer Mascha. Ich erfahre seinen Beruf, er ist Autoschlosser, oder wie das heute hei\u00dft &#8230; <br \/>Er hat aber auch etliche Jahre als Monteur an vielen Erd\u00f6l\/Erdgasleitungen gearbeitet (&#8222;Kraft Sibiriens&#8220;, &#8230;, &#8222;Nordstream&#8220;). Bei der Gelegenheit hat er in Sankt Petersburg auch seine Mascha kennengelernt und vor gut 2 Jahren haben sie geheiratet, sich eine Wohnung in einem Neubaublock ganz in der N\u00e4he meines Standplatzes gesucht und wollen eine Familie mit Kindern werden (was hier auch in ihrem Alter v\u00f6llig normal erscheint). Sascha ist, wenn ich es mir richtig gemerkt habe 34 und Mascha 25 Jahre alt.<\/p>\t\t\t\t\t\t\t\t<\/div>\n\t\t\t\t<\/div>\n\t\t\t\t\t<\/div>\n\t\t<\/div>\n\t\t\t\t\t<\/div>\n\t\t<\/section>\n\t\t\t\t<section class=\"elementor-section elementor-top-section elementor-element elementor-element-d1ce88f elementor-section-boxed elementor-section-height-default elementor-section-height-default wpr-particle-no wpr-jarallax-no wpr-parallax-no wpr-sticky-section-no wpr-equal-height-no\" data-id=\"d1ce88f\" data-element_type=\"section\" data-e-type=\"section\">\n\t\t\t\t\t\t<div class=\"elementor-container elementor-column-gap-default\">\n\t\t\t\t\t<div class=\"elementor-column elementor-col-100 elementor-top-column elementor-element elementor-element-02d0a42\" data-id=\"02d0a42\" data-element_type=\"column\" data-e-type=\"column\">\n\t\t\t<div class=\"elementor-widget-wrap elementor-element-populated\">\n\t\t\t\t\t\t<div class=\"elementor-element elementor-element-bd59258 elementor-widget elementor-widget-image-gallery\" data-id=\"bd59258\" data-element_type=\"widget\" data-e-type=\"widget\" data-widget_type=\"image-gallery.default\">\n\t\t\t\t<div class=\"elementor-widget-container\">\n\t\t\t\t\t\t\t<div class=\"elementor-image-gallery\">\n\t\t\t<div id='gallery-3' class='gallery galleryid-3590 gallery-columns-3 gallery-size-thumbnail'><figure class='gallery-item'>\n\t\t\t<div class='gallery-icon portrait'>\n\t\t\t\t<a data-elementor-open-lightbox=\"yes\" data-elementor-lightbox-slideshow=\"bd59258\" data-elementor-lightbox-title=\"Ihr Hochzeitsfoto\" data-e-action-hash=\"#elementor-action%3Aaction%3Dlightbox%26settings%3DeyJpZCI6MzU5NiwidXJsIjoiaHR0cHM6XC9cL25ldWVrYXJhd2FuZS5kZVwvd3AtY29udGVudFwvdXBsb2Fkc1wvMjAyM1wvMTBcL0loci1Ib2NoemVpdHNmb3RvLmpwZyIsInNsaWRlc2hvdyI6ImJkNTkyNTgifQ%3D%3D\" href='https:\/\/neuekarawane.de\/wp-content\/uploads\/2023\/10\/Ihr-Hochzeitsfoto.jpg'><img decoding=\"async\" width=\"150\" height=\"150\" src=\"https:\/\/neuekarawane.de\/wp-content\/uploads\/2023\/10\/Ihr-Hochzeitsfoto-150x150.jpg\" class=\"attachment-thumbnail size-thumbnail\" alt=\"\" aria-describedby=\"gallery-3-3596\" \/><\/a>\n\t\t\t<\/div>\n\t\t\t\t<figcaption class='wp-caption-text gallery-caption' id='gallery-3-3596'>\n\t\t\t\tIhr Hochzeitsfoto \n\t\t\t\t<\/figcaption><\/figure><figure class='gallery-item'>\n\t\t\t<div class='gallery-icon portrait'>\n\t\t\t\t<a data-elementor-open-lightbox=\"yes\" data-elementor-lightbox-slideshow=\"bd59258\" data-elementor-lightbox-title=\"Ihr 2. Hochzeitstag in der Gastst\u00e4tte\" data-e-action-hash=\"#elementor-action%3Aaction%3Dlightbox%26settings%3DeyJpZCI6MzU5NCwidXJsIjoiaHR0cHM6XC9cL25ldWVrYXJhd2FuZS5kZVwvd3AtY29udGVudFwvdXBsb2Fkc1wvMjAyM1wvMTBcL0loci0yLi1Ib2NoemVpdHN0YWctaW4tZGVyLUdhc3RzdGFldHRlLmpwZyIsInNsaWRlc2hvdyI6ImJkNTkyNTgifQ%3D%3D\" href='https:\/\/neuekarawane.de\/wp-content\/uploads\/2023\/10\/Ihr-2.-Hochzeitstag-in-der-Gaststaette.jpg'><img loading=\"lazy\" decoding=\"async\" width=\"150\" height=\"150\" src=\"https:\/\/neuekarawane.de\/wp-content\/uploads\/2023\/10\/Ihr-2.-Hochzeitstag-in-der-Gaststaette-150x150.jpg\" class=\"attachment-thumbnail size-thumbnail\" alt=\"\" aria-describedby=\"gallery-3-3594\" \/><\/a>\n\t\t\t<\/div>\n\t\t\t\t<figcaption class='wp-caption-text gallery-caption' id='gallery-3-3594'>\n\t\t\t\tIhr 2. Hochzeitstag in der Gastst\u00e4tte \n\t\t\t\t<\/figcaption><\/figure><figure class='gallery-item'>\n\t\t\t<div class='gallery-icon portrait'>\n\t\t\t\t<a data-elementor-open-lightbox=\"yes\" data-elementor-lightbox-slideshow=\"bd59258\" data-elementor-lightbox-title=\"Maschas 25. Geburtstag\" data-e-action-hash=\"#elementor-action%3Aaction%3Dlightbox%26settings%3DeyJpZCI6MzU5NSwidXJsIjoiaHR0cHM6XC9cL25ldWVrYXJhd2FuZS5kZVwvd3AtY29udGVudFwvdXBsb2Fkc1wvMjAyM1wvMTBcL01hc2NoYXMtMjUuLUdlYnVydHN0YWcuanBnIiwic2xpZGVzaG93IjoiYmQ1OTI1OCJ9\" href='https:\/\/neuekarawane.de\/wp-content\/uploads\/2023\/10\/Maschas-25.-Geburtstag.jpg'><img loading=\"lazy\" decoding=\"async\" width=\"150\" height=\"150\" src=\"https:\/\/neuekarawane.de\/wp-content\/uploads\/2023\/10\/Maschas-25.-Geburtstag-150x150.jpg\" class=\"attachment-thumbnail size-thumbnail\" alt=\"\" aria-describedby=\"gallery-3-3595\" \/><\/a>\n\t\t\t<\/div>\n\t\t\t\t<figcaption class='wp-caption-text gallery-caption' id='gallery-3-3595'>\n\t\t\t\tMaschas 25. Geburtstag \n\t\t\t\t<\/figcaption><\/figure>\n\t\t<\/div>\n\t\t<\/div>\n\t\t\t\t\t\t<\/div>\n\t\t\t\t<\/div>\n\t\t\t\t\t<\/div>\n\t\t<\/div>\n\t\t\t\t\t<\/div>\n\t\t<\/section>\n\t\t\t\t<section class=\"elementor-section elementor-top-section elementor-element elementor-element-c88c90d elementor-section-boxed elementor-section-height-default elementor-section-height-default wpr-particle-no wpr-jarallax-no wpr-parallax-no wpr-sticky-section-no wpr-equal-height-no\" data-id=\"c88c90d\" data-element_type=\"section\" data-e-type=\"section\">\n\t\t\t\t\t\t<div class=\"elementor-container elementor-column-gap-default\">\n\t\t\t\t\t<div class=\"elementor-column elementor-col-100 elementor-top-column elementor-element elementor-element-115f10b\" data-id=\"115f10b\" data-element_type=\"column\" data-e-type=\"column\">\n\t\t\t<div class=\"elementor-widget-wrap elementor-element-populated\">\n\t\t\t\t\t\t<div class=\"elementor-element elementor-element-e5894cb elementor-widget elementor-widget-text-editor\" data-id=\"e5894cb\" data-element_type=\"widget\" data-e-type=\"widget\" data-widget_type=\"text-editor.default\">\n\t\t\t\t<div class=\"elementor-widget-container\">\n\t\t\t\t\t\t\t\t\t<p>Sie kommen mehrmals, um mit mir am Campingtisch gemeinsam zu essen, wobei sie die Speisen nat\u00fcrlich selbst mitbringen um mich in die Landes- und Orts\u00fcbliche K\u00fcche einzuf\u00fchren. An einem Wochenende kommen die beiden und Sasche schmiert mit mir gemeinsam das gesamte Fahrgestell des Lkw ab. <br \/>Eines Nachmittags nach seiner Arbeit, erz\u00e4hlt er mir, dass er heute nur wenig Zeit hat, weil Mascha heute ihren 25. Geburtstag hat, er muss noch ein Geschenk kaufen und Blumen &#8230;<\/p>\t\t\t\t\t\t\t\t<\/div>\n\t\t\t\t<\/div>\n\t\t\t\t\t<\/div>\n\t\t<\/div>\n\t\t\t\t\t<\/div>\n\t\t<\/section>\n\t\t\t\t<section class=\"elementor-section elementor-top-section elementor-element elementor-element-12f0346 elementor-section-boxed elementor-section-height-default elementor-section-height-default wpr-particle-no wpr-jarallax-no wpr-parallax-no wpr-sticky-section-no wpr-equal-height-no\" data-id=\"12f0346\" data-element_type=\"section\" data-e-type=\"section\">\n\t\t\t\t\t\t<div class=\"elementor-container elementor-column-gap-default\">\n\t\t\t\t\t<div class=\"elementor-column elementor-col-100 elementor-top-column elementor-element elementor-element-5a3a4f3\" data-id=\"5a3a4f3\" data-element_type=\"column\" data-e-type=\"column\">\n\t\t\t<div class=\"elementor-widget-wrap elementor-element-populated\">\n\t\t\t\t\t\t<div class=\"elementor-element elementor-element-3e5317b elementor-widget elementor-widget-image-gallery\" data-id=\"3e5317b\" data-element_type=\"widget\" data-e-type=\"widget\" data-widget_type=\"image-gallery.default\">\n\t\t\t\t<div class=\"elementor-widget-container\">\n\t\t\t\t\t\t\t<div class=\"elementor-image-gallery\">\n\t\t\t<div id='gallery-4' class='gallery galleryid-3590 gallery-columns-3 gallery-size-thumbnail'><figure class='gallery-item'>\n\t\t\t<div class='gallery-icon landscape'>\n\t\t\t\t<a data-elementor-open-lightbox=\"yes\" data-elementor-lightbox-slideshow=\"3e5317b\" data-elementor-lightbox-title=\"gemeinsames Abendessen\" data-e-action-hash=\"#elementor-action%3Aaction%3Dlightbox%26settings%3DeyJpZCI6MzU5NywidXJsIjoiaHR0cHM6XC9cL25ldWVrYXJhd2FuZS5kZVwvd3AtY29udGVudFwvdXBsb2Fkc1wvMjAyM1wvMTBcL2dlbWVpbnNhbWVzLUFiZW5kZXNzZW4uanBnIiwic2xpZGVzaG93IjoiM2U1MzE3YiJ9\" href='https:\/\/neuekarawane.de\/wp-content\/uploads\/2023\/10\/gemeinsames-Abendessen.jpg'><img loading=\"lazy\" decoding=\"async\" width=\"150\" height=\"150\" src=\"https:\/\/neuekarawane.de\/wp-content\/uploads\/2023\/10\/gemeinsames-Abendessen-150x150.jpg\" class=\"attachment-thumbnail size-thumbnail\" alt=\"\" aria-describedby=\"gallery-4-3597\" srcset=\"https:\/\/neuekarawane.de\/wp-content\/uploads\/2023\/10\/gemeinsames-Abendessen-150x150.jpg 150w, https:\/\/neuekarawane.de\/wp-content\/uploads\/2023\/10\/gemeinsames-Abendessen-300x300.jpg 300w, https:\/\/neuekarawane.de\/wp-content\/uploads\/2023\/10\/gemeinsames-Abendessen-1024x1024.jpg 1024w, https:\/\/neuekarawane.de\/wp-content\/uploads\/2023\/10\/gemeinsames-Abendessen-768x768.jpg 768w, https:\/\/neuekarawane.de\/wp-content\/uploads\/2023\/10\/gemeinsames-Abendessen-12x12.jpg 12w, https:\/\/neuekarawane.de\/wp-content\/uploads\/2023\/10\/gemeinsames-Abendessen.jpg 1280w\" sizes=\"(max-width: 150px) 100vw, 150px\" \/><\/a>\n\t\t\t<\/div>\n\t\t\t\t<figcaption class='wp-caption-text gallery-caption' id='gallery-4-3597'>\n\t\t\t\tgemeinsames Abendessen \n\t\t\t\t<\/figcaption><\/figure><figure class='gallery-item'>\n\t\t\t<div class='gallery-icon landscape'>\n\t\t\t\t<a data-elementor-open-lightbox=\"yes\" data-elementor-lightbox-slideshow=\"3e5317b\" data-elementor-lightbox-title=\"Abendbrot ein anderes Mal\" data-e-action-hash=\"#elementor-action%3Aaction%3Dlightbox%26settings%3DeyJpZCI6MzU5OSwidXJsIjoiaHR0cHM6XC9cL25ldWVrYXJhd2FuZS5kZVwvd3AtY29udGVudFwvdXBsb2Fkc1wvMjAyM1wvMTBcL0FiZW5zYnJvdC1laW4tYW5kZXJlcy1NYWwtc2NhbGVkLmpwZyIsInNsaWRlc2hvdyI6IjNlNTMxN2IifQ%3D%3D\" href='https:\/\/neuekarawane.de\/wp-content\/uploads\/2023\/10\/Abensbrot-ein-anderes-Mal-scaled.jpg'><img loading=\"lazy\" decoding=\"async\" width=\"150\" height=\"150\" src=\"https:\/\/neuekarawane.de\/wp-content\/uploads\/2023\/10\/Abensbrot-ein-anderes-Mal-150x150.jpg\" class=\"attachment-thumbnail size-thumbnail\" alt=\"\" aria-describedby=\"gallery-4-3599\" srcset=\"https:\/\/neuekarawane.de\/wp-content\/uploads\/2023\/10\/Abensbrot-ein-anderes-Mal-150x150.jpg 150w, https:\/\/neuekarawane.de\/wp-content\/uploads\/2023\/10\/Abensbrot-ein-anderes-Mal-300x300.jpg 300w, https:\/\/neuekarawane.de\/wp-content\/uploads\/2023\/10\/Abensbrot-ein-anderes-Mal-1024x1024.jpg 1024w, https:\/\/neuekarawane.de\/wp-content\/uploads\/2023\/10\/Abensbrot-ein-anderes-Mal-768x768.jpg 768w, https:\/\/neuekarawane.de\/wp-content\/uploads\/2023\/10\/Abensbrot-ein-anderes-Mal-1536x1536.jpg 1536w, https:\/\/neuekarawane.de\/wp-content\/uploads\/2023\/10\/Abensbrot-ein-anderes-Mal-2048x2048.jpg 2048w, https:\/\/neuekarawane.de\/wp-content\/uploads\/2023\/10\/Abensbrot-ein-anderes-Mal-12x12.jpg 12w\" sizes=\"(max-width: 150px) 100vw, 150px\" \/><\/a>\n\t\t\t<\/div>\n\t\t\t\t<figcaption class='wp-caption-text gallery-caption' id='gallery-4-3599'>\n\t\t\t\tAbendbrot ein anderes Mal \n\t\t\t\t<\/figcaption><\/figure><figure class='gallery-item'>\n\t\t\t<div class='gallery-icon landscape'>\n\t\t\t\t<a data-elementor-open-lightbox=\"yes\" data-elementor-lightbox-slideshow=\"3e5317b\" data-elementor-lightbox-title=\"das schmeckt auch so gut, wie es aussieht\" data-e-action-hash=\"#elementor-action%3Aaction%3Dlightbox%26settings%3DeyJpZCI6MzU5OCwidXJsIjoiaHR0cHM6XC9cL25ldWVrYXJhd2FuZS5kZVwvd3AtY29udGVudFwvdXBsb2Fkc1wvMjAyM1wvMTBcL2Rhcy1zY2htZWNrdC1hdWNoLXNvLWd1dC13aWUtZXMtYXVzc2llaHQtc2NhbGVkLmpwZyIsInNsaWRlc2hvdyI6IjNlNTMxN2IifQ%3D%3D\" href='https:\/\/neuekarawane.de\/wp-content\/uploads\/2023\/10\/das-schmeckt-auch-so-gut-wie-es-aussieht-scaled.jpg'><img loading=\"lazy\" decoding=\"async\" width=\"150\" height=\"150\" src=\"https:\/\/neuekarawane.de\/wp-content\/uploads\/2023\/10\/das-schmeckt-auch-so-gut-wie-es-aussieht-150x150.jpg\" class=\"attachment-thumbnail size-thumbnail\" alt=\"\" aria-describedby=\"gallery-4-3598\" srcset=\"https:\/\/neuekarawane.de\/wp-content\/uploads\/2023\/10\/das-schmeckt-auch-so-gut-wie-es-aussieht-150x150.jpg 150w, https:\/\/neuekarawane.de\/wp-content\/uploads\/2023\/10\/das-schmeckt-auch-so-gut-wie-es-aussieht-300x300.jpg 300w, https:\/\/neuekarawane.de\/wp-content\/uploads\/2023\/10\/das-schmeckt-auch-so-gut-wie-es-aussieht-1024x1024.jpg 1024w, https:\/\/neuekarawane.de\/wp-content\/uploads\/2023\/10\/das-schmeckt-auch-so-gut-wie-es-aussieht-768x768.jpg 768w, https:\/\/neuekarawane.de\/wp-content\/uploads\/2023\/10\/das-schmeckt-auch-so-gut-wie-es-aussieht-1536x1536.jpg 1536w, https:\/\/neuekarawane.de\/wp-content\/uploads\/2023\/10\/das-schmeckt-auch-so-gut-wie-es-aussieht-2048x2048.jpg 2048w, https:\/\/neuekarawane.de\/wp-content\/uploads\/2023\/10\/das-schmeckt-auch-so-gut-wie-es-aussieht-12x12.jpg 12w\" sizes=\"(max-width: 150px) 100vw, 150px\" \/><\/a>\n\t\t\t<\/div>\n\t\t\t\t<figcaption class='wp-caption-text gallery-caption' id='gallery-4-3598'>\n\t\t\t\tdas schmeckt auch so gut, wie es aussieht \n\t\t\t\t<\/figcaption><\/figure>\n\t\t<\/div>\n\t\t<\/div>\n\t\t\t\t\t\t<\/div>\n\t\t\t\t<\/div>\n\t\t\t\t\t<\/div>\n\t\t<\/div>\n\t\t\t\t\t<\/div>\n\t\t<\/section>\n\t\t\t\t<section class=\"elementor-section elementor-top-section elementor-element elementor-element-20ae85c elementor-section-boxed elementor-section-height-default elementor-section-height-default wpr-particle-no wpr-jarallax-no wpr-parallax-no wpr-sticky-section-no wpr-equal-height-no\" data-id=\"20ae85c\" data-element_type=\"section\" data-e-type=\"section\">\n\t\t\t\t\t\t<div class=\"elementor-container elementor-column-gap-default\">\n\t\t\t\t\t<div class=\"elementor-column elementor-col-100 elementor-top-column elementor-element elementor-element-83c2793\" data-id=\"83c2793\" data-element_type=\"column\" data-e-type=\"column\">\n\t\t\t<div class=\"elementor-widget-wrap elementor-element-populated\">\n\t\t\t\t\t\t<div class=\"elementor-element elementor-element-a86ced8 elementor-widget elementor-widget-text-editor\" data-id=\"a86ced8\" data-element_type=\"widget\" data-e-type=\"widget\" data-widget_type=\"text-editor.default\">\n\t\t\t\t<div class=\"elementor-widget-container\">\n\t\t\t\t\t\t\t\t\t<p>Da er l\u00e4ngst erfahren hat, dass Astrachan auf meiner Reiseliste steht, erz\u00e4hlt er mir, dass sein Bruder Ilja in Astrachan studiert, er w\u00fcrde mich dort bestimmt auch unterst\u00fctzen. Und wirklich, eines Sonntags kommt Sascha mit Ilja, er stellt sich mir vor, und die beiden haben so eine Art Surfbrett mit, um die Wolga in beide Richtungen zu \u00fcberqueren.<\/p>\t\t\t\t\t\t\t\t<\/div>\n\t\t\t\t<\/div>\n\t\t\t\t\t<\/div>\n\t\t<\/div>\n\t\t\t\t\t<\/div>\n\t\t<\/section>\n\t\t\t\t<section class=\"elementor-section elementor-top-section elementor-element elementor-element-31a0b04 elementor-section-boxed elementor-section-height-default elementor-section-height-default wpr-particle-no wpr-jarallax-no wpr-parallax-no wpr-sticky-section-no wpr-equal-height-no\" data-id=\"31a0b04\" data-element_type=\"section\" data-e-type=\"section\">\n\t\t\t\t\t\t<div class=\"elementor-container elementor-column-gap-default\">\n\t\t\t\t\t<div class=\"elementor-column elementor-col-100 elementor-top-column elementor-element elementor-element-fdabb91\" data-id=\"fdabb91\" data-element_type=\"column\" data-e-type=\"column\">\n\t\t\t<div class=\"elementor-widget-wrap elementor-element-populated\">\n\t\t\t\t\t\t<div class=\"elementor-element elementor-element-071977d elementor-widget elementor-widget-image-gallery\" data-id=\"071977d\" data-element_type=\"widget\" data-e-type=\"widget\" data-widget_type=\"image-gallery.default\">\n\t\t\t\t<div class=\"elementor-widget-container\">\n\t\t\t\t\t\t\t<div class=\"elementor-image-gallery\">\n\t\t\t<div id='gallery-5' class='gallery galleryid-3590 gallery-columns-3 gallery-size-thumbnail'><figure class='gallery-item'>\n\t\t\t<div class='gallery-icon landscape'>\n\t\t\t\t<a data-elementor-open-lightbox=\"yes\" data-elementor-lightbox-slideshow=\"071977d\" data-elementor-lightbox-title=\"Sascha und Bruder Ilja\" data-e-action-hash=\"#elementor-action%3Aaction%3Dlightbox%26settings%3DeyJpZCI6MzYwMiwidXJsIjoiaHR0cHM6XC9cL25ldWVrYXJhd2FuZS5kZVwvd3AtY29udGVudFwvdXBsb2Fkc1wvMjAyM1wvMTBcL1Nhc2NoYS11bmQtQnJ1ZGVyLUlsamEtc2NhbGVkLmpwZyIsInNsaWRlc2hvdyI6IjA3MTk3N2QifQ%3D%3D\" href='https:\/\/neuekarawane.de\/wp-content\/uploads\/2023\/10\/Sascha-und-Bruder-Ilja-scaled.jpg'><img loading=\"lazy\" decoding=\"async\" width=\"150\" height=\"150\" src=\"https:\/\/neuekarawane.de\/wp-content\/uploads\/2023\/10\/Sascha-und-Bruder-Ilja-150x150.jpg\" class=\"attachment-thumbnail size-thumbnail\" alt=\"\" aria-describedby=\"gallery-5-3602\" srcset=\"https:\/\/neuekarawane.de\/wp-content\/uploads\/2023\/10\/Sascha-und-Bruder-Ilja-150x150.jpg 150w, https:\/\/neuekarawane.de\/wp-content\/uploads\/2023\/10\/Sascha-und-Bruder-Ilja-300x300.jpg 300w, https:\/\/neuekarawane.de\/wp-content\/uploads\/2023\/10\/Sascha-und-Bruder-Ilja-1024x1024.jpg 1024w, https:\/\/neuekarawane.de\/wp-content\/uploads\/2023\/10\/Sascha-und-Bruder-Ilja-768x768.jpg 768w, https:\/\/neuekarawane.de\/wp-content\/uploads\/2023\/10\/Sascha-und-Bruder-Ilja-1536x1536.jpg 1536w, https:\/\/neuekarawane.de\/wp-content\/uploads\/2023\/10\/Sascha-und-Bruder-Ilja-2048x2048.jpg 2048w, https:\/\/neuekarawane.de\/wp-content\/uploads\/2023\/10\/Sascha-und-Bruder-Ilja-12x12.jpg 12w\" sizes=\"(max-width: 150px) 100vw, 150px\" \/><\/a>\n\t\t\t<\/div>\n\t\t\t\t<figcaption class='wp-caption-text gallery-caption' id='gallery-5-3602'>\n\t\t\t\tSascha und Bruder Ilja\n\t\t\t\t<\/figcaption><\/figure><figure class='gallery-item'>\n\t\t\t<div class='gallery-icon landscape'>\n\t\t\t\t<a data-elementor-open-lightbox=\"yes\" data-elementor-lightbox-slideshow=\"071977d\" data-elementor-lightbox-title=\"Die Betonb\u00f6schung zur Wolga hinunter\" data-e-action-hash=\"#elementor-action%3Aaction%3Dlightbox%26settings%3DeyJpZCI6MzYwMCwidXJsIjoiaHR0cHM6XC9cL25ldWVrYXJhd2FuZS5kZVwvd3AtY29udGVudFwvdXBsb2Fkc1wvMjAyM1wvMTBcL0RpZS1CZXRvbmJvZXNjaHVuZy16dXItV29sZ2EtaGludW50ZXItc2NhbGVkLmpwZyIsInNsaWRlc2hvdyI6IjA3MTk3N2QifQ%3D%3D\" href='https:\/\/neuekarawane.de\/wp-content\/uploads\/2023\/10\/Die-Betonboeschung-zur-Wolga-hinunter-scaled.jpg'><img loading=\"lazy\" decoding=\"async\" width=\"150\" height=\"150\" src=\"https:\/\/neuekarawane.de\/wp-content\/uploads\/2023\/10\/Die-Betonboeschung-zur-Wolga-hinunter-150x150.jpg\" class=\"attachment-thumbnail size-thumbnail\" alt=\"\" aria-describedby=\"gallery-5-3600\" srcset=\"https:\/\/neuekarawane.de\/wp-content\/uploads\/2023\/10\/Die-Betonboeschung-zur-Wolga-hinunter-150x150.jpg 150w, https:\/\/neuekarawane.de\/wp-content\/uploads\/2023\/10\/Die-Betonboeschung-zur-Wolga-hinunter-300x300.jpg 300w, https:\/\/neuekarawane.de\/wp-content\/uploads\/2023\/10\/Die-Betonboeschung-zur-Wolga-hinunter-1024x1024.jpg 1024w, https:\/\/neuekarawane.de\/wp-content\/uploads\/2023\/10\/Die-Betonboeschung-zur-Wolga-hinunter-768x768.jpg 768w, https:\/\/neuekarawane.de\/wp-content\/uploads\/2023\/10\/Die-Betonboeschung-zur-Wolga-hinunter-1536x1536.jpg 1536w, https:\/\/neuekarawane.de\/wp-content\/uploads\/2023\/10\/Die-Betonboeschung-zur-Wolga-hinunter-2048x2048.jpg 2048w, https:\/\/neuekarawane.de\/wp-content\/uploads\/2023\/10\/Die-Betonboeschung-zur-Wolga-hinunter-12x12.jpg 12w\" sizes=\"(max-width: 150px) 100vw, 150px\" \/><\/a>\n\t\t\t<\/div>\n\t\t\t\t<figcaption class='wp-caption-text gallery-caption' id='gallery-5-3600'>\n\t\t\t\tDie Betonb\u00f6schung zur Wolga hinunter\n\t\t\t\t<\/figcaption><\/figure><figure class='gallery-item'>\n\t\t\t<div class='gallery-icon landscape'>\n\t\t\t\t<a data-elementor-open-lightbox=\"yes\" data-elementor-lightbox-slideshow=\"071977d\" data-elementor-lightbox-title=\"und los gehts\" data-e-action-hash=\"#elementor-action%3Aaction%3Dlightbox%26settings%3DeyJpZCI6MzYwMSwidXJsIjoiaHR0cHM6XC9cL25ldWVrYXJhd2FuZS5kZVwvd3AtY29udGVudFwvdXBsb2Fkc1wvMjAyM1wvMTBcL3VuZC1sb3MtZ2VodHMtc2NhbGVkLmpwZyIsInNsaWRlc2hvdyI6IjA3MTk3N2QifQ%3D%3D\" href='https:\/\/neuekarawane.de\/wp-content\/uploads\/2023\/10\/und-los-gehts-scaled.jpg'><img loading=\"lazy\" decoding=\"async\" width=\"150\" height=\"150\" src=\"https:\/\/neuekarawane.de\/wp-content\/uploads\/2023\/10\/und-los-gehts-150x150.jpg\" class=\"attachment-thumbnail size-thumbnail\" alt=\"\" aria-describedby=\"gallery-5-3601\" srcset=\"https:\/\/neuekarawane.de\/wp-content\/uploads\/2023\/10\/und-los-gehts-150x150.jpg 150w, https:\/\/neuekarawane.de\/wp-content\/uploads\/2023\/10\/und-los-gehts-300x300.jpg 300w, https:\/\/neuekarawane.de\/wp-content\/uploads\/2023\/10\/und-los-gehts-1024x1024.jpg 1024w, https:\/\/neuekarawane.de\/wp-content\/uploads\/2023\/10\/und-los-gehts-768x768.jpg 768w, https:\/\/neuekarawane.de\/wp-content\/uploads\/2023\/10\/und-los-gehts-1536x1536.jpg 1536w, https:\/\/neuekarawane.de\/wp-content\/uploads\/2023\/10\/und-los-gehts-2048x2048.jpg 2048w, https:\/\/neuekarawane.de\/wp-content\/uploads\/2023\/10\/und-los-gehts-12x12.jpg 12w\" sizes=\"(max-width: 150px) 100vw, 150px\" \/><\/a>\n\t\t\t<\/div>\n\t\t\t\t<figcaption class='wp-caption-text gallery-caption' id='gallery-5-3601'>\n\t\t\t\tund los gehts\n\t\t\t\t<\/figcaption><\/figure>\n\t\t<\/div>\n\t\t<\/div>\n\t\t\t\t\t\t<\/div>\n\t\t\t\t<\/div>\n\t\t\t\t\t<\/div>\n\t\t<\/div>\n\t\t\t\t\t<\/div>\n\t\t<\/section>\n\t\t\t\t<section class=\"elementor-section elementor-top-section elementor-element elementor-element-fd17793 elementor-section-content-space-evenly elementor-section-boxed elementor-section-height-default elementor-section-height-default wpr-particle-no wpr-jarallax-no wpr-parallax-no wpr-sticky-section-no wpr-equal-height-no\" data-id=\"fd17793\" data-element_type=\"section\" data-e-type=\"section\">\n\t\t\t\t\t\t<div class=\"elementor-container elementor-column-gap-default\">\n\t\t\t\t\t<div class=\"elementor-column elementor-col-100 elementor-top-column elementor-element elementor-element-0aea4bf\" data-id=\"0aea4bf\" data-element_type=\"column\" data-e-type=\"column\">\n\t\t\t<div class=\"elementor-widget-wrap elementor-element-populated\">\n\t\t\t\t\t\t<div class=\"elementor-element elementor-element-8b1a179 elementor-widget elementor-widget-text-editor\" data-id=\"8b1a179\" data-element_type=\"widget\" data-e-type=\"widget\" data-widget_type=\"text-editor.default\">\n\t\t\t\t<div class=\"elementor-widget-container\">\n\t\t\t\t\t\t\t\t\t<p>Am Tag vor meinem Abschiedskonzert kommt Sascha und fragt, ob noch etwas zu helfen ist, und selbstverst\u00e4ndlich kommen sie auch am n\u00e4chsten Tag zu meinem Abschiedskonzert und verabschieden sich von mir. <br \/>Ich denke sehr gern an die beiden zur\u00fcck und wir haben nun immerhin Telegram-Kontakt, was man an dem Video sieht, das sie mir nach Sotschi geschickt hatten.<\/p><p><iframe title=\"Ein freier Tag im Schwimmbad\" width=\"960\" height=\"540\" src=\"https:\/\/www.youtube.com\/embed\/KuTUMUm7tqE?feature=oembed\" frameborder=\"0\" allow=\"accelerometer; autoplay; clipboard-write; encrypted-media; gyroscope; picture-in-picture; web-share\" allowfullscreen><\/iframe><\/p>\t\t\t\t\t\t\t\t<\/div>\n\t\t\t\t<\/div>\n\t\t\t\t\t<\/div>\n\t\t<\/div>\n\t\t\t\t\t<\/div>\n\t\t<\/section>\n\t\t\t\t<section class=\"elementor-section elementor-top-section elementor-element elementor-element-382d66b elementor-section-boxed elementor-section-height-default elementor-section-height-default wpr-particle-no wpr-jarallax-no wpr-parallax-no wpr-sticky-section-no wpr-equal-height-no\" data-id=\"382d66b\" data-element_type=\"section\" data-e-type=\"section\">\n\t\t\t\t\t\t<div class=\"elementor-container elementor-column-gap-default\">\n\t\t\t\t\t<div class=\"elementor-column elementor-col-50 elementor-top-column elementor-element elementor-element-395bacf\" data-id=\"395bacf\" data-element_type=\"column\" data-e-type=\"column\">\n\t\t\t<div class=\"elementor-widget-wrap elementor-element-populated\">\n\t\t\t\t\t\t<div class=\"elementor-element elementor-element-6e1e6e3 elementor-widget elementor-widget-video\" data-id=\"6e1e6e3\" data-element_type=\"widget\" data-e-type=\"widget\" data-settings=\"{&quot;youtube_url&quot;:&quot;https:\\\/\\\/youtu.be\\\/-s5yyZ-7Dy0&quot;,&quot;video_type&quot;:&quot;youtube&quot;,&quot;controls&quot;:&quot;yes&quot;}\" data-widget_type=\"video.default\">\n\t\t\t\t<div class=\"elementor-widget-container\">\n\t\t\t\t\t\t\t<div class=\"elementor-wrapper elementor-open-inline\">\n\t\t\t<div class=\"elementor-video\"><\/div>\t\t<\/div>\n\t\t\t\t\t\t<\/div>\n\t\t\t\t<\/div>\n\t\t\t\t\t<\/div>\n\t\t<\/div>\n\t\t\t\t<div class=\"elementor-column elementor-col-50 elementor-top-column elementor-element elementor-element-2bab9da\" data-id=\"2bab9da\" data-element_type=\"column\" data-e-type=\"column\">\n\t\t\t<div class=\"elementor-widget-wrap elementor-element-populated\">\n\t\t\t\t\t\t<div class=\"elementor-element elementor-element-3b88ab8 elementor-widget elementor-widget-video\" data-id=\"3b88ab8\" data-element_type=\"widget\" data-e-type=\"widget\" data-settings=\"{&quot;youtube_url&quot;:&quot;https:\\\/\\\/youtu.be\\\/X__GJAvZ4_M&quot;,&quot;video_type&quot;:&quot;youtube&quot;,&quot;controls&quot;:&quot;yes&quot;}\" data-widget_type=\"video.default\">\n\t\t\t\t<div class=\"elementor-widget-container\">\n\t\t\t\t\t\t\t<div class=\"elementor-wrapper elementor-open-inline\">\n\t\t\t<div class=\"elementor-video\"><\/div>\t\t<\/div>\n\t\t\t\t\t\t<\/div>\n\t\t\t\t<\/div>\n\t\t\t\t\t<\/div>\n\t\t<\/div>\n\t\t\t\t\t<\/div>\n\t\t<\/section>\n\t\t\t\t<section class=\"elementor-section elementor-top-section elementor-element elementor-element-1847a56 elementor-section-boxed elementor-section-height-default elementor-section-height-default wpr-particle-no wpr-jarallax-no wpr-parallax-no wpr-sticky-section-no wpr-equal-height-no\" data-id=\"1847a56\" data-element_type=\"section\" data-e-type=\"section\">\n\t\t\t\t\t\t<div class=\"elementor-container elementor-column-gap-default\">\n\t\t\t\t\t<div class=\"elementor-column elementor-col-100 elementor-top-column elementor-element elementor-element-1a8f6b6\" data-id=\"1a8f6b6\" data-element_type=\"column\" data-e-type=\"column\">\n\t\t\t<div class=\"elementor-widget-wrap elementor-element-populated\">\n\t\t\t\t\t\t<div class=\"elementor-element elementor-element-56b3ffb elementor-widget elementor-widget-text-editor\" data-id=\"56b3ffb\" data-element_type=\"widget\" data-e-type=\"widget\" data-widget_type=\"text-editor.default\">\n\t\t\t\t<div class=\"elementor-widget-container\">\n\t\t\t\t\t\t\t\t\t<p>Wie wahrscheinlich auf den neuen Social-Medien \u00fcblich, haben mir die beiden auch Videos gesandt, die ihnen gefallen oder wichtig sind und die Auswahl beinhaltet ja auch einen Einblick in ihr Denken und Leben &#8230;<\/p>\t\t\t\t\t\t\t\t<\/div>\n\t\t\t\t<\/div>\n\t\t\t\t\t<\/div>\n\t\t<\/div>\n\t\t\t\t\t<\/div>\n\t\t<\/section>\n\t\t\t\t<\/div>\n\t\t","protected":false},"excerpt":{"rendered":"<p>Eine Begegnung wie so viele, es k\u00f6nnte der 8.August 2023 gewesen sein, spricht mich Alexander an. An meinem Auto ist die geplante Reisestrecke aufgeklebt (\u043c\u0430\u0440\u0448\u0440\u0443\u0442), er guckt mich etwas ungl\u00e4ubig an. Ich erz\u00e4hle ihm von der neuen Seidenstra\u00dfe (die ist ihm bekannt) und von meiner Auffassung zur V\u00f6lkerfreundschaft aller L\u00e4nder dieser Welt. Aus meiner Geschichtskenntnis ist V\u00f6lkerfreundschaft die Grundlage von Frieden und V\u00f6lkerhass eine Voraussetzung von Kriegen. Alexander stimmt mir zu und beim Gespr\u00e4ch erfahre ich, dass er in der Schule auch einmal Deutschunterricht hatte. Er versucht immer wieder sich an einzelne Worte zu erinnern. Wir machen also lustigerweise im Gespr\u00e4ch das Gleiche, nur eben jeder in der Sprache des Anderen. Bei der Verabschiedung verspricht er mir: &#8222;Ich werde dich wieder besuchen&#8220;. die erste Begegnung Fr\u00fchst\u00fcck mit Sascha Und wirklich, beim n\u00e4chsten mal bringt er seine Frau Maria (und 2 Campingst\u00fchle) mit und wir haben ein langes Gespr\u00e4ch.Das sollte sich noch viele Male wiederholen, schlie\u00dflich schaut er fast jeden Tag nach seiner Arbeit bei mir vorbei, er hat seinen Arbeitsweg etwas ver\u00e4ndert, so dass der nun nachmittags bei mir vorbei f\u00fchrt.Ich lerne wie russische Namensk\u00fcrzel zustande kommen &#8211; Alexander wird Sascha genannt, Maria ist f\u00fcr ihn immer Mascha. Ich erfahre seinen Beruf, er ist Autoschlosser, oder wie das heute hei\u00dft &#8230; Er hat aber auch etliche Jahre als Monteur an vielen Erd\u00f6l\/Erdgasleitungen gearbeitet (&#8222;Kraft Sibiriens&#8220;, &#8230;, &#8222;Nordstream&#8220;). Bei der Gelegenheit hat er in Sankt Petersburg auch seine Mascha kennengelernt und vor gut 2 Jahren haben sie geheiratet, sich eine Wohnung in einem Neubaublock ganz in der N\u00e4he meines Standplatzes gesucht und wollen eine Familie mit Kindern werden (was hier auch in ihrem Alter v\u00f6llig normal erscheint). Sascha ist, wenn ich es mir richtig gemerkt habe 34 und Mascha 25 Jahre alt. Ihr Hochzeitsfoto Ihr 2. Hochzeitstag in der Gastst\u00e4tte Maschas 25. Geburtstag Sie kommen mehrmals, um mit mir am Campingtisch gemeinsam zu essen, wobei sie die Speisen nat\u00fcrlich selbst mitbringen um mich in die Landes- und Orts\u00fcbliche K\u00fcche einzuf\u00fchren. An einem Wochenende kommen die beiden und Sasche schmiert mit mir gemeinsam das gesamte Fahrgestell des Lkw ab. Eines Nachmittags nach seiner Arbeit, erz\u00e4hlt er mir, dass er heute nur wenig Zeit hat, weil Mascha heute ihren 25. Geburtstag hat, er muss noch ein Geschenk kaufen und Blumen &#8230; gemeinsames Abendessen Abendbrot ein anderes Mal das schmeckt auch so gut, wie es aussieht Da er l\u00e4ngst erfahren hat, dass Astrachan auf meiner Reiseliste steht, erz\u00e4hlt er mir, dass sein Bruder Ilja in Astrachan studiert, er w\u00fcrde mich dort bestimmt auch unterst\u00fctzen. Und wirklich, eines Sonntags kommt Sascha mit Ilja, er stellt sich mir vor, und die beiden haben so eine Art Surfbrett mit, um die Wolga in beide Richtungen zu \u00fcberqueren. Sascha und Bruder Ilja Die Betonb\u00f6schung zur Wolga hinunter und los gehts Am Tag vor meinem Abschiedskonzert kommt Sascha und fragt, ob noch etwas zu helfen ist, und selbstverst\u00e4ndlich kommen sie auch am n\u00e4chsten Tag zu meinem Abschiedskonzert und verabschieden sich von mir. Ich denke sehr gern an die beiden zur\u00fcck und wir haben nun immerhin Telegram-Kontakt, was man an dem Video sieht, das sie mir nach Sotschi geschickt hatten. https:\/\/youtu.be\/-s5yyZ-7Dy0https:\/\/youtu.be\/X__GJAvZ4_M Wie wahrscheinlich auf den neuen Social-Medien \u00fcblich, haben mir die beiden auch Videos gesandt, die ihnen gefallen oder wichtig sind und die Auswahl beinhaltet ja auch einen Einblick in ihr Denken und Leben &#8230;<\/p>\n","protected":false},"author":1,"featured_media":0,"comment_status":"open","ping_status":"open","sticky":false,"template":"","format":"standard","meta":{"footnotes":""},"categories":[1],"tags":[],"class_list":["post-3590","post","type-post","status-publish","format-standard","hentry","category-allgemein"],"_links":{"self":[{"href":"https:\/\/neuekarawane.de\/de_de\/wp-json\/wp\/v2\/posts\/3590","targetHints":{"allow":["GET"]}}],"collection":[{"href":"https:\/\/neuekarawane.de\/de_de\/wp-json\/wp\/v2\/posts"}],"about":[{"href":"https:\/\/neuekarawane.de\/de_de\/wp-json\/wp\/v2\/types\/post"}],"author":[{"embeddable":true,"href":"https:\/\/neuekarawane.de\/de_de\/wp-json\/wp\/v2\/users\/1"}],"replies":[{"embeddable":true,"href":"https:\/\/neuekarawane.de\/de_de\/wp-json\/wp\/v2\/comments?post=3590"}],"version-history":[{"count":0,"href":"https:\/\/neuekarawane.de\/de_de\/wp-json\/wp\/v2\/posts\/3590\/revisions"}],"wp:attachment":[{"href":"https:\/\/neuekarawane.de\/de_de\/wp-json\/wp\/v2\/media?parent=3590"}],"wp:term":[{"taxonomy":"category","embeddable":true,"href":"https:\/\/neuekarawane.de\/de_de\/wp-json\/wp\/v2\/categories?post=3590"},{"taxonomy":"post_tag","embeddable":true,"href":"https:\/\/neuekarawane.de\/de_de\/wp-json\/wp\/v2\/tags?post=3590"}],"curies":[{"name":"wp","href":"https:\/\/api.w.org\/{rel}","templated":true}]}}