{"id":3267,"date":"2023-09-01T09:45:26","date_gmt":"2023-09-01T07:45:26","guid":{"rendered":"https:\/\/neuekarawane.de\/?p=3267"},"modified":"2023-09-01T09:45:26","modified_gmt":"2023-09-01T07:45:26","slug":"wladimir-mit-den-fotos","status":"publish","type":"post","link":"http:\/\/neuekarawane.de\/de_de\/2023\/09\/01\/wladimir-mit-den-fotos\/","title":{"rendered":"Wladimir mit den Fotos"},"content":{"rendered":"\t\t<div data-elementor-type=\"wp-post\" data-elementor-id=\"3267\" class=\"elementor elementor-3267\">\n\t\t\t\t\t\t<section class=\"elementor-section elementor-top-section elementor-element elementor-element-ef98cb2 elementor-section-boxed elementor-section-height-default elementor-section-height-default wpr-particle-no wpr-jarallax-no wpr-parallax-no wpr-sticky-section-no wpr-equal-height-no\" data-id=\"ef98cb2\" data-element_type=\"section\" data-e-type=\"section\">\n\t\t\t\t\t\t<div class=\"elementor-container elementor-column-gap-default\">\n\t\t\t\t\t<div class=\"elementor-column elementor-col-100 elementor-top-column elementor-element elementor-element-1cb7c50\" data-id=\"1cb7c50\" data-element_type=\"column\" data-e-type=\"column\">\n\t\t\t<div class=\"elementor-widget-wrap elementor-element-populated\">\n\t\t\t\t\t\t<div class=\"elementor-element elementor-element-123e7ae elementor-widget elementor-widget-text-editor\" data-id=\"123e7ae\" data-element_type=\"widget\" data-e-type=\"widget\" data-widget_type=\"text-editor.default\">\n\t\t\t\t<div class=\"elementor-widget-container\">\n\t\t\t\t\t\t\t\t\t<p>01.09.23 Weltfriedenstag und in Russland Schulanfang<\/p><p>Fr\u00fch um 9 Uhr, ich bin gerade beim Kaffee kochen, klopft es. <br \/>Ein 67-j\u00e4hriger Wladimir steht vor der T\u00fcr und begr\u00fc\u00dft mich. Er hat aus der Zeitung erfahren, dass ich fr\u00fcher schon einmal mit einem Freundschaftszug hier in Wolgograd war.<br \/>Er erz\u00e4hlt mir, dass er 1981 auch mit einem Freundschftszug des Komsomol in Deutschland um Hannover herum gewesen war. <br \/>Das besondere:<br \/>Er legt mir aus dieser Zeit alte Zeitungen und Fotos vor und erz\u00e4hlt, wie sch\u00f6n diese Zeit war und wie jung er da noch gewesen ist vor 42 Jahren. <br \/>Die Fotos sprechen wieder f\u00fcr sich. Er will mich am Montag noch einmal besuchen, jetzt hat er einen Termin in der Poliklinik &#8230;<\/p>\t\t\t\t\t\t\t\t<\/div>\n\t\t\t\t<\/div>\n\t\t\t\t\t<\/div>\n\t\t<\/div>\n\t\t\t\t\t<\/div>\n\t\t<\/section>\n\t\t\t\t<section class=\"elementor-section elementor-top-section elementor-element elementor-element-5563c78 elementor-section-boxed elementor-section-height-default elementor-section-height-default wpr-particle-no wpr-jarallax-no wpr-parallax-no wpr-sticky-section-no wpr-equal-height-no\" data-id=\"5563c78\" data-element_type=\"section\" data-e-type=\"section\">\n\t\t\t\t\t\t<div class=\"elementor-container elementor-column-gap-default\">\n\t\t\t\t\t<div class=\"elementor-column elementor-col-100 elementor-top-column elementor-element elementor-element-43604a0\" data-id=\"43604a0\" data-element_type=\"column\" data-e-type=\"column\">\n\t\t\t<div class=\"elementor-widget-wrap elementor-element-populated\">\n\t\t\t\t\t\t<div class=\"elementor-element elementor-element-34221a9 elementor-widget elementor-widget-image-gallery\" data-id=\"34221a9\" data-element_type=\"widget\" data-e-type=\"widget\" data-widget_type=\"image-gallery.default\">\n\t\t\t\t<div class=\"elementor-widget-container\">\n\t\t\t\t\t\t\t<div class=\"elementor-image-gallery\">\n\t\t\t<div id='gallery-1' class='gallery galleryid-3267 gallery-columns-4 gallery-size-thumbnail'><figure class='gallery-item'>\n\t\t\t<div class='gallery-icon landscape'>\n\t\t\t\t<a data-elementor-open-lightbox=\"yes\" data-elementor-lightbox-slideshow=\"34221a9\" data-elementor-lightbox-title=\"Wladimir an meinem Kaffeetisch\" data-e-action-hash=\"#elementor-action%3Aaction%3Dlightbox%26settings%3DeyJpZCI6MzI3NiwidXJsIjoiaHR0cHM6XC9cL25ldWVrYXJhd2FuZS5kZVwvd3AtY29udGVudFwvdXBsb2Fkc1wvMjAyM1wvMDlcL1dsYWRpbWlyLWFuLW1laW5lbS1LYWZmZWV0aXNjaC5qcGciLCJzbGlkZXNob3ciOiIzNDIyMWE5In0%3D\" href='https:\/\/neuekarawane.de\/wp-content\/uploads\/2023\/09\/Wladimir-an-meinem-Kaffeetisch.jpg'><img decoding=\"async\" width=\"150\" height=\"150\" src=\"https:\/\/neuekarawane.de\/wp-content\/uploads\/2023\/09\/Wladimir-an-meinem-Kaffeetisch-150x150.jpg\" class=\"attachment-thumbnail size-thumbnail\" alt=\"\" aria-describedby=\"gallery-1-3276\" srcset=\"https:\/\/neuekarawane.de\/wp-content\/uploads\/2023\/09\/Wladimir-an-meinem-Kaffeetisch-150x150.jpg 150w, https:\/\/neuekarawane.de\/wp-content\/uploads\/2023\/09\/Wladimir-an-meinem-Kaffeetisch-300x300.jpg 300w, https:\/\/neuekarawane.de\/wp-content\/uploads\/2023\/09\/Wladimir-an-meinem-Kaffeetisch-1024x1024.jpg 1024w, https:\/\/neuekarawane.de\/wp-content\/uploads\/2023\/09\/Wladimir-an-meinem-Kaffeetisch-768x768.jpg 768w, https:\/\/neuekarawane.de\/wp-content\/uploads\/2023\/09\/Wladimir-an-meinem-Kaffeetisch-12x12.jpg 12w, https:\/\/neuekarawane.de\/wp-content\/uploads\/2023\/09\/Wladimir-an-meinem-Kaffeetisch.jpg 1280w\" sizes=\"(max-width: 150px) 100vw, 150px\" \/><\/a>\n\t\t\t<\/div>\n\t\t\t\t<figcaption class='wp-caption-text gallery-caption' id='gallery-1-3276'>\n\t\t\t\tWladimir an meinem Kaffeetisch\n\t\t\t\t<\/figcaption><\/figure><figure class='gallery-item'>\n\t\t\t<div class='gallery-icon landscape'>\n\t\t\t\t<a data-elementor-open-lightbox=\"yes\" data-elementor-lightbox-slideshow=\"34221a9\" data-elementor-lightbox-title=\"Schl\u00fcssel der Freundschaft\" data-e-action-hash=\"#elementor-action%3Aaction%3Dlightbox%26settings%3DeyJpZCI6MzI2OSwidXJsIjoiaHR0cHM6XC9cL25ldWVrYXJhd2FuZS5kZVwvd3AtY29udGVudFwvdXBsb2Fkc1wvMjAyM1wvMDlcL1NjaGx1ZXNzZWwtZGVyLUZyZXVuZHNjaGFmdC5qcGciLCJzbGlkZXNob3ciOiIzNDIyMWE5In0%3D\" href='https:\/\/neuekarawane.de\/wp-content\/uploads\/2023\/09\/Schluessel-der-Freundschaft.jpg'><img decoding=\"async\" width=\"150\" height=\"150\" src=\"https:\/\/neuekarawane.de\/wp-content\/uploads\/2023\/09\/Schluessel-der-Freundschaft-150x150.jpg\" class=\"attachment-thumbnail size-thumbnail\" alt=\"\" aria-describedby=\"gallery-1-3269\" srcset=\"https:\/\/neuekarawane.de\/wp-content\/uploads\/2023\/09\/Schluessel-der-Freundschaft-150x150.jpg 150w, https:\/\/neuekarawane.de\/wp-content\/uploads\/2023\/09\/Schluessel-der-Freundschaft-300x300.jpg 300w, https:\/\/neuekarawane.de\/wp-content\/uploads\/2023\/09\/Schluessel-der-Freundschaft-1024x1024.jpg 1024w, https:\/\/neuekarawane.de\/wp-content\/uploads\/2023\/09\/Schluessel-der-Freundschaft-768x768.jpg 768w, https:\/\/neuekarawane.de\/wp-content\/uploads\/2023\/09\/Schluessel-der-Freundschaft-12x12.jpg 12w, https:\/\/neuekarawane.de\/wp-content\/uploads\/2023\/09\/Schluessel-der-Freundschaft.jpg 1280w\" sizes=\"(max-width: 150px) 100vw, 150px\" \/><\/a>\n\t\t\t<\/div>\n\t\t\t\t<figcaption class='wp-caption-text gallery-caption' id='gallery-1-3269'>\n\t\t\t\tSchl\u00fcssel der Freundschaft\n\t\t\t\t<\/figcaption><\/figure><figure class='gallery-item'>\n\t\t\t<div class='gallery-icon landscape'>\n\t\t\t\t<a data-elementor-open-lightbox=\"yes\" data-elementor-lightbox-slideshow=\"34221a9\" data-elementor-lightbox-title=\"Lokalrundschau\" data-e-action-hash=\"#elementor-action%3Aaction%3Dlightbox%26settings%3DeyJpZCI6MzI3MSwidXJsIjoiaHR0cHM6XC9cL25ldWVrYXJhd2FuZS5kZVwvd3AtY29udGVudFwvdXBsb2Fkc1wvMjAyM1wvMDlcL0xva2FscnVuZHNjaGF1LmpwZyIsInNsaWRlc2hvdyI6IjM0MjIxYTkifQ%3D%3D\" href='https:\/\/neuekarawane.de\/wp-content\/uploads\/2023\/09\/Lokalrundschau.jpg'><img decoding=\"async\" width=\"150\" height=\"150\" src=\"https:\/\/neuekarawane.de\/wp-content\/uploads\/2023\/09\/Lokalrundschau-150x150.jpg\" class=\"attachment-thumbnail size-thumbnail\" alt=\"\" aria-describedby=\"gallery-1-3271\" srcset=\"https:\/\/neuekarawane.de\/wp-content\/uploads\/2023\/09\/Lokalrundschau-150x150.jpg 150w, https:\/\/neuekarawane.de\/wp-content\/uploads\/2023\/09\/Lokalrundschau-300x300.jpg 300w, https:\/\/neuekarawane.de\/wp-content\/uploads\/2023\/09\/Lokalrundschau-1024x1024.jpg 1024w, https:\/\/neuekarawane.de\/wp-content\/uploads\/2023\/09\/Lokalrundschau-768x768.jpg 768w, https:\/\/neuekarawane.de\/wp-content\/uploads\/2023\/09\/Lokalrundschau-12x12.jpg 12w, https:\/\/neuekarawane.de\/wp-content\/uploads\/2023\/09\/Lokalrundschau.jpg 1280w\" sizes=\"(max-width: 150px) 100vw, 150px\" \/><\/a>\n\t\t\t<\/div>\n\t\t\t\t<figcaption class='wp-caption-text gallery-caption' id='gallery-1-3271'>\n\t\t\t\tLokalrundschau\n\t\t\t\t<\/figcaption><\/figure><figure class='gallery-item'>\n\t\t\t<div class='gallery-icon landscape'>\n\t\t\t\t<a data-elementor-open-lightbox=\"yes\" data-elementor-lightbox-slideshow=\"34221a9\" data-elementor-lightbox-title=\"42-j\u00e4hrige Fotos\" data-e-action-hash=\"#elementor-action%3Aaction%3Dlightbox%26settings%3DeyJpZCI6MzI3MCwidXJsIjoiaHR0cHM6XC9cL25ldWVrYXJhd2FuZS5kZVwvd3AtY29udGVudFwvdXBsb2Fkc1wvMjAyM1wvMDlcLzQyLWphZWhyaWdlLUZvdG9zLmpwZyIsInNsaWRlc2hvdyI6IjM0MjIxYTkifQ%3D%3D\" href='https:\/\/neuekarawane.de\/wp-content\/uploads\/2023\/09\/42-jaehrige-Fotos.jpg'><img loading=\"lazy\" decoding=\"async\" width=\"150\" height=\"150\" src=\"https:\/\/neuekarawane.de\/wp-content\/uploads\/2023\/09\/42-jaehrige-Fotos-150x150.jpg\" class=\"attachment-thumbnail size-thumbnail\" alt=\"\" aria-describedby=\"gallery-1-3270\" srcset=\"https:\/\/neuekarawane.de\/wp-content\/uploads\/2023\/09\/42-jaehrige-Fotos-150x150.jpg 150w, https:\/\/neuekarawane.de\/wp-content\/uploads\/2023\/09\/42-jaehrige-Fotos-300x300.jpg 300w, https:\/\/neuekarawane.de\/wp-content\/uploads\/2023\/09\/42-jaehrige-Fotos-1024x1024.jpg 1024w, https:\/\/neuekarawane.de\/wp-content\/uploads\/2023\/09\/42-jaehrige-Fotos-768x768.jpg 768w, https:\/\/neuekarawane.de\/wp-content\/uploads\/2023\/09\/42-jaehrige-Fotos-12x12.jpg 12w, https:\/\/neuekarawane.de\/wp-content\/uploads\/2023\/09\/42-jaehrige-Fotos.jpg 1280w\" sizes=\"(max-width: 150px) 100vw, 150px\" \/><\/a>\n\t\t\t<\/div>\n\t\t\t\t<figcaption class='wp-caption-text gallery-caption' id='gallery-1-3270'>\n\t\t\t\t42-j\u00e4hrige Fotos\n\t\t\t\t<\/figcaption><\/figure><figure class='gallery-item'>\n\t\t\t<div class='gallery-icon landscape'>\n\t\t\t\t<a data-elementor-open-lightbox=\"yes\" data-elementor-lightbox-slideshow=\"34221a9\" data-elementor-lightbox-title=\"an der sowjetischen Botschaft\" data-e-action-hash=\"#elementor-action%3Aaction%3Dlightbox%26settings%3DeyJpZCI6MzI3MiwidXJsIjoiaHR0cHM6XC9cL25ldWVrYXJhd2FuZS5kZVwvd3AtY29udGVudFwvdXBsb2Fkc1wvMjAyM1wvMDlcL2FuLWRlci1zb3dqZXRpc2NoZW4tQm90c2NoYWZ0LmpwZyIsInNsaWRlc2hvdyI6IjM0MjIxYTkifQ%3D%3D\" href='https:\/\/neuekarawane.de\/wp-content\/uploads\/2023\/09\/an-der-sowjetischen-Botschaft.jpg'><img loading=\"lazy\" decoding=\"async\" width=\"150\" height=\"150\" src=\"https:\/\/neuekarawane.de\/wp-content\/uploads\/2023\/09\/an-der-sowjetischen-Botschaft-150x150.jpg\" class=\"attachment-thumbnail size-thumbnail\" alt=\"\" aria-describedby=\"gallery-1-3272\" srcset=\"https:\/\/neuekarawane.de\/wp-content\/uploads\/2023\/09\/an-der-sowjetischen-Botschaft-150x150.jpg 150w, https:\/\/neuekarawane.de\/wp-content\/uploads\/2023\/09\/an-der-sowjetischen-Botschaft-300x300.jpg 300w, https:\/\/neuekarawane.de\/wp-content\/uploads\/2023\/09\/an-der-sowjetischen-Botschaft-1024x1024.jpg 1024w, https:\/\/neuekarawane.de\/wp-content\/uploads\/2023\/09\/an-der-sowjetischen-Botschaft-768x768.jpg 768w, https:\/\/neuekarawane.de\/wp-content\/uploads\/2023\/09\/an-der-sowjetischen-Botschaft-12x12.jpg 12w, https:\/\/neuekarawane.de\/wp-content\/uploads\/2023\/09\/an-der-sowjetischen-Botschaft.jpg 1280w\" sizes=\"(max-width: 150px) 100vw, 150px\" \/><\/a>\n\t\t\t<\/div>\n\t\t\t\t<figcaption class='wp-caption-text gallery-caption' id='gallery-1-3272'>\n\t\t\t\tan der sowjetischen Botschaft\n\t\t\t\t<\/figcaption><\/figure><figure class='gallery-item'>\n\t\t\t<div class='gallery-icon landscape'>\n\t\t\t\t<a data-elementor-open-lightbox=\"yes\" data-elementor-lightbox-slideshow=\"34221a9\" data-elementor-lightbox-title=\"die ganze Komsomolgruppe\" data-e-action-hash=\"#elementor-action%3Aaction%3Dlightbox%26settings%3DeyJpZCI6MzI3NCwidXJsIjoiaHR0cHM6XC9cL25ldWVrYXJhd2FuZS5kZVwvd3AtY29udGVudFwvdXBsb2Fkc1wvMjAyM1wvMDlcL2RpZS1nYW56ZS1Lb21zb21vbGdydXBwZS5qcGciLCJzbGlkZXNob3ciOiIzNDIyMWE5In0%3D\" href='https:\/\/neuekarawane.de\/wp-content\/uploads\/2023\/09\/die-ganze-Komsomolgruppe.jpg'><img loading=\"lazy\" decoding=\"async\" width=\"150\" height=\"150\" src=\"https:\/\/neuekarawane.de\/wp-content\/uploads\/2023\/09\/die-ganze-Komsomolgruppe-150x150.jpg\" class=\"attachment-thumbnail size-thumbnail\" alt=\"\" aria-describedby=\"gallery-1-3274\" srcset=\"https:\/\/neuekarawane.de\/wp-content\/uploads\/2023\/09\/die-ganze-Komsomolgruppe-150x150.jpg 150w, https:\/\/neuekarawane.de\/wp-content\/uploads\/2023\/09\/die-ganze-Komsomolgruppe-300x300.jpg 300w, https:\/\/neuekarawane.de\/wp-content\/uploads\/2023\/09\/die-ganze-Komsomolgruppe-1024x1024.jpg 1024w, https:\/\/neuekarawane.de\/wp-content\/uploads\/2023\/09\/die-ganze-Komsomolgruppe-768x768.jpg 768w, https:\/\/neuekarawane.de\/wp-content\/uploads\/2023\/09\/die-ganze-Komsomolgruppe-12x12.jpg 12w, https:\/\/neuekarawane.de\/wp-content\/uploads\/2023\/09\/die-ganze-Komsomolgruppe.jpg 1280w\" sizes=\"(max-width: 150px) 100vw, 150px\" \/><\/a>\n\t\t\t<\/div>\n\t\t\t\t<figcaption class='wp-caption-text gallery-caption' id='gallery-1-3274'>\n\t\t\t\tdie ganze Komsomolgruppe\n\t\t\t\t<\/figcaption><\/figure><figure class='gallery-item'>\n\t\t\t<div class='gallery-icon landscape'>\n\t\t\t\t<a data-elementor-open-lightbox=\"yes\" data-elementor-lightbox-slideshow=\"34221a9\" data-elementor-lightbox-title=\"Wladimir am Denkmal\" data-e-action-hash=\"#elementor-action%3Aaction%3Dlightbox%26settings%3DeyJpZCI6MzI3NSwidXJsIjoiaHR0cHM6XC9cL25ldWVrYXJhd2FuZS5kZVwvd3AtY29udGVudFwvdXBsb2Fkc1wvMjAyM1wvMDlcL1dsYWRpbWlyLWFtLURlbmttYWwuanBnIiwic2xpZGVzaG93IjoiMzQyMjFhOSJ9\" href='https:\/\/neuekarawane.de\/wp-content\/uploads\/2023\/09\/Wladimir-am-Denkmal.jpg'><img loading=\"lazy\" decoding=\"async\" width=\"150\" height=\"150\" src=\"https:\/\/neuekarawane.de\/wp-content\/uploads\/2023\/09\/Wladimir-am-Denkmal-150x150.jpg\" class=\"attachment-thumbnail size-thumbnail\" alt=\"\" aria-describedby=\"gallery-1-3275\" srcset=\"https:\/\/neuekarawane.de\/wp-content\/uploads\/2023\/09\/Wladimir-am-Denkmal-150x150.jpg 150w, https:\/\/neuekarawane.de\/wp-content\/uploads\/2023\/09\/Wladimir-am-Denkmal-300x300.jpg 300w, https:\/\/neuekarawane.de\/wp-content\/uploads\/2023\/09\/Wladimir-am-Denkmal-1024x1024.jpg 1024w, https:\/\/neuekarawane.de\/wp-content\/uploads\/2023\/09\/Wladimir-am-Denkmal-768x768.jpg 768w, https:\/\/neuekarawane.de\/wp-content\/uploads\/2023\/09\/Wladimir-am-Denkmal-12x12.jpg 12w, https:\/\/neuekarawane.de\/wp-content\/uploads\/2023\/09\/Wladimir-am-Denkmal.jpg 1280w\" sizes=\"(max-width: 150px) 100vw, 150px\" \/><\/a>\n\t\t\t<\/div>\n\t\t\t\t<figcaption class='wp-caption-text gallery-caption' id='gallery-1-3275'>\n\t\t\t\tWladimir am Denkmal\n\t\t\t\t<\/figcaption><\/figure><figure class='gallery-item'>\n\t\t\t<div class='gallery-icon landscape'>\n\t\t\t\t<a data-elementor-open-lightbox=\"yes\" data-elementor-lightbox-slideshow=\"34221a9\" data-elementor-lightbox-title=\"Blumen f\u00fcr das Andenken\" data-e-action-hash=\"#elementor-action%3Aaction%3Dlightbox%26settings%3DeyJpZCI6MzI3OCwidXJsIjoiaHR0cHM6XC9cL25ldWVrYXJhd2FuZS5kZVwvd3AtY29udGVudFwvdXBsb2Fkc1wvMjAyM1wvMDlcL3Bob3RvXzIwMjMtMDktMDFfMTAtMTctMTAuanBnIiwic2xpZGVzaG93IjoiMzQyMjFhOSJ9\" href='https:\/\/neuekarawane.de\/wp-content\/uploads\/2023\/09\/photo_2023-09-01_10-17-10.jpg'><img loading=\"lazy\" decoding=\"async\" width=\"150\" height=\"150\" src=\"https:\/\/neuekarawane.de\/wp-content\/uploads\/2023\/09\/photo_2023-09-01_10-17-10-150x150.jpg\" class=\"attachment-thumbnail size-thumbnail\" alt=\"\" aria-describedby=\"gallery-1-3278\" srcset=\"https:\/\/neuekarawane.de\/wp-content\/uploads\/2023\/09\/photo_2023-09-01_10-17-10-150x150.jpg 150w, https:\/\/neuekarawane.de\/wp-content\/uploads\/2023\/09\/photo_2023-09-01_10-17-10-300x300.jpg 300w, https:\/\/neuekarawane.de\/wp-content\/uploads\/2023\/09\/photo_2023-09-01_10-17-10-1024x1024.jpg 1024w, https:\/\/neuekarawane.de\/wp-content\/uploads\/2023\/09\/photo_2023-09-01_10-17-10-768x768.jpg 768w, https:\/\/neuekarawane.de\/wp-content\/uploads\/2023\/09\/photo_2023-09-01_10-17-10-12x12.jpg 12w, https:\/\/neuekarawane.de\/wp-content\/uploads\/2023\/09\/photo_2023-09-01_10-17-10.jpg 1280w\" sizes=\"(max-width: 150px) 100vw, 150px\" \/><\/a>\n\t\t\t<\/div>\n\t\t\t\t<figcaption class='wp-caption-text gallery-caption' id='gallery-1-3278'>\n\t\t\t\tBlumen f\u00fcr das Andenken\n\t\t\t\t<\/figcaption><\/figure><figure class='gallery-item'>\n\t\t\t<div class='gallery-icon landscape'>\n\t\t\t\t<a data-elementor-open-lightbox=\"yes\" data-elementor-lightbox-slideshow=\"34221a9\" data-elementor-lightbox-title=\"Diskussion\" data-e-action-hash=\"#elementor-action%3Aaction%3Dlightbox%26settings%3DeyJpZCI6MzI3NywidXJsIjoiaHR0cHM6XC9cL25ldWVrYXJhd2FuZS5kZVwvd3AtY29udGVudFwvdXBsb2Fkc1wvMjAyM1wvMDlcL3Bob3RvXzIwMjMtMDktMDFfMTAtMTctMTYuanBnIiwic2xpZGVzaG93IjoiMzQyMjFhOSJ9\" href='https:\/\/neuekarawane.de\/wp-content\/uploads\/2023\/09\/photo_2023-09-01_10-17-16.jpg'><img loading=\"lazy\" decoding=\"async\" width=\"150\" height=\"150\" src=\"https:\/\/neuekarawane.de\/wp-content\/uploads\/2023\/09\/photo_2023-09-01_10-17-16-150x150.jpg\" class=\"attachment-thumbnail size-thumbnail\" alt=\"\" aria-describedby=\"gallery-1-3277\" srcset=\"https:\/\/neuekarawane.de\/wp-content\/uploads\/2023\/09\/photo_2023-09-01_10-17-16-150x150.jpg 150w, https:\/\/neuekarawane.de\/wp-content\/uploads\/2023\/09\/photo_2023-09-01_10-17-16-300x300.jpg 300w, https:\/\/neuekarawane.de\/wp-content\/uploads\/2023\/09\/photo_2023-09-01_10-17-16-1024x1024.jpg 1024w, https:\/\/neuekarawane.de\/wp-content\/uploads\/2023\/09\/photo_2023-09-01_10-17-16-768x768.jpg 768w, https:\/\/neuekarawane.de\/wp-content\/uploads\/2023\/09\/photo_2023-09-01_10-17-16-12x12.jpg 12w, https:\/\/neuekarawane.de\/wp-content\/uploads\/2023\/09\/photo_2023-09-01_10-17-16.jpg 1280w\" sizes=\"(max-width: 150px) 100vw, 150px\" \/><\/a>\n\t\t\t<\/div>\n\t\t\t\t<figcaption class='wp-caption-text gallery-caption' id='gallery-1-3277'>\n\t\t\t\tDiskussion\n\t\t\t\t<\/figcaption><\/figure><figure class='gallery-item'>\n\t\t\t<div class='gallery-icon landscape'>\n\t\t\t\t<a data-elementor-open-lightbox=\"yes\" data-elementor-lightbox-slideshow=\"34221a9\" data-elementor-lightbox-title=\"Wladimir sp\u00e4ter als Busfahrer\" data-e-action-hash=\"#elementor-action%3Aaction%3Dlightbox%26settings%3DeyJpZCI6MzI3MywidXJsIjoiaHR0cHM6XC9cL25ldWVrYXJhd2FuZS5kZVwvd3AtY29udGVudFwvdXBsb2Fkc1wvMjAyM1wvMDlcL1dsYWRpbWlyLXNwYWV0ZXItYWxzLUJ1c2ZhaHJlci5qcGciLCJzbGlkZXNob3ciOiIzNDIyMWE5In0%3D\" href='https:\/\/neuekarawane.de\/wp-content\/uploads\/2023\/09\/Wladimir-spaeter-als-Busfahrer.jpg'><img loading=\"lazy\" decoding=\"async\" width=\"150\" height=\"150\" src=\"https:\/\/neuekarawane.de\/wp-content\/uploads\/2023\/09\/Wladimir-spaeter-als-Busfahrer-150x150.jpg\" class=\"attachment-thumbnail size-thumbnail\" alt=\"\" aria-describedby=\"gallery-1-3273\" srcset=\"https:\/\/neuekarawane.de\/wp-content\/uploads\/2023\/09\/Wladimir-spaeter-als-Busfahrer-150x150.jpg 150w, https:\/\/neuekarawane.de\/wp-content\/uploads\/2023\/09\/Wladimir-spaeter-als-Busfahrer-300x300.jpg 300w, https:\/\/neuekarawane.de\/wp-content\/uploads\/2023\/09\/Wladimir-spaeter-als-Busfahrer-1024x1024.jpg 1024w, https:\/\/neuekarawane.de\/wp-content\/uploads\/2023\/09\/Wladimir-spaeter-als-Busfahrer-768x768.jpg 768w, https:\/\/neuekarawane.de\/wp-content\/uploads\/2023\/09\/Wladimir-spaeter-als-Busfahrer-12x12.jpg 12w, https:\/\/neuekarawane.de\/wp-content\/uploads\/2023\/09\/Wladimir-spaeter-als-Busfahrer.jpg 1280w\" sizes=\"(max-width: 150px) 100vw, 150px\" \/><\/a>\n\t\t\t<\/div>\n\t\t\t\t<figcaption class='wp-caption-text gallery-caption' id='gallery-1-3273'>\n\t\t\t\tWladimir sp\u00e4ter als Busfahrer\n\t\t\t\t<\/figcaption><\/figure>\n\t\t<\/div>\n\t\t<\/div>\n\t\t\t\t\t\t<\/div>\n\t\t\t\t<\/div>\n\t\t\t\t\t<\/div>\n\t\t<\/div>\n\t\t\t\t\t<\/div>\n\t\t<\/section>\n\t\t\t\t<section class=\"elementor-section elementor-top-section elementor-element elementor-element-2e1e2d6 elementor-section-boxed elementor-section-height-default elementor-section-height-default wpr-particle-no wpr-jarallax-no wpr-parallax-no wpr-sticky-section-no wpr-equal-height-no\" data-id=\"2e1e2d6\" data-element_type=\"section\" data-e-type=\"section\">\n\t\t\t\t\t\t<div class=\"elementor-container elementor-column-gap-default\">\n\t\t\t\t\t<div class=\"elementor-column elementor-col-100 elementor-top-column elementor-element elementor-element-fe2c0fc\" data-id=\"fe2c0fc\" data-element_type=\"column\" data-e-type=\"column\">\n\t\t\t<div class=\"elementor-widget-wrap elementor-element-populated\">\n\t\t\t\t\t\t<div class=\"elementor-element elementor-element-f95c9ea elementor-widget elementor-widget-text-editor\" data-id=\"f95c9ea\" data-element_type=\"widget\" data-e-type=\"widget\" data-widget_type=\"text-editor.default\">\n\t\t\t\t<div class=\"elementor-widget-container\">\n\t\t\t\t\t\t\t\t\t<p>Eine \u00e4hnliche Episode schon am n\u00e4chsten Tag:<\/p><p>Gestern kam ein alter Mann direkt zu mir an die Wolga. Er fragte mich, ob mein Vater auch Soldat im Weltkrieg gewesen w\u00e4re. Er war noch Kind in dieser Zeit, aber sein Vater war Soldat in Wolgograd. Bei toten deutschen Soldaten h\u00e4tte man damals oft Feldbriefe gefunden. Briefe, die sie mit ihrem zuhause, die sie mit ihren Familien verbunden hatten. Sein Vater h\u00e4tte etliche dieser Briefe an sich genommen und sp\u00e4ter mit seinem Sohn dann \u00fcbersetzt. Und der Vater h\u00e4tte festgestellt, dass die deutschen Soldaten ja auch nur ganz normale Menschen waren, so wie er selbst auch. Kurz vor seinem Tod hat der Vater die Briefe ihm \u00fcbergeben. Und der alte Mann sagte mir, er wird sie eines Tages auch an seinen Sohn weitergeben.<br \/>Ich werde auch immer mal wieder von Wolgogradern gefragt, ob irgendwelche Menschen hier auch irgendwie b\u00f6se zu mir w\u00e4ren, ich w\u00e4re ja ein Deutscher. Ich kann ihnen aber immer wieder nur versichern, das mir so etwas noch mit niemandem hier passiert w\u00e4re.<\/p>\t\t\t\t\t\t\t\t<\/div>\n\t\t\t\t<\/div>\n\t\t\t\t\t<\/div>\n\t\t<\/div>\n\t\t\t\t\t<\/div>\n\t\t<\/section>\n\t\t\t\t<\/div>\n\t\t","protected":false},"excerpt":{"rendered":"<p>01.09.23 Weltfriedenstag und in Russland Schulanfang Fr\u00fch um 9 Uhr, ich bin gerade beim Kaffee kochen, klopft es. Ein 67-j\u00e4hriger Wladimir steht vor der T\u00fcr und begr\u00fc\u00dft mich. Er hat aus der Zeitung erfahren, dass ich fr\u00fcher schon einmal mit einem Freundschaftszug hier in Wolgograd war.Er erz\u00e4hlt mir, dass er 1981 auch mit einem Freundschftszug des Komsomol in Deutschland um Hannover herum gewesen war. Das besondere:Er legt mir aus dieser Zeit alte Zeitungen und Fotos vor und erz\u00e4hlt, wie sch\u00f6n diese Zeit war und wie jung er da noch gewesen ist vor 42 Jahren. Die Fotos sprechen wieder f\u00fcr sich. Er will mich am Montag noch einmal besuchen, jetzt hat er einen Termin in der Poliklinik &#8230; Wladimir an meinem Kaffeetisch Schl\u00fcssel der Freundschaft Lokalrundschau 42-j\u00e4hrige Fotos an der sowjetischen Botschaft die ganze Komsomolgruppe Wladimir am Denkmal Blumen f\u00fcr das Andenken Diskussion Wladimir sp\u00e4ter als Busfahrer Eine \u00e4hnliche Episode schon am n\u00e4chsten Tag: Gestern kam ein alter Mann direkt zu mir an die Wolga. Er fragte mich, ob mein Vater auch Soldat im Weltkrieg gewesen w\u00e4re. Er war noch Kind in dieser Zeit, aber sein Vater war Soldat in Wolgograd. Bei toten deutschen Soldaten h\u00e4tte man damals oft Feldbriefe gefunden. Briefe, die sie mit ihrem zuhause, die sie mit ihren Familien verbunden hatten. Sein Vater h\u00e4tte etliche dieser Briefe an sich genommen und sp\u00e4ter mit seinem Sohn dann \u00fcbersetzt. Und der Vater h\u00e4tte festgestellt, dass die deutschen Soldaten ja auch nur ganz normale Menschen waren, so wie er selbst auch. Kurz vor seinem Tod hat der Vater die Briefe ihm \u00fcbergeben. Und der alte Mann sagte mir, er wird sie eines Tages auch an seinen Sohn weitergeben.Ich werde auch immer mal wieder von Wolgogradern gefragt, ob irgendwelche Menschen hier auch irgendwie b\u00f6se zu mir w\u00e4ren, ich w\u00e4re ja ein Deutscher. Ich kann ihnen aber immer wieder nur versichern, das mir so etwas noch mit niemandem hier passiert w\u00e4re.<\/p>\n","protected":false},"author":1,"featured_media":0,"comment_status":"open","ping_status":"open","sticky":false,"template":"","format":"standard","meta":{"footnotes":""},"categories":[1],"tags":[],"class_list":["post-3267","post","type-post","status-publish","format-standard","hentry","category-allgemein"],"_links":{"self":[{"href":"http:\/\/neuekarawane.de\/de_de\/wp-json\/wp\/v2\/posts\/3267","targetHints":{"allow":["GET"]}}],"collection":[{"href":"http:\/\/neuekarawane.de\/de_de\/wp-json\/wp\/v2\/posts"}],"about":[{"href":"http:\/\/neuekarawane.de\/de_de\/wp-json\/wp\/v2\/types\/post"}],"author":[{"embeddable":true,"href":"http:\/\/neuekarawane.de\/de_de\/wp-json\/wp\/v2\/users\/1"}],"replies":[{"embeddable":true,"href":"http:\/\/neuekarawane.de\/de_de\/wp-json\/wp\/v2\/comments?post=3267"}],"version-history":[{"count":0,"href":"http:\/\/neuekarawane.de\/de_de\/wp-json\/wp\/v2\/posts\/3267\/revisions"}],"wp:attachment":[{"href":"http:\/\/neuekarawane.de\/de_de\/wp-json\/wp\/v2\/media?parent=3267"}],"wp:term":[{"taxonomy":"category","embeddable":true,"href":"http:\/\/neuekarawane.de\/de_de\/wp-json\/wp\/v2\/categories?post=3267"},{"taxonomy":"post_tag","embeddable":true,"href":"http:\/\/neuekarawane.de\/de_de\/wp-json\/wp\/v2\/tags?post=3267"}],"curies":[{"name":"wp","href":"https:\/\/api.w.org\/{rel}","templated":true}]}}